{"id":9946,"date":"2021-03-22T12:12:09","date_gmt":"2021-03-22T11:12:09","guid":{"rendered":"https:\/\/www.stadtwerke-osnabrueck.de\/blog\/?p=9946"},"modified":"2022-10-18T14:10:35","modified_gmt":"2022-10-18T12:10:35","slug":"schule-und-dann-ausbildung-zur-industriekauffrau","status":"publish","type":"post","link":"https:\/\/www.stadtwerke-osnabrueck.de\/blog\/2021\/03\/22\/schule-und-dann-ausbildung-zur-industriekauffrau\/","title":{"rendered":"Schule und dann? Ausbildung zur Industriekauffrau!"},"content":{"rendered":"<div id=\"pl-9946\"  class=\"panel-layout\" ><div id=\"pg-9946-0\"  class=\"panel-grid panel-no-style\" ><div id=\"pgc-9946-0-0\"  class=\"panel-grid-cell\" ><div id=\"panel-9946-0-0-0\" class=\"so-panel widget widget_sow-headline panel-first-child\" data-index=\"0\" ><div\n\t\t\t\n\t\t\tclass=\"so-widget-sow-headline so-widget-sow-headline-default-c3fb9b79a8c6-9946\"\n\t\t\t\n\t\t><div class=\"sow-headline-container \">\n\t\t\t\t\t\t\t<h2 class=\"sow-headline\">\n\t\t\t\t\t\tErfahrungsbericht einer Auszubildenden zur Industriekauffrau\t\t\t\t\t\t<\/h2>\n\t\t\t\t\t\t\t\t\t\t\t<div class=\"decoration\">\n\t\t\t\t\t\t<div class=\"decoration-inside\"><\/div>\n\t\t\t\t\t<\/div>\n\t\t\t\t\t<\/div>\n<\/div><\/div><div id=\"panel-9946-0-0-1\" class=\"so-panel widget widget_sow-editor panel-last-child\" data-index=\"1\" ><div\n\t\t\t\n\t\t\tclass=\"so-widget-sow-editor so-widget-sow-editor-base\"\n\t\t\t\n\t\t>\n<div class=\"siteorigin-widget-tinymce textwidget\">\n\t<p><strong>Melissa Goth macht eine Ausbildung zur Industriekauffrau bei den Stadtwerken. Die Entscheidung \"was tun nach der Schule?\" ist ihr allerdings zuerst nicht ganz leicht gefallen. Warum sie sich ganz bewusst f\u00fcr eine Ausbildung und f\u00fcr die Stadtwerke entschieden hat, hat sie uns hier erz\u00e4hlt:<\/strong><br \/>\n&nbsp;<\/p>\n<\/div>\n<\/div><\/div><\/div><\/div><div id=\"pg-9946-1\"  class=\"panel-grid panel-no-style\" ><div id=\"pgc-9946-1-0\"  class=\"panel-grid-cell\" ><div id=\"panel-9946-1-0-0\" class=\"so-panel widget widget_sow-editor panel-first-child panel-last-child\" data-index=\"2\" ><div\n\t\t\t\n\t\t\tclass=\"so-widget-sow-editor so-widget-sow-editor-base\"\n\t\t\t\n\t\t><h3 class=\"widget-title\">Schule und was dann?<\/h3>\n<div class=\"siteorigin-widget-tinymce textwidget\">\n\t<p>Diese Frage stellen sich vermutlich viele Sch\u00fclerinnen und Sch\u00fcler. Mache ich eine Ausbildung, studiere ich? Und wenn ich anfange, es dann aber nicht mag? Ich habe mir diese Frage auch gestellt, sogar zweimal. Zuerst habe ich meinen Realschulabschluss absolviert. Ich wurde von vielen gefragt, was ich danach machen wollte, doch ich wusste es noch nicht. Es gibt so viele M\u00f6glichkeiten.<\/p>\n<p>Deshalb entschied ich mich mit dem Abitur zu beginnen, um einerseits noch mehr und andere M\u00f6glichkeiten sowie Zeit zur Entscheidungsfindung zu haben. <strong>Als ich das dann aber auch geschafft hatte, kam die gleiche Frage wieder: Was mache ich?<\/strong><\/p>\n<blockquote><p>Es fiel mir nicht leicht, mich direkt festzulegen. Nat\u00fcrlich hatte ich meine Vorstellungen was ich gerne machen w\u00fcrde, aber was w\u00e4re, wenn ich mich direkt spezialisieren w\u00fcrde und dann merken w\u00fcrde, dass es mir doch nicht gef\u00e4llt?<\/p><\/blockquote>\n<p>Die <a href=\"https:\/\/www.stadtwerke-osnabrueck.de\/karriere\/fuer-schueler-innen\" target=\"_blank\" rel=\"noopener\">Ausbildung zur Industriekauffrau bei den Stadtwerken Osnabr\u00fcck<\/a> erwies sich deshalb f\u00fcr mich als die beste Wahl. Ich hatte eine Ausbildung gefunden, bei der ich mich noch nicht direkt spezialisieren musste. <strong>Denn hier bei den Stadtwerken durchlaufen wir Azubis viele verschiedene Abteilungen und k\u00f6nnen dadurch feststellen, was uns am besten liegt.<\/strong> Danach haben wir immer noch die Chance zu studieren. Nat\u00fcrlich ist klar, dass die Ausbildung im B\u00fcro stattfindet, doch ich kann sp\u00e4ter selber feststellen, welches Themengebiet mich am meisten interessiert. Ob es nun Marketing, Prozess- und Projektmanagement oder vielleicht doch die Finanzbuchhaltung ist.<\/p>\n<p>Da die Stadtwerke Osnabr\u00fcck in ihrer Vision fest verankert hat, dass sie die Lebensqualit\u00e4t der Menschen verbessern m\u00f6chte, schien das Unternehmen geradezu perfekt f\u00fcr mich zu sein. Denn ich bin schon immer sehr hilfsbereit gewesen und habe mich sozial engagiert. Jetzt helfe ich t\u00e4glich dabei die Lebensqualit\u00e4t der Menschen zu verbessern.<\/p>\n<p><strong>Am Anfang war es allerdings schon merkw\u00fcrdig. Alle meine Freunde wollten studieren. F\u00fcr eine Ausbildung entschieden sich die wenigsten in meinem Jahrgang, aber ich war trotzdem gl\u00fccklich.<\/strong><\/p>\n<p><strong><br \/>\n<\/strong><\/p>\n<\/div>\n<\/div><\/div><\/div><\/div><div id=\"pg-9946-2\"  class=\"panel-grid panel-no-style\" ><div id=\"pgc-9946-2-0\"  class=\"panel-grid-cell\" ><div id=\"panel-9946-2-0-0\" class=\"so-panel widget widget_sow-editor panel-first-child panel-last-child\" data-index=\"3\" ><div\n\t\t\t\n\t\t\tclass=\"so-widget-sow-editor so-widget-sow-editor-base\"\n\t\t\t\n\t\t>\n<div class=\"siteorigin-widget-tinymce textwidget\">\n\t<p><div id=\"attachment_9952\" style=\"width: 760px\" class=\"wp-caption aligncenter\"><a href=\"https:\/\/www.stadtwerke-osnabrueck.de\/blog\/wp-content\/uploads\/2021\/02\/DSC_7320.jpg\" rel=\"lightbox\"><img aria-describedby=\"caption-attachment-9952\" decoding=\"async\" class=\"wp-image-9952 size-medium\" src=\"https:\/\/www.stadtwerke-osnabrueck.de\/blog\/wp-content\/uploads\/2021\/02\/DSC_7320-750x500.jpg\" alt=\"Ausbildung Industriekauffrau\" width=\"750\" height=\"500\" srcset=\"https:\/\/www.stadtwerke-osnabrueck.de\/blog\/wp-content\/uploads\/2021\/02\/DSC_7320-750x500.jpg 750w, https:\/\/www.stadtwerke-osnabrueck.de\/blog\/wp-content\/uploads\/2021\/02\/DSC_7320.jpg 1920w, https:\/\/www.stadtwerke-osnabrueck.de\/blog\/wp-content\/uploads\/2021\/02\/DSC_7320-768x512.jpg 768w, https:\/\/www.stadtwerke-osnabrueck.de\/blog\/wp-content\/uploads\/2021\/02\/DSC_7320-1536x1024.jpg 1536w, https:\/\/www.stadtwerke-osnabrueck.de\/blog\/wp-content\/uploads\/2021\/02\/DSC_7320-272x182.jpg 272w\" sizes=\"(max-width: 750px) 100vw, 750px\" \/><\/a><p id=\"caption-attachment-9952\" class=\"wp-caption-text\">Melissa Goth (rechts) mit zwei ihrer Azubi-Kollegen.<\/p><\/div><br \/>\n&nbsp;<\/p>\n<\/div>\n<\/div><\/div><\/div><\/div><div id=\"pg-9946-3\"  class=\"panel-grid panel-no-style\" ><div id=\"pgc-9946-3-0\"  class=\"panel-grid-cell\" ><div id=\"panel-9946-3-0-0\" class=\"so-panel widget widget_sow-editor panel-first-child\" data-index=\"4\" ><div\n\t\t\t\n\t\t\tclass=\"so-widget-sow-editor so-widget-sow-editor-base\"\n\t\t\t\n\t\t><h3 class=\"widget-title\">Doch wie ist die Ausbildung bei den Stadtwerken eigentlich?<\/h3>\n<div class=\"siteorigin-widget-tinymce textwidget\">\n\t<p>Als Azubis haben wir gute Voraussetzungen bei den Stadtwerken. Abgesehen von den vielen Vorteilen: faire Verg\u00fctung, Gleitzeit, Parkpl\u00e4tze, Kantine usw., habe ich die Menschlichkeit in diesem Unternehmen sehr zu sch\u00e4tzen gelernt. <strong>Egal wo ich bisher eingesetzt war oder ob ich einfach nur \u00fcber den Hof gegangen bin, von jedem Mitarbeiter werde ich mit einem freundlichen \u201eMahlzeit\u201c gegr\u00fc\u00dft.<\/strong><\/p>\n<\/div>\n<\/div><\/div><div id=\"panel-9946-3-0-1\" class=\"so-panel widget widget_sow-editor panel-last-child\" data-index=\"5\" ><div\n\t\t\t\n\t\t\tclass=\"so-widget-sow-editor so-widget-sow-editor-base\"\n\t\t\t\n\t\t><h3 class=\"widget-title\">Hat sich durch Corona etwas ver\u00e4ndert?<\/h3>\n<div class=\"siteorigin-widget-tinymce textwidget\">\n\t<p>Corona betrifft jedes Unternehmen in irgendeiner Form und so hat sich nat\u00fcrlich auch bei den Stadtwerken einiges ge\u00e4ndert. Gemeinsames Fr\u00fchst\u00fccken und Mittagessen mit den Azubis ist nicht mehr m\u00f6glich. Stattdessen sitzen wir alleine am Arbeitsplatz und machen Mittag. Auch unser Azubi-Projekt leidet darunter. Ihr fragt euch bestimmt, was es mit dem \u201eAzubi-Projekt\u201c auf sich hat:<\/p>\n<blockquote><p>Fast jedes Jahr gibt es bei den Stadtwerken ein Projekt, an dem Azubis beteiligt sind. Dieses Jahr ist es ein Projekt nur f\u00fcr uns. Wir d\u00fcrfen unseren eigenen Azubiraum erstellen und gestalten.<\/p><\/blockquote>\n<p>Das soll zum einen als Lerneffekt dienen und zum anderen ist es eine tolle M\u00f6glichkeit f\u00fcr uns und st\u00e4rkt den Zusammenhalt der Azubis. Wir d\u00fcrfen dabei selber entscheiden und erstellen das Konzept ganz alleine. Doch nat\u00fcrlich haben wir immer Ansprechpartner an der Seite, die uns tatkr\u00e4ftig unterst\u00fctzen, wenn sie ben\u00f6tigt werden.<br \/>\n&nbsp;<\/p>\n<\/div>\n<\/div><\/div><\/div><\/div><div id=\"pg-9946-4\"  class=\"panel-grid panel-no-style\" ><div id=\"pgc-9946-4-0\"  class=\"panel-grid-cell\" ><div id=\"panel-9946-4-0-0\" class=\"so-panel widget widget_sow-editor panel-first-child panel-last-child\" data-index=\"6\" ><div\n\t\t\t\n\t\t\tclass=\"so-widget-sow-editor so-widget-sow-editor-base\"\n\t\t\t\n\t\t>\n<div class=\"siteorigin-widget-tinymce textwidget\">\n\t<p><div id=\"attachment_10008\" style=\"width: 760px\" class=\"wp-caption aligncenter\"><a href=\"https:\/\/www.stadtwerke-osnabrueck.de\/blog\/wp-content\/uploads\/2021\/03\/DSC_7733.jpg\" rel=\"lightbox\"><img aria-describedby=\"caption-attachment-10008\" decoding=\"async\" class=\"wp-image-10008 size-medium\" src=\"https:\/\/www.stadtwerke-osnabrueck.de\/blog\/wp-content\/uploads\/2021\/03\/DSC_7733-750x500.jpg\" alt=\"Ausbildungsberuf Industriekauffrau\" width=\"750\" height=\"500\" srcset=\"https:\/\/www.stadtwerke-osnabrueck.de\/blog\/wp-content\/uploads\/2021\/03\/DSC_7733-750x500.jpg 750w, https:\/\/www.stadtwerke-osnabrueck.de\/blog\/wp-content\/uploads\/2021\/03\/DSC_7733.jpg 1920w, https:\/\/www.stadtwerke-osnabrueck.de\/blog\/wp-content\/uploads\/2021\/03\/DSC_7733-768x512.jpg 768w, https:\/\/www.stadtwerke-osnabrueck.de\/blog\/wp-content\/uploads\/2021\/03\/DSC_7733-1536x1024.jpg 1536w, https:\/\/www.stadtwerke-osnabrueck.de\/blog\/wp-content\/uploads\/2021\/03\/DSC_7733-272x182.jpg 272w\" sizes=\"(max-width: 750px) 100vw, 750px\" \/><\/a><p id=\"caption-attachment-10008\" class=\"wp-caption-text\">Melissa gef\u00e4llt vor allem die Vielf\u00e4ltigkeit ihrer Ausbildung.<\/p><\/div><br \/>\n&nbsp;<\/p>\n<\/div>\n<\/div><\/div><\/div><\/div><div id=\"pg-9946-5\"  class=\"panel-grid panel-no-style\" ><div id=\"pgc-9946-5-0\"  class=\"panel-grid-cell\" ><div id=\"panel-9946-5-0-0\" class=\"so-panel widget widget_sow-editor panel-first-child panel-last-child\" data-index=\"7\" ><div\n\t\t\t\n\t\t\tclass=\"so-widget-sow-editor so-widget-sow-editor-base\"\n\t\t\t\n\t\t><h3 class=\"widget-title\">Wie geht es weiter?<\/h3>\n<div class=\"siteorigin-widget-tinymce textwidget\">\n\t<p>Ich bin jetzt im 2. Ausbildungsjahr. Ein Jahr habe ich also noch bis zum Abschluss meiner Ausbildung. Ich bin gespannt welche spannenden Erfahrungen und Abteilungen mir bei den Stadtwerken noch begegnen werden und freue mich auf die Zukunft!<\/p>\n<blockquote><p>\u2026vielleicht werdet ihr ja auch bald schon ein Teil der Stadtwerke Osnabr\u00fcck.<br \/>\n&nbsp;<\/p><\/blockquote>\n<\/div>\n<\/div><\/div><\/div><\/div><div id=\"pg-9946-6\"  class=\"panel-grid panel-no-style\" ><div id=\"pgc-9946-6-0\"  class=\"panel-grid-cell\" ><div id=\"panel-9946-6-0-0\" class=\"so-panel widget widget_sow-editor panel-first-child panel-last-child\" data-index=\"8\" ><div class=\"panel-widget-style panel-widget-style-for-9946-6-0-0\" ><div\n\t\t\t\n\t\t\tclass=\"so-widget-sow-editor so-widget-sow-editor-base\"\n\t\t\t\n\t\t><h3 class=\"widget-title\">Neugierig geworden?<\/h3>\n<div class=\"siteorigin-widget-tinymce textwidget\">\n\t<p>Mehr Infos zur Ausbildung bei den Stadtwerken findet ihr unter <a href=\"http:\/\/www.swo.de\/ausbildung\" target=\"_blank\" rel=\"noopener\">www.swo.de\/ausbildung<\/a>. Aktuelle Stellenangebote gibt es immer unter <a href=\"http:\/\/www.swo.de\/stellenangebote\" target=\"_blank\" rel=\"noopener\">www.swo.de\/stellenangebote<\/a> Schaut doch mal vorbei \ud83d\ude42<\/p>\n<\/div>\n<\/div><\/div><\/div><\/div><\/div><\/div>","protected":false},"excerpt":{"rendered":"<p>Schule und was dann? Diese Frage besch\u00e4ftigt irgendwann jeden. Melissa Goth berichtet, warum sie sich f\u00fcr eine Ausbildung zur Industriekauffrau bei den Stadtwerken entschieden hat.<\/p>\n","protected":false},"author":3,"featured_media":10007,"comment_status":"open","ping_status":"closed","sticky":false,"template":"","format":"standard","meta":{"footnotes":""},"categories":[98],"tags":[203,12,9],"class_list":["post-9946","post","type-post","status-publish","format-standard","has-post-thumbnail","hentry","category-naehkaestchen","tag-ausbildung","tag-mitarbeiter","tag-osnabrueck"],"aioseo_notices":[],"_links":{"self":[{"href":"https:\/\/www.stadtwerke-osnabrueck.de\/blog\/wp-json\/wp\/v2\/posts\/9946","targetHints":{"allow":["GET"]}}],"collection":[{"href":"https:\/\/www.stadtwerke-osnabrueck.de\/blog\/wp-json\/wp\/v2\/posts"}],"about":[{"href":"https:\/\/www.stadtwerke-osnabrueck.de\/blog\/wp-json\/wp\/v2\/types\/post"}],"author":[{"embeddable":true,"href":"https:\/\/www.stadtwerke-osnabrueck.de\/blog\/wp-json\/wp\/v2\/users\/3"}],"replies":[{"embeddable":true,"href":"https:\/\/www.stadtwerke-osnabrueck.de\/blog\/wp-json\/wp\/v2\/comments?post=9946"}],"version-history":[{"count":0,"href":"https:\/\/www.stadtwerke-osnabrueck.de\/blog\/wp-json\/wp\/v2\/posts\/9946\/revisions"}],"wp:featuredmedia":[{"embeddable":true,"href":"https:\/\/www.stadtwerke-osnabrueck.de\/blog\/wp-json\/wp\/v2\/media\/10007"}],"wp:attachment":[{"href":"https:\/\/www.stadtwerke-osnabrueck.de\/blog\/wp-json\/wp\/v2\/media?parent=9946"}],"wp:term":[{"taxonomy":"category","embeddable":true,"href":"https:\/\/www.stadtwerke-osnabrueck.de\/blog\/wp-json\/wp\/v2\/categories?post=9946"},{"taxonomy":"post_tag","embeddable":true,"href":"https:\/\/www.stadtwerke-osnabrueck.de\/blog\/wp-json\/wp\/v2\/tags?post=9946"}],"curies":[{"name":"wp","href":"https:\/\/api.w.org\/{rel}","templated":true}]}}