{"id":7705,"date":"2019-05-09T16:11:11","date_gmt":"2019-05-09T14:11:11","guid":{"rendered":"https:\/\/www.stadtwerke-osnabrueck.de\/blog\/?p=7705"},"modified":"2022-10-18T15:11:14","modified_gmt":"2022-10-18T13:11:14","slug":"besuch-aus-der-tuerkei-e-bus-engagement-ohne-grenzen","status":"publish","type":"post","link":"https:\/\/www.stadtwerke-osnabrueck.de\/blog\/2019\/05\/09\/besuch-aus-der-tuerkei-e-bus-engagement-ohne-grenzen\/","title":{"rendered":"Besuch aus der T\u00fcrkei: E-Bus-Engagement ohne Grenzen"},"content":{"rendered":"<div id=\"pl-7705\"  class=\"panel-layout\" ><div id=\"pg-7705-0\"  class=\"panel-grid panel-no-style\" ><div id=\"pgc-7705-0-0\"  class=\"panel-grid-cell\" ><div id=\"panel-7705-0-0-0\" class=\"so-panel widget widget_sow-editor panel-first-child panel-last-child\" data-index=\"0\" ><div\n\t\t\t\n\t\t\tclass=\"so-widget-sow-editor so-widget-sow-editor-base\"\n\t\t\t\n\t\t>\n<div class=\"siteorigin-widget-tinymce textwidget\">\n\t<p><strong>Umwelt- und Klimaschutz \u2013 ein Thema, das derzeit hohe Aufmerksamkeit erf\u00e4hrt: nicht nur in Osnabr\u00fcck, nicht nur in Deutschland, sondern auch in fernen L\u00e4ndern. So beispielsweise auch in \u00c7anakkale, wo man sich f\u00fcr das E-Bus-System in Osnabr\u00fcck interessiert.<\/strong><\/p>\n<\/div>\n<\/div><\/div><\/div><\/div><div id=\"pg-7705-1\"  class=\"panel-grid panel-no-style\" ><div id=\"pgc-7705-1-0\"  class=\"panel-grid-cell\" ><div id=\"panel-7705-1-0-0\" class=\"so-panel widget widget_sow-editor panel-first-child panel-last-child\" data-index=\"1\" ><div\n\t\t\t\n\t\t\tclass=\"so-widget-sow-editor so-widget-sow-editor-base\"\n\t\t\t\n\t\t>\n<div class=\"siteorigin-widget-tinymce textwidget\">\n\t<p>Haben Sie gewusst, dass \u00c7anakkale im Nordwesten der T\u00fcrkei eine Partnerstadt von Osnabr\u00fcck ist? Und das bereits seit Mai 2004! Seither pflegen beide St\u00e4dte eine freundschaftliche Beziehung. Ziel ist der Austausch zu kulturellen und wirtschaftlichen Themen. Heute ist eine elfk\u00f6pfige Delegation unter Leitung von Oberb\u00fcrgermeister \u00dclg\u00fcr G\u00f6khan aus \u00c7anakkale auf dem Betriebshof der Stadtwerke zu Besuch \u2013\u00a0 dabei mit im Gep\u00e4ck: Vorfreude, Spannung und ein Gastgeschenk f\u00fcr den Stadtwerke-Mobilit\u00e4tsvorstand Dr. Stephan Rolfes.<\/p>\n<\/div>\n<\/div><\/div><\/div><\/div><div id=\"pg-7705-2\"  class=\"panel-grid panel-no-style\" ><div id=\"pgc-7705-2-0\"  class=\"panel-grid-cell\" ><div id=\"panel-7705-2-0-0\" class=\"so-panel widget widget_sow-editor panel-first-child panel-last-child\" data-index=\"2\" ><div\n\t\t\t\n\t\t\tclass=\"so-widget-sow-editor so-widget-sow-editor-base\"\n\t\t\t\n\t\t>\n<div class=\"siteorigin-widget-tinymce textwidget\">\n\t<p><img decoding=\"async\" class=\"alignnone size-medium wp-image-7707\" src=\"https:\/\/www.stadtwerke-osnabrueck.de\/blog\/wp-content\/uploads\/2019\/05\/besuch-aus-canakkale-1920x1283.jpg\" alt=\"\" width=\"750\" height=\"501\" srcset=\"https:\/\/www.stadtwerke-osnabrueck.de\/blog\/wp-content\/uploads\/2019\/05\/besuch-aus-canakkale-1920x1283.jpg 1920w, https:\/\/www.stadtwerke-osnabrueck.de\/blog\/wp-content\/uploads\/2019\/05\/besuch-aus-canakkale-750x501.jpg 750w, https:\/\/www.stadtwerke-osnabrueck.de\/blog\/wp-content\/uploads\/2019\/05\/besuch-aus-canakkale-768x513.jpg 768w, https:\/\/www.stadtwerke-osnabrueck.de\/blog\/wp-content\/uploads\/2019\/05\/besuch-aus-canakkale-1536x1026.jpg 1536w, https:\/\/www.stadtwerke-osnabrueck.de\/blog\/wp-content\/uploads\/2019\/05\/besuch-aus-canakkale-272x182.jpg 272w, https:\/\/www.stadtwerke-osnabrueck.de\/blog\/wp-content\/uploads\/2019\/05\/besuch-aus-canakkale.jpg 2000w\" sizes=\"(max-width: 750px) 100vw, 750px\" \/><\/p>\n<\/div>\n<\/div><\/div><\/div><\/div><div id=\"pg-7705-3\"  class=\"panel-grid panel-no-style\" ><div id=\"pgc-7705-3-0\"  class=\"panel-grid-cell\" ><div id=\"panel-7705-3-0-0\" class=\"so-panel widget widget_sow-editor panel-first-child panel-last-child\" data-index=\"3\" ><div\n\t\t\t\n\t\t\tclass=\"so-widget-sow-editor so-widget-sow-editor-base\"\n\t\t\t\n\t\t>\n<div class=\"siteorigin-widget-tinymce textwidget\">\n\t<blockquote>\n<p>\u201eAuch in \u00c7anakkale sind Umwelt- und Klimaschutz sowie Nachhaltigkeit wichtige Themen. Aktuell gibt es \u00dcberlegungen, E-Busse anzuschaffen, um die Luftqualit\u00e4t zu verbessern\u201c, so Joachim Kossow, Stadtwerke-E-Bus-Projektleiter.<\/p>\n<\/blockquote>\n<p>\u201eWir konnten inzwischen einige Erfahrungswerte mit unserem neuen E-Bus-System sammeln und freuen uns, unser Wissen an unsere t\u00fcrkischen Partner weitergeben zu k\u00f6nnen\u201c, so Kossow weiter. \u00dcbrigens haben auch wir uns vor rund acht Jahren bei einer unserer Partnerst\u00e4dte, n\u00e4mlich in Angers im Westen Frankreichs, zum Thema Mobilit\u00e4t informiert. So werden die St\u00e4dtepartnerschaften auch im Bereich Mobilit\u00e4t gelebt.<\/p>\n<\/div>\n<\/div><\/div><\/div><\/div><div id=\"pg-7705-4\"  class=\"panel-grid panel-no-style\" ><div id=\"pgc-7705-4-0\"  class=\"panel-grid-cell\" ><div id=\"panel-7705-4-0-0\" class=\"so-panel widget widget_sow-editor panel-first-child panel-last-child\" data-index=\"4\" ><div\n\t\t\t\n\t\t\tclass=\"so-widget-sow-editor so-widget-sow-editor-base\"\n\t\t\t\n\t\t>\n<div class=\"siteorigin-widget-tinymce textwidget\">\n\t<p><img decoding=\"async\" class=\"alignnone size-medium wp-image-7708\" src=\"https:\/\/www.stadtwerke-osnabrueck.de\/blog\/wp-content\/uploads\/2019\/05\/Oberbuergermeister-uelguer-Goekhan-und-Stadtwerke-Mobilitaetsvorstand-Stephan-Rolfes-2-1920x1283.jpg\" alt=\"\" width=\"750\" height=\"501\" srcset=\"https:\/\/www.stadtwerke-osnabrueck.de\/blog\/wp-content\/uploads\/2019\/05\/Oberbuergermeister-uelguer-Goekhan-und-Stadtwerke-Mobilitaetsvorstand-Stephan-Rolfes-2-1920x1283.jpg 1920w, https:\/\/www.stadtwerke-osnabrueck.de\/blog\/wp-content\/uploads\/2019\/05\/Oberbuergermeister-uelguer-Goekhan-und-Stadtwerke-Mobilitaetsvorstand-Stephan-Rolfes-2-750x501.jpg 750w, https:\/\/www.stadtwerke-osnabrueck.de\/blog\/wp-content\/uploads\/2019\/05\/Oberbuergermeister-uelguer-Goekhan-und-Stadtwerke-Mobilitaetsvorstand-Stephan-Rolfes-2-768x513.jpg 768w, https:\/\/www.stadtwerke-osnabrueck.de\/blog\/wp-content\/uploads\/2019\/05\/Oberbuergermeister-uelguer-Goekhan-und-Stadtwerke-Mobilitaetsvorstand-Stephan-Rolfes-2-1536x1026.jpg 1536w, https:\/\/www.stadtwerke-osnabrueck.de\/blog\/wp-content\/uploads\/2019\/05\/Oberbuergermeister-uelguer-Goekhan-und-Stadtwerke-Mobilitaetsvorstand-Stephan-Rolfes-2-272x182.jpg 272w, https:\/\/www.stadtwerke-osnabrueck.de\/blog\/wp-content\/uploads\/2019\/05\/Oberbuergermeister-uelguer-Goekhan-und-Stadtwerke-Mobilitaetsvorstand-Stephan-Rolfes-2.jpg 2000w\" sizes=\"(max-width: 750px) 100vw, 750px\" \/><\/p>\n<\/div>\n<\/div><\/div><\/div><\/div><div id=\"pg-7705-5\"  class=\"panel-grid panel-no-style\" ><div id=\"pgc-7705-5-0\"  class=\"panel-grid-cell\" ><div id=\"panel-7705-5-0-0\" class=\"so-panel widget widget_sow-editor panel-first-child panel-last-child\" data-index=\"5\" ><div\n\t\t\t\n\t\t\tclass=\"so-widget-sow-editor so-widget-sow-editor-base\"\n\t\t\t\n\t\t>\n<div class=\"siteorigin-widget-tinymce textwidget\">\n\t<p>F\u00fcr unsere G\u00e4ste aus der T\u00fcrkei ist heute volles Programm angesagt. Um die E-Busse bzw. das gesamte System verstehen zu k\u00f6nnen, galt zun\u00e4chst: Theorie \u201epauken\u201c. Auf eine Pr\u00e4sentation zum E-Bus-System mit Fragen und Antworten folgt nun der praktische Teil: eine F\u00fchrung \u00fcber den Busbetriebshof. Dabei ist nat\u00fcrlich der Blick in die Leitstelle und in die Werkstatt besonders spannend f\u00fcr unsere t\u00fcrkischen Partner. Anschlie\u00dfend steht die Besichtigung der E-Bus-Endwende in Haste Ost auf dem Programm. Und na klar: Eine Fahrt mit einem der neuen E-Busse der Stadtwerke Osnabr\u00fcck ist auch noch drin.<\/p>\n<p>Mit vielen neuen Eindr\u00fccken werden sich unsere G\u00e4ste aus \u00c7anakkale dann am Abend verabschieden. Doch bevor es wieder in Richtung Heimat geht, steht ein weiterer Termin auf dem Programm: Die Er\u00f6ffnung der Maiwoche am 10. Mai. So lohnt sich der Besuch in Osnabr\u00fcck gleich doppelt.<\/p>\n<\/div>\n<\/div><\/div><\/div><\/div><\/div>","protected":false},"excerpt":{"rendered":"<p>Umwelt- und Klimaschutz \u2013 ein Thema, das derzeit hohe Aufmerksamkeit erf\u00e4hrt: nicht nur in Osnabr\u00fcck, nicht nur in Deutschland, sondern auch in fernen L\u00e4ndern. So beispielsweise auch in \u00c7anakkale, wo man sich f\u00fcr das E-Bus-System in Osnabr\u00fcck interessiert. Haben Sie gewusst, dass \u00c7anakkale im Nordwesten der T\u00fcrkei eine Partnerstadt von Osnabr\u00fcck ist? Und das bereits [&hellip;]<\/p>\n","protected":false},"author":3,"featured_media":7706,"comment_status":"open","ping_status":"closed","sticky":false,"template":"","format":"standard","meta":{"footnotes":""},"categories":[101],"tags":[458,70,9],"class_list":["post-7705","post","type-post","status-publish","format-standard","has-post-thumbnail","hentry","category-hautnah","tag-e-mobilitaet","tag-mobilitaet","tag-osnabrueck"],"aioseo_notices":[],"_links":{"self":[{"href":"https:\/\/www.stadtwerke-osnabrueck.de\/blog\/wp-json\/wp\/v2\/posts\/7705","targetHints":{"allow":["GET"]}}],"collection":[{"href":"https:\/\/www.stadtwerke-osnabrueck.de\/blog\/wp-json\/wp\/v2\/posts"}],"about":[{"href":"https:\/\/www.stadtwerke-osnabrueck.de\/blog\/wp-json\/wp\/v2\/types\/post"}],"author":[{"embeddable":true,"href":"https:\/\/www.stadtwerke-osnabrueck.de\/blog\/wp-json\/wp\/v2\/users\/3"}],"replies":[{"embeddable":true,"href":"https:\/\/www.stadtwerke-osnabrueck.de\/blog\/wp-json\/wp\/v2\/comments?post=7705"}],"version-history":[{"count":0,"href":"https:\/\/www.stadtwerke-osnabrueck.de\/blog\/wp-json\/wp\/v2\/posts\/7705\/revisions"}],"wp:featuredmedia":[{"embeddable":true,"href":"https:\/\/www.stadtwerke-osnabrueck.de\/blog\/wp-json\/wp\/v2\/media\/7706"}],"wp:attachment":[{"href":"https:\/\/www.stadtwerke-osnabrueck.de\/blog\/wp-json\/wp\/v2\/media?parent=7705"}],"wp:term":[{"taxonomy":"category","embeddable":true,"href":"https:\/\/www.stadtwerke-osnabrueck.de\/blog\/wp-json\/wp\/v2\/categories?post=7705"},{"taxonomy":"post_tag","embeddable":true,"href":"https:\/\/www.stadtwerke-osnabrueck.de\/blog\/wp-json\/wp\/v2\/tags?post=7705"}],"curies":[{"name":"wp","href":"https:\/\/api.w.org\/{rel}","templated":true}]}}