{"id":7621,"date":"2019-04-18T10:53:07","date_gmt":"2019-04-18T08:53:07","guid":{"rendered":"https:\/\/www.stadtwerke-osnabrueck.de\/blog\/?p=7621"},"modified":"2022-10-18T15:11:42","modified_gmt":"2022-10-18T13:11:42","slug":"wenn-strassenleuchten-laufen-und-sprechen-lernen","status":"publish","type":"post","link":"https:\/\/www.stadtwerke-osnabrueck.de\/blog\/2019\/04\/18\/wenn-strassenleuchten-laufen-und-sprechen-lernen\/","title":{"rendered":"Wenn Stra\u00dfenleuchten \u201elaufen\u201c und \u201esprechen\u201c lernen\u2026"},"content":{"rendered":"<div id=\"pl-7621\"  class=\"panel-layout\" ><div id=\"pg-7621-0\"  class=\"panel-grid panel-no-style\" ><div id=\"pgc-7621-0-0\"  class=\"panel-grid-cell\" ><div id=\"panel-7621-0-0-0\" class=\"so-panel widget widget_sow-editor panel-first-child panel-last-child\" data-index=\"0\" ><div\n\t\t\t\n\t\t\tclass=\"so-widget-sow-editor so-widget-sow-editor-base\"\n\t\t\t\n\t\t>\n<div class=\"siteorigin-widget-tinymce textwidget\">\n\t<p><strong>\u201eMitlaufende\u201c und \u201esprechende\u201c Stra\u00dfenleuchten? Wo gibt es denn sowas? N\u00e4her als so manch einer denkt: Der neue Radschnellweg an der Schlachthofstra\u00dfe ist mit einem solch innovativen Stra\u00dfenbeleuchtungssystem ausgestattet. Ich habe mich bei unserem Experten Alexander Jaspers schlau gemacht, was das eigentlich bedeutet und was die Leuchten so alles k\u00f6nnen.<\/strong><\/p>\n<\/div>\n<\/div><\/div><\/div><\/div><div id=\"pg-7621-1\"  class=\"panel-grid panel-no-style\" ><div id=\"pgc-7621-1-0\"  class=\"panel-grid-cell\" ><div id=\"panel-7621-1-0-0\" class=\"so-panel widget widget_sow-editor panel-first-child panel-last-child\" data-index=\"1\" ><div\n\t\t\t\n\t\t\tclass=\"so-widget-sow-editor so-widget-sow-editor-base\"\n\t\t\t\n\t\t>\n<div class=\"siteorigin-widget-tinymce textwidget\">\n\t<p>Alexander Jaspers kennt sie alle: Die neuesten Trends in der Stra\u00dfenbeleuchtung. Als Mitarbeiter bei der SWO Netz ist er Ansprechpartner f\u00fcr die Planung der \u00f6ffentlichen Stra\u00dfenbeleuchtung in Osnabr\u00fcck \u2013 und damit verantwortlich f\u00fcr rund 23.900 Leuchten. Gerade liegt sein Augenmerk aber auf 20 ganz besonderen Stra\u00dfenlaternen. An der Schlachthofstra\u00dfe, genauer gesagt zwischen KME und der Halle Gartlage, befindet sich ein Pilotprojekt f\u00fcr \u201emitlaufende\u201c Stra\u00dfenleuchten oder anders gesagt, f\u00fcr das \u201eLicht-an-Licht-aus-Prinzip\u201c. Das Besondere:<\/p>\n<blockquote><p>Die Stra\u00dfenlaternen sind im Ruhezustand auf ein Minimum von 10% Leuchtkraft reduziert. Nur so, dass der Radweg erkennbar ist. Erst wenn sich ein Radfahrer \u2013 oder nat\u00fcrlich auch Fu\u00dfg\u00e4nger \u2013 n\u00e4hert, schalten sie automatisch auf die volle Leuchtkraft von 100%.<\/p><\/blockquote>\n<p>&nbsp;<\/p>\n<\/div>\n<\/div><\/div><\/div><\/div><div id=\"pg-7621-2\"  class=\"panel-grid panel-no-style\" ><div id=\"pgc-7621-2-0\"  class=\"panel-grid-cell\" ><div id=\"panel-7621-2-0-0\" class=\"so-panel widget widget_sow-editor panel-first-child panel-last-child\" data-index=\"2\" ><div\n\t\t\t\n\t\t\tclass=\"so-widget-sow-editor so-widget-sow-editor-base\"\n\t\t\t\n\t\t><h3 class=\"widget-title\">Licht an, Licht aus \u2013 je nach Bedarf<\/h3>\n<div class=\"siteorigin-widget-tinymce textwidget\">\n\t<p>\u201eDie Stra\u00dfenlaternen sind mit einem Bewegungsmelder ausgestattet\u201c, erkl\u00e4rt Alexander Jaspers. <strong>\u201eN\u00e4hert sich ein Radfahrer, l\u00f6st er ein Signal aus und die Stra\u00dfenlaterne schaltet sich an.\u201c<\/strong> Gleichzeitig wird den folgenden zwei Stra\u00dfenlaternen ebenfalls gemeldet sich anzuschalten und so weiter und so weiter. \u201eAlso sprechen die Stra\u00dfenlaternen quasi miteinander?\u201c, frage ich den Fachmann. Alexander Jaspers sieht mich etwas irritiert an: \u201eNa ja, sowas in der Art.\u201c Gut, technisch steckt da nat\u00fcrlich wesentlich mehr hinter \u2013 aber im Grunde ist es so am einfachsten zu erkl\u00e4ren.<\/p>\n<p>Insgesamt bleibt die Leuchte f\u00fcr genau 30 Sekunden auf voller Leistung \u2013 sollte sich in der Zwischenzeit kein weiterer Radfahrer n\u00e4hern. Dann dimmt sie automatisch zur\u00fcck auf 10%. Nur die beiden Leuchten am Anfang und am Ende des Teilst\u00fcckes leuchten in voller Kraft, \u201eum zu zeigen, dass sich hier ein Radweg befindet\u201c, erkl\u00e4rt Alexander Jaspers.<\/p>\n<p>&nbsp;<\/p>\n<\/div>\n<\/div><\/div><\/div><\/div><div id=\"pg-7621-3\"  class=\"panel-grid panel-no-style\" ><div id=\"pgc-7621-3-0\"  class=\"panel-grid-cell\" ><div id=\"panel-7621-3-0-0\" class=\"so-panel widget widget_sow-editor panel-first-child panel-last-child\" data-index=\"3\" ><div\n\t\t\t\n\t\t\tclass=\"so-widget-sow-editor so-widget-sow-editor-base\"\n\t\t\t\n\t\t>\n<div class=\"siteorigin-widget-tinymce textwidget\">\n\t<div id=\"attachment_7669\" style=\"width: 760px\" class=\"wp-caption aligncenter\"><a href=\"https:\/\/www.stadtwerke-osnabrueck.de\/blog\/wp-content\/uploads\/2019\/04\/strassenbeleuchtung-schlachthofstrasse-002.jpg\" rel=\"lightbox\"><img aria-describedby=\"caption-attachment-7669\" decoding=\"async\" class=\"wp-image-7669 size-medium\" src=\"https:\/\/www.stadtwerke-osnabrueck.de\/blog\/wp-content\/uploads\/2019\/04\/strassenbeleuchtung-schlachthofstrasse-002-750x501.jpg\" alt=\"Stra\u00dfenbeleuchtung Radschnellweg\" width=\"750\" height=\"501\" srcset=\"https:\/\/www.stadtwerke-osnabrueck.de\/blog\/wp-content\/uploads\/2019\/04\/strassenbeleuchtung-schlachthofstrasse-002-750x501.jpg 750w, https:\/\/www.stadtwerke-osnabrueck.de\/blog\/wp-content\/uploads\/2019\/04\/strassenbeleuchtung-schlachthofstrasse-002-768x513.jpg 768w, https:\/\/www.stadtwerke-osnabrueck.de\/blog\/wp-content\/uploads\/2019\/04\/strassenbeleuchtung-schlachthofstrasse-002-1920x1283.jpg 1920w, https:\/\/www.stadtwerke-osnabrueck.de\/blog\/wp-content\/uploads\/2019\/04\/strassenbeleuchtung-schlachthofstrasse-002-272x182.jpg 272w, https:\/\/www.stadtwerke-osnabrueck.de\/blog\/wp-content\/uploads\/2019\/04\/strassenbeleuchtung-schlachthofstrasse-002.jpg 2000w\" sizes=\"(max-width: 750px) 100vw, 750px\" \/><\/a><p id=\"caption-attachment-7669\" class=\"wp-caption-text\">Dieser kleine \"Kasten\" unter der Leuchte ist der Bewegungsmelder und sorgt gleichzeitig f\u00fcr die Kommunikation zwischen den Stra\u00dfenlaternen.<\/p><\/div>\n<p>&nbsp;<\/p>\n<\/div>\n<\/div><\/div><\/div><\/div><div id=\"pg-7621-4\"  class=\"panel-grid panel-no-style\" ><div id=\"pgc-7621-4-0\"  class=\"panel-grid-cell\" ><div id=\"panel-7621-4-0-0\" class=\"so-panel widget widget_sow-editor panel-first-child panel-last-child\" data-index=\"4\" ><div\n\t\t\t\n\t\t\tclass=\"so-widget-sow-editor so-widget-sow-editor-base\"\n\t\t\t\n\t\t><h3 class=\"widget-title\">Alles auf einen Blick<\/h3>\n<div class=\"siteorigin-widget-tinymce textwidget\">\n\t<div id=\"attachment_7668\" style=\"width: 370px\" class=\"wp-caption alignleft\"><a href=\"https:\/\/www.stadtwerke-osnabrueck.de\/blog\/wp-content\/uploads\/2019\/04\/strassenbeleuchtung-schlachthofstrasse-003.jpg\" rel=\"lightbox\"><img aria-describedby=\"caption-attachment-7668\" decoding=\"async\" class=\"wp-image-7668 size-thumbnail\" src=\"https:\/\/www.stadtwerke-osnabrueck.de\/blog\/wp-content\/uploads\/2019\/04\/strassenbeleuchtung-schlachthofstrasse-003-360x360.jpg\" alt=\"Stra\u00dfenbeleuchtung Radschnellweg Technik\" width=\"360\" height=\"360\" \/><\/a><p id=\"caption-attachment-7668\" class=\"wp-caption-text\">Auf seinem Monitor kann Alexander Jaspers die Leuchten individuell einstellen.<\/p><\/div>\n<p>&nbsp;<\/p>\n<\/div>\n<\/div><\/div><\/div><div id=\"pgc-7621-4-1\"  class=\"panel-grid-cell\" ><div id=\"panel-7621-4-1-0\" class=\"so-panel widget widget_sow-editor panel-first-child panel-last-child\" data-index=\"5\" ><div\n\t\t\t\n\t\t\tclass=\"so-widget-sow-editor so-widget-sow-editor-base\"\n\t\t\t\n\t\t>\n<div class=\"siteorigin-widget-tinymce textwidget\">\n\t<p>&nbsp;<\/p>\n<p>&nbsp;<\/p>\n<p>Was hier so einfach klingt, hat Alexander Jaspers im Vorfeld viel M\u00fche und \u00dcberlegungen gekostet. \u201eBei der Planung mussten wir uns nat\u00fcrlich an gewisse Vorgaben halten: In welchem Abstand stehen die Leuchten zu einander? Welche Leuchtst\u00e4rke wird ben\u00f6tigt?\u201c, so Jaspers. <strong>Auf seinem Monitor hat er alles Blick:<\/strong> Wann gehen die Leuchten an? Wie lange haben sie insgesamt geleuchtet? Welche Leuchten werden am meisten frequentiert? Wie viel Energie kann durch die neue Technik gespart werden?<\/p>\n<\/div>\n<\/div><\/div><\/div><\/div><div id=\"pg-7621-5\"  class=\"panel-grid panel-no-style\" ><div id=\"pgc-7621-5-0\"  class=\"panel-grid-cell\" ><div id=\"panel-7621-5-0-0\" class=\"so-panel widget widget_sow-editor panel-first-child panel-last-child\" data-index=\"6\" ><div\n\t\t\t\n\t\t\tclass=\"so-widget-sow-editor so-widget-sow-editor-base\"\n\t\t\t\n\t\t>\n<div class=\"siteorigin-widget-tinymce textwidget\">\n\t<p><strong>Und warum das Ganze?<\/strong> \u201eNeben den normalen Standardleuchten, die nur zu festgelegten Zeiten von 100% auf 50% gedimmt werden k\u00f6nnen, gibt es zahlreiche weitere Leuchtm\u00f6glichkeiten\u201c, erkl\u00e4rt mir Jaspers die gro\u00dfe, weite Welt der Stra\u00dfenleuchten. \u201eEs gibt f\u00fcr jede Gelegenheit das richtige Licht und damit auch die richtige Leuchte.\u201c Eine gro\u00dfe Rolle spielt dabei neben Energieeinsparungen auch das Thema Lichtverschmutzung \u2013 also die Abwesenheit v\u00f6lliger Dunkelheit durch k\u00fcnstliche Lichtquellen.<\/p>\n<blockquote>\n<p>\u00bbMit dem Licht-an-Licht-aus-Prinzip wird die Beleuchtung nur dann eingeschaltet, wenn sie ben\u00f6tigt wird. Ansonsten wird die Beleuchtung auf ein Minimum reduziert.\u00ab<\/p>\n<\/blockquote>\n<p>&nbsp;<\/p>\n<\/div>\n<\/div><\/div><\/div><\/div><div id=\"pg-7621-6\"  class=\"panel-grid panel-no-style\" ><div id=\"pgc-7621-6-0\"  class=\"panel-grid-cell\" ><div id=\"panel-7621-6-0-0\" class=\"so-panel widget widget_sow-editor panel-first-child panel-last-child\" data-index=\"7\" ><div\n\t\t\t\n\t\t\tclass=\"so-widget-sow-editor so-widget-sow-editor-base\"\n\t\t\t\n\t\t>\n<div class=\"siteorigin-widget-tinymce textwidget\">\n\t<div id=\"attachment_7679\" style=\"width: 370px\" class=\"wp-caption alignleft\"><a href=\"https:\/\/www.stadtwerke-osnabrueck.de\/blog\/wp-content\/uploads\/2019\/04\/strassenbeleuchtung-schlachthofstrasse-004.jpg\" rel=\"lightbox\"><img aria-describedby=\"caption-attachment-7679\" decoding=\"async\" class=\"wp-image-7679 size-thumbnail\" src=\"https:\/\/www.stadtwerke-osnabrueck.de\/blog\/wp-content\/uploads\/2019\/04\/strassenbeleuchtung-schlachthofstrasse-004-360x360.jpg\" alt=\"Stra\u00dfenbeleuchtung Schlachthofstra\u00dfe Fu\u00dfg\u00e4nger\u00fcberweg\" width=\"360\" height=\"360\" \/><\/a><p id=\"caption-attachment-7679\" class=\"wp-caption-text\">Auch der Fu\u00dfg\u00e4nger\u00fcberweg weist eine Besonderheit auf: Dank amberfarbenem LED-Licht ist der \u00dcbergang besonders gut erkennbar.<\/p><\/div>\n<p>&nbsp;<\/p>\n<\/div>\n<\/div><\/div><\/div><div id=\"pgc-7621-6-1\"  class=\"panel-grid-cell\" ><div id=\"panel-7621-6-1-0\" class=\"so-panel widget widget_sow-editor panel-first-child panel-last-child\" data-index=\"8\" ><div\n\t\t\t\n\t\t\tclass=\"so-widget-sow-editor so-widget-sow-editor-base\"\n\t\t\t\n\t\t>\n<div class=\"siteorigin-widget-tinymce textwidget\">\n\t<div id=\"attachment_7670\" style=\"width: 370px\" class=\"wp-caption alignright\"><a href=\"https:\/\/www.stadtwerke-osnabrueck.de\/blog\/wp-content\/uploads\/2019\/04\/fussgaengerbeleuchtung-duestruep-alexander-jaspers.jpg\" rel=\"lightbox\"><img aria-describedby=\"caption-attachment-7670\" decoding=\"async\" class=\"wp-image-7670 size-thumbnail\" src=\"https:\/\/www.stadtwerke-osnabrueck.de\/blog\/wp-content\/uploads\/2019\/04\/fussgaengerbeleuchtung-duestruep-alexander-jaspers-360x360.jpg\" alt=\"\" width=\"360\" height=\"360\" \/><\/a><p id=\"caption-attachment-7670\" class=\"wp-caption-text\">Der ganze Effekt des amberfarbenen Lichts kommt nat\u00fcrlich im Dunkeln zur Geltung. Hier am Kreisel in D\u00fcstrup, der ebenfalls mit der besonderen Beleuchtung ausgestattet ist.<\/p><\/div>\n<p>&nbsp;<\/p>\n<\/div>\n<\/div><\/div><\/div><\/div><div id=\"pg-7621-7\"  class=\"panel-grid panel-no-style\" ><div id=\"pgc-7621-7-0\"  class=\"panel-grid-cell\" ><div id=\"panel-7621-7-0-0\" class=\"so-panel widget widget_sow-editor panel-first-child panel-last-child\" data-index=\"9\" ><div\n\t\t\t\n\t\t\tclass=\"so-widget-sow-editor so-widget-sow-editor-base\"\n\t\t\t\n\t\t><h3 class=\"widget-title\">Das n\u00e4chste Projekt steht schon in den Startl\u00f6chern<\/h3>\n<div class=\"siteorigin-widget-tinymce textwidget\">\n\t<p>Alexander Jaspers ist derweil schon mit dem n\u00e4chsten Projekt besch\u00e4ftigt: Anfang\/Mitte April werden auch \u201emitlaufende\u201c Stra\u00dfenlaternen am H\u00f6rner Weg montiert und voraussichtlich bis Anfang Mai programmiert und in Betrieb genommen. \u201eDas Prinzip ist das Gleiche: Die Leuchten reagieren auf die Bewegung und schalten sich automatisch an und wieder aus.\u201c<\/p>\n<p><strong>Eine Bitte hat der Fachmann da \u00fcbrigens noch an alle, die das Teilst\u00fcck an der Schlachthofstra\u00dfe schon \u201eerfahren\u201c haben: \u201eEs handelt sich um ein Pilotprojekt und Vieles wird von uns noch erprobt und getestet: Wir freuen uns dabei \u00fcber R\u00fcckmeldung!\u201c, so Jaspers.<\/strong><\/p>\n<\/div>\n<\/div><\/div><\/div><\/div><\/div>","protected":false},"excerpt":{"rendered":"<p>\u201eMitlaufende\u201c und \u201esprechende\u201c Stra\u00dfenleuchten? Wo gibt es denn sowas? Der neue Radschnellweg an der Schlachthofstra\u00dfe ist mit einem solch innovativen Stra\u00dfenbeleuchtungssystem ausgestattet. Wir haben bei unserem Experten nachgefragt.<\/p>\n","protected":false},"author":3,"featured_media":7666,"comment_status":"open","ping_status":"closed","sticky":false,"template":"","format":"standard","meta":{"footnotes":""},"categories":[100],"tags":[48,538,408,125],"class_list":["post-7621","post","type-post","status-publish","format-standard","has-post-thumbnail","hentry","category-zoom","tag-energie","tag-smart-city","tag-strassenbeleuchtung","tag-swo-netz"],"aioseo_notices":[],"_links":{"self":[{"href":"https:\/\/www.stadtwerke-osnabrueck.de\/blog\/wp-json\/wp\/v2\/posts\/7621","targetHints":{"allow":["GET"]}}],"collection":[{"href":"https:\/\/www.stadtwerke-osnabrueck.de\/blog\/wp-json\/wp\/v2\/posts"}],"about":[{"href":"https:\/\/www.stadtwerke-osnabrueck.de\/blog\/wp-json\/wp\/v2\/types\/post"}],"author":[{"embeddable":true,"href":"https:\/\/www.stadtwerke-osnabrueck.de\/blog\/wp-json\/wp\/v2\/users\/3"}],"replies":[{"embeddable":true,"href":"https:\/\/www.stadtwerke-osnabrueck.de\/blog\/wp-json\/wp\/v2\/comments?post=7621"}],"version-history":[{"count":0,"href":"https:\/\/www.stadtwerke-osnabrueck.de\/blog\/wp-json\/wp\/v2\/posts\/7621\/revisions"}],"wp:featuredmedia":[{"embeddable":true,"href":"https:\/\/www.stadtwerke-osnabrueck.de\/blog\/wp-json\/wp\/v2\/media\/7666"}],"wp:attachment":[{"href":"https:\/\/www.stadtwerke-osnabrueck.de\/blog\/wp-json\/wp\/v2\/media?parent=7621"}],"wp:term":[{"taxonomy":"category","embeddable":true,"href":"https:\/\/www.stadtwerke-osnabrueck.de\/blog\/wp-json\/wp\/v2\/categories?post=7621"},{"taxonomy":"post_tag","embeddable":true,"href":"https:\/\/www.stadtwerke-osnabrueck.de\/blog\/wp-json\/wp\/v2\/tags?post=7621"}],"curies":[{"name":"wp","href":"https:\/\/api.w.org\/{rel}","templated":true}]}}