{"id":6982,"date":"2018-09-24T09:22:38","date_gmt":"2018-09-24T07:22:38","guid":{"rendered":"https:\/\/www.stadtwerke-osnabrueck.de\/blog\/?p=6982"},"modified":"2022-10-18T16:15:30","modified_gmt":"2022-10-18T14:15:30","slug":"e-busse-in-osnabrueck-der-countdown-laeuft","status":"publish","type":"post","link":"https:\/\/www.stadtwerke-osnabrueck.de\/blog\/2018\/09\/24\/e-busse-in-osnabrueck-der-countdown-laeuft\/","title":{"rendered":"Elektrobusse in Osnabr\u00fcck, der Countdown l\u00e4uft"},"content":{"rendered":"<div id=\"pl-6982\"  class=\"panel-layout\"><div id=\"pg-6982-0\"  class=\"panel-grid panel-no-style\"><div id=\"pgc-6982-0-0\"  class=\"panel-grid-cell\"><div id=\"panel-6982-0-0-0\" class=\"so-panel widget widget_sow-editor panel-first-child panel-last-child\" data-index=\"0\"><div\n\t\t\t\n\t\t\tclass=\"so-widget-sow-editor so-widget-sow-editor-base\">\n<div class=\"siteorigin-widget-tinymce textwidget\">\n\t<h2>Stadtwerke-Delegation auf Fertigungsbesuch im VDL-Werk<\/h2>\n<p>Der Countdown f\u00fcr die Anlieferung der neuen <a href=\"https:\/\/www.stadtwerke-osnabrueck.de\/elektromobilitaet\/elektrobusse\" target=\"_blank\" rel=\"noopener noreferrer\">Osnabr\u00fccker E-Busse<\/a> l\u00e4uft. Die ersten der 13 von den Stadtwerken bestellten Fahrzeuge vom Typ Citea SLFA-181 Electric werden im Laufe des Monats Oktober eintreffen. <\/p><\/div><\/div><\/div><\/div><\/div><\/div><p> <a href=\"https:\/\/www.stadtwerke-osnabrueck.de\/blog\/2018\/09\/24\/e-busse-in-osnabrueck-der-countdown-laeuft\/#more-6982\" class=\"more-link\">Weiterlesen<\/a><\/p>","protected":false},"excerpt":{"rendered":"<p>Stadtwerke-Delegation auf Fertigungsbesuch im VDL-Werk Der Countdown f\u00fcr die Anlieferung der neuen Osnabr\u00fccker E-Busse l\u00e4uft. Die ersten der 13 von den Stadtwerken bestellten Fahrzeuge vom Typ Citea SLFA-181 Electric werden im Laufe des Monats Oktober eintreffen.<\/p>\n","protected":false},"author":3,"featured_media":7004,"comment_status":"open","ping_status":"closed","sticky":false,"template":"","format":"standard","meta":{"footnotes":""},"categories":[98],"tags":[458,90,70,9],"class_list":["post-6982","post","type-post","status-publish","format-standard","has-post-thumbnail","hentry","category-naehkaestchen","tag-e-mobilitaet","tag-elektromobilitaet","tag-mobilitaet","tag-osnabrueck"],"aioseo_notices":[],"_links":{"self":[{"href":"https:\/\/www.stadtwerke-osnabrueck.de\/blog\/wp-json\/wp\/v2\/posts\/6982","targetHints":{"allow":["GET"]}}],"collection":[{"href":"https:\/\/www.stadtwerke-osnabrueck.de\/blog\/wp-json\/wp\/v2\/posts"}],"about":[{"href":"https:\/\/www.stadtwerke-osnabrueck.de\/blog\/wp-json\/wp\/v2\/types\/post"}],"author":[{"embeddable":true,"href":"https:\/\/www.stadtwerke-osnabrueck.de\/blog\/wp-json\/wp\/v2\/users\/3"}],"replies":[{"embeddable":true,"href":"https:\/\/www.stadtwerke-osnabrueck.de\/blog\/wp-json\/wp\/v2\/comments?post=6982"}],"version-history":[{"count":0,"href":"https:\/\/www.stadtwerke-osnabrueck.de\/blog\/wp-json\/wp\/v2\/posts\/6982\/revisions"}],"wp:featuredmedia":[{"embeddable":true,"href":"https:\/\/www.stadtwerke-osnabrueck.de\/blog\/wp-json\/wp\/v2\/media\/7004"}],"wp:attachment":[{"href":"https:\/\/www.stadtwerke-osnabrueck.de\/blog\/wp-json\/wp\/v2\/media?parent=6982"}],"wp:term":[{"taxonomy":"category","embeddable":true,"href":"https:\/\/www.stadtwerke-osnabrueck.de\/blog\/wp-json\/wp\/v2\/categories?post=6982"},{"taxonomy":"post_tag","embeddable":true,"href":"https:\/\/www.stadtwerke-osnabrueck.de\/blog\/wp-json\/wp\/v2\/tags?post=6982"}],"curies":[{"name":"wp","href":"https:\/\/api.w.org\/{rel}","templated":true}]}}