{"id":5271,"date":"2017-11-29T16:30:19","date_gmt":"2017-11-29T15:30:19","guid":{"rendered":"https:\/\/www.stadtwerke-osnabrueck.de\/blog\/?p=5271"},"modified":"2023-12-05T19:24:54","modified_gmt":"2023-12-05T18:24:54","slug":"klimacent-knipst-im-waldkindergarten-das-licht-an","status":"publish","type":"post","link":"https:\/\/www.stadtwerke-osnabrueck.de\/blog\/2017\/11\/29\/klimacent-knipst-im-waldkindergarten-das-licht-an\/","title":{"rendered":"Klimacent knipst im Waldkindergarten das Licht an"},"content":{"rendered":"<p>\u201eDas war schon ein besonderes Projekt\u201c, lacht Sven Kiesow aus dem Bereich Energiedienstleistungen der Stadtwerke Osnabr\u00fcck, als er sich gemeinsam mit den Erzieherinnen und Kinder des Waldkindergartens der HHO das \u201eWerk\u201c anschaut: Ein 0,8 x 1,10 m gro\u00dfes Solar-Panel, dass an den Bauwagen des Kindergartens angebracht ist. \u201eNormalerweise haben die H\u00e4user, die wir mit <a href=\"https:\/\/www.stadtwerke-osnabrueck.de\/unternehmen\/verantwortung-regenerative-energie-erzeugung-photovoltaikanlagen\">Photovoltaikanlagen<\/a> ausstatten,\u00a0 ja schon Strom und die Kilowattstunden, die durch die Sonne erzeugt werden, werden entweder selbst verbraucht oder eingespeist.\u201c<\/p>\n<div id=\"attachment_5276\" style=\"width: 430px\" class=\"wp-caption alignleft\"><img decoding=\"async\" aria-describedby=\"caption-attachment-5276\" class=\"wp-image-5276\" src=\"https:\/\/www.stadtwerke-osnabrueck.de\/blog\/wp-content\/uploads\/2017\/11\/P1010538-750x563.jpg\" alt=\"\" width=\"420\" height=\"316\" srcset=\"https:\/\/www.stadtwerke-osnabrueck.de\/blog\/wp-content\/uploads\/2017\/11\/P1010538-750x563.jpg 750w, https:\/\/www.stadtwerke-osnabrueck.de\/blog\/wp-content\/uploads\/2017\/11\/P1010538-768x576.jpg 768w, https:\/\/www.stadtwerke-osnabrueck.de\/blog\/wp-content\/uploads\/2017\/11\/P1010538.jpg 1920w\" sizes=\"(max-width: 420px) 100vw, 420px\" \/><p id=\"caption-attachment-5276\" class=\"wp-caption-text\">So sieht das neue Solarpanel aus.<\/p><\/div>\n<p><strong>Beim Waldkindergarten war das anders:<\/strong> Das Leben spielt sich hier gr\u00f6\u00dftenteils drau\u00dfen ab, auf einem Spielgel\u00e4nde in einem Mischwald, der fast sieben Fu\u00dfballfelder gro\u00df ist. Zum Ausruhen nach dem Buden- und Br\u00fcckenbauen oder bei Regenschauern kommen die Kleinen in ihren rot gestrichenen m\u00f6blierten Bauwagen. Der ist zwar jetzt schon urgem\u00fctlich mit den vielen Kunstwerken der Kinder an den W\u00e4nden, aber eins hat bisher gefehlt \u2013 Strom.<\/p>\n<blockquote><p>\u00bbDeswegen haben wir vorher mit den Erzieherinnen gesprochen, wof\u00fcr die Energie des Solarpanels genau genutzt werden soll, und haben uns dann daran gemacht, ein eigenes <a href=\"https:\/\/www.stadtwerke-osnabrueck.de\/blog\/2017\/08\/23\/was-ist-eigentlich-der-osnabruecker-klimacent\/\" target=\"_blank\" rel=\"noopener noreferrer\">\u201eSonnek\u00fcken-Paket\u201c<\/a> f\u00fcr den Waldkindergarten zusammenzustellen\u00ab, so Kiesow.<\/p><\/blockquote>\n<p>Mitget\u00fcftelt hat dabei auch Carsten Tiedemann. \u201eDas wichtigste ist nat\u00fcrlich das Solarpanel. Da haben wir uns f\u00fcr eins entschieden, dass auch viele \u201eExtrem-Camper\u201c nutzen. Daran ist ein kleiner Wechselrichter angeschlossen, der den Solarstrom umwandelt und nutzbar macht. \u00dcber den kann man dann durch ein zus\u00e4tzliches Modul auch schauen, wie viel Strom das Panel gerade erzeugt. <strong>Die Energie wandert dann in eine Batterie, damit man auch bei tr\u00fcbem Wetter eine Stromreserve hat.<\/strong><\/p>\n<p>Von ihr kann man die Energie \u201eabzapfen\u201c. Dazu haben wir Adapter f\u00fcr verschiedene Ger\u00e4te zusammengestellt: Die klassische Steckdose, das USB-Kabel etc.\u201c So kann die Kindergartengruppe jetzt zum Beispiel im Bauwagen Musik h\u00f6ren. Mit im Paket ist auch eine Camping-Lampe, die bei schlechtem Wetter angeknipst werden kann. Und noch einen angenehmen Nebeneffekt hat das neue Solarpanel: Die Kinder k\u00f6nnen sich dort jetzt, wie unter einem kleinen Abdach, unterstellen.<\/p>\n<div id=\"attachment_5274\" style=\"width: 760px\" class=\"wp-caption alignright\"><img decoding=\"async\" aria-describedby=\"caption-attachment-5274\" class=\"wp-image-5274 size-medium\" src=\"https:\/\/www.stadtwerke-osnabrueck.de\/blog\/wp-content\/uploads\/2017\/11\/hier_Waldkindergarten_020-750x499.jpg\" alt=\"\" width=\"750\" height=\"499\" srcset=\"https:\/\/www.stadtwerke-osnabrueck.de\/blog\/wp-content\/uploads\/2017\/11\/hier_Waldkindergarten_020-750x499.jpg 750w, https:\/\/www.stadtwerke-osnabrueck.de\/blog\/wp-content\/uploads\/2017\/11\/hier_Waldkindergarten_020-768x511.jpg 768w, https:\/\/www.stadtwerke-osnabrueck.de\/blog\/wp-content\/uploads\/2017\/11\/hier_Waldkindergarten_020.jpg 1920w, https:\/\/www.stadtwerke-osnabrueck.de\/blog\/wp-content\/uploads\/2017\/11\/hier_Waldkindergarten_020-272x182.jpg 272w\" sizes=\"(max-width: 750px) 100vw, 750px\" \/><p id=\"caption-attachment-5274\" class=\"wp-caption-text\">Die Kinder vor ihrem Bauwagen mit neuem Solarpanel.<\/p><\/div>\n<blockquote><p>\u00bbUns hat das Aust\u00fcfteln des Sonnek\u00fcken-Pakets f\u00fcr den Waldkindergarten sehr viel Spa\u00df gemacht\u00ab, sind sich Kiesow und Tiedemann einig.<\/p><\/blockquote>\n<p>\u201eToll war dann besonders, wie begeistert die Kleinen von ihrer eigenen Solaranlage sind. Sie haben viele gute Fragen gestellt und waren sehr interessiert, wie genau die Sonne ihre neue Beleuchtung anknipst.\u201c<\/p>\n<p><strong>Die Solaranlage am Waldkindergarten wurde im Rahmen unserer Sonnek\u00fcken-Kampagne aus unserem Klimacent-Topf realisiert.<\/strong><\/p>\n","protected":false},"excerpt":{"rendered":"<p>Der Waldkindergarten in Osnabr\u00fcck hat ein Solarpanel bekommen &#8211; dank der Aktion &#8222;F\u00fcr Sonnek\u00fcken&#8220; und dem Klimacent der Stadtwerke. Wir haben den Aufbau begleitet und uns den Fragen der Kinder gestellt.<\/p>\n","protected":false},"author":4,"featured_media":5346,"comment_status":"open","ping_status":"closed","sticky":false,"template":"","format":"standard","meta":{"footnotes":""},"categories":[98,2],"tags":[48,27,15,389],"class_list":["post-5271","post","type-post","status-publish","format-standard","has-post-thumbnail","hentry","category-naehkaestchen","category-slider","tag-energie","tag-engagement","tag-kinder","tag-solarenergie"],"aioseo_notices":[],"_links":{"self":[{"href":"https:\/\/www.stadtwerke-osnabrueck.de\/blog\/wp-json\/wp\/v2\/posts\/5271","targetHints":{"allow":["GET"]}}],"collection":[{"href":"https:\/\/www.stadtwerke-osnabrueck.de\/blog\/wp-json\/wp\/v2\/posts"}],"about":[{"href":"https:\/\/www.stadtwerke-osnabrueck.de\/blog\/wp-json\/wp\/v2\/types\/post"}],"author":[{"embeddable":true,"href":"https:\/\/www.stadtwerke-osnabrueck.de\/blog\/wp-json\/wp\/v2\/users\/4"}],"replies":[{"embeddable":true,"href":"https:\/\/www.stadtwerke-osnabrueck.de\/blog\/wp-json\/wp\/v2\/comments?post=5271"}],"version-history":[{"count":0,"href":"https:\/\/www.stadtwerke-osnabrueck.de\/blog\/wp-json\/wp\/v2\/posts\/5271\/revisions"}],"wp:featuredmedia":[{"embeddable":true,"href":"https:\/\/www.stadtwerke-osnabrueck.de\/blog\/wp-json\/wp\/v2\/media\/5346"}],"wp:attachment":[{"href":"https:\/\/www.stadtwerke-osnabrueck.de\/blog\/wp-json\/wp\/v2\/media?parent=5271"}],"wp:term":[{"taxonomy":"category","embeddable":true,"href":"https:\/\/www.stadtwerke-osnabrueck.de\/blog\/wp-json\/wp\/v2\/categories?post=5271"},{"taxonomy":"post_tag","embeddable":true,"href":"https:\/\/www.stadtwerke-osnabrueck.de\/blog\/wp-json\/wp\/v2\/tags?post=5271"}],"curies":[{"name":"wp","href":"https:\/\/api.w.org\/{rel}","templated":true}]}}