{"id":4682,"date":"2017-08-23T17:03:24","date_gmt":"2017-08-23T15:03:24","guid":{"rendered":"https:\/\/www.stadtwerke-osnabrueck.de\/blog\/?p=4682"},"modified":"2024-01-11T12:25:29","modified_gmt":"2024-01-11T11:25:29","slug":"was-ist-eigentlich-der-osnabruecker-klimacent","status":"publish","type":"post","link":"https:\/\/www.stadtwerke-osnabrueck.de\/blog\/2017\/08\/23\/was-ist-eigentlich-der-osnabruecker-klimacent\/","title":{"rendered":"Was ist eigentlich der Osnabr\u00fccker Klimacent?"},"content":{"rendered":"<div id=\"pl-4682\"  class=\"panel-layout\" ><div id=\"pg-4682-0\"  class=\"panel-grid panel-no-style\" ><div id=\"pgc-4682-0-0\"  class=\"panel-grid-cell\" ><div id=\"panel-4682-0-0-0\" class=\"so-panel widget widget_sow-headline panel-first-child panel-last-child\" data-index=\"0\" ><div\n\t\t\t\n\t\t\tclass=\"so-widget-sow-headline so-widget-sow-headline-default-c3fb9b79a8c6-4682\"\n\t\t\t\n\t\t><div class=\"sow-headline-container \">\n\t\t\t\t\t\t\t<h2 class=\"sow-headline\">\n\t\t\t\t\t\tWie Stadtwerke-\u00d6kostromkunden den Ausbau gr\u00fcner Energieerzeugungsanlagen f\u00f6rdern\t\t\t\t\t\t<\/h2>\n\t\t\t\t\t\t\t\t\t\t\t<div class=\"decoration\">\n\t\t\t\t\t\t<div class=\"decoration-inside\"><\/div>\n\t\t\t\t\t<\/div>\n\t\t\t\t\t<\/div>\n<\/div><\/div><\/div><\/div><div id=\"pg-4682-1\"  class=\"panel-grid panel-no-style\" ><div id=\"pgc-4682-1-0\"  class=\"panel-grid-cell\" ><div id=\"panel-4682-1-0-0\" class=\"so-panel widget widget_sow-editor panel-first-child panel-last-child\" data-index=\"1\" ><div\n\t\t\t\n\t\t\tclass=\"so-widget-sow-editor so-widget-sow-editor-base\"\n\t\t\t\n\t\t>\n<div class=\"siteorigin-widget-tinymce textwidget\">\n\t<p style=\"text-align: center;\"><span style=\"color: #ff001b;\"><strong>UPDATE vom 08. November 2023<\/strong><\/span><\/p>\n<p>&nbsp;<\/p>\n<p>Mit seinem Stromtarif etwas richtig Gutes und Sinnvolles in der Region tun. Moment mal \u2013 mit einem Stromtarif? Wie soll das denn gehen? Eigentlich ganz einfach und simpel \u2013 und das sogar schon <strong>seit \u00fcber 20 Jahren\u2026<\/strong><\/p>\n<p>1999 hatten die Stadtwerke einen neuartigen und innovativen \u201eMitmach\u201c-\u00d6kostromtarif ins Leben gerufen. Der Clou dabei: Jeder Kunde, der sich f\u00fcr diesen Tarif entscheidet, zahlt freiwillig einen Betrag von einem Cent pro verbrauchter Kilowattstunde obendrauf \u2013 genannt der <strong>\u201eKlimacent\u201c<\/strong>. Beispiel gef\u00e4llig? Wer im Jahr 3.000 Kilowattstunden verbraucht, zahlt also in diesem Jahr 30 Euro freiwillig mehr in einen Extra-Topf. <strong>Den stocken die Stadtwerke mit 25.000 Euro j\u00e4hrlich auf.<\/strong><\/p>\n<blockquote>\n<p>Fertig und gut gef\u00fcllt ist ein \u201eKlimatopf\u201c, aus dem der Bau neuer regenerativer Erzeugungsprojekte in Osnabr\u00fcck finanziert wird. Der Kunde finanziert den Bau der gr\u00fcnen Anlagen also direkt mit. Wie gesagt: Eigentlich ganz einfach\u2026<\/p>\n<\/blockquote>\n<p>Aber mal alles der Reihe nach: 1999 gingen die Stadtwerke mit dem neuen \u00d6kostromtarif an den Start \u2013 damals noch mit einem freiwilligen Aufschlag von 4 Pfennig (sp\u00e4ter dann 2 Cent) pro Kilowattstunde.<\/p>\n<blockquote>\n<p>\u00bbIch kann mich noch sehr gut an unsere ersten \u00d6kostromkunden, eine Familie aus Pye, erinnern\u00ab, schmunzelt Karin Goltz (Stadtwerke-Energieberaterin und inzwischen im wohlverdienten Ruhestand), die den \u201eKlimacent\u201c-Tarif von Beginn an begleitet. \u00bbDazu gibt es eine sehr sch\u00f6ne Anekdote.\u00ab<\/p>\n<\/blockquote>\n<p>Der Sohn der Familie hatte seine Eltern n\u00e4mlich gewisserma\u00dfen \u201eerpresst\u201c: \u201eDie Mutter erz\u00e4hlte mir damals, dass ihr Sohn als Student immer ganz alte abgelaufene Sportschuhe trug \u2013 was den Eltern nun mal so gar nicht gefiel.\u201c Und so schlug der Sohnemann einen Deal vor. \u201eEr kauft sich endlich neue Schuhe, und die Eltern werden \u00d6kostromkunden bei den Stadtwerken.\u201c Wobei, betont Karin Goltz, die Eltern von jeher sehr umweltbewusst waren und sind \u2013 und sich gar nicht \u201eerpressen\u201c lassen mussten\u2026<\/p>\n<p>Ein paar Jahre sp\u00e4ter reduzierten die Stadtwerke den freiwilligen Aufschlag um die H\u00e4lfte auf einen Cent \u2013 den \u201eKlimacent\u201c. Im Jahr der Fukushima-Katastrophe 2011 stieg die Zahl der \u00d6kostromkunden dann merklich an. Heute sind viele langj\u00e4hrige Stammkunden darunter. \u201eMittlerweile bekommen alle unsere Privatkundinnen und -kunden automatisch \u00d6kostrom\u201c, erl\u00e4utert Stadtwerke-Produktmanager Julian Baaske. \u201eDarunter ist eine dreistellige Zahl an Kunden, die sich aus voller \u00dcberzeugung f\u00fcr den speziellen \u201e\u2018Klimacent\u2018-Tarif entschieden hat und diesem besonderen \u201aMitmach\u2018-\u00d6kostromtarif die Treue h\u00e4lt.\u201c<\/p>\n<p>Und nat\u00fcrlich werden die \u201eKlimacent\u201c-Kunden dar\u00fcber informiert, was mit ihrem Geld passiert bzw. wof\u00fcr es eingesetzt wird.<\/p>\n<p>\u00bbWir haben aus dem Topf zum Beispiel Solaranlagen auf den D\u00e4chern von Osnabr\u00fccker Schulen, Kitas und gemeinn\u00fctzigen Vereinen finanziert, aber auch die Wasserkraftanlage an der \u201aNackten M\u00fchle\u2018 bezuschusst\u00ab, erl\u00e4utert der Stadtwerke-Tarifexperte.\u00a0 \u00bbWir sind st\u00e4ndig auf der Suche, wo wir noch weitere Anlagen im Stadtgebiet bauen k\u00f6nnen.\u00ab Mittlerweile ist so bereits die 30. Klimacent-Anlage ans Netz gegangen.<\/p>\n<\/div>\n<\/div><\/div><\/div><\/div><div id=\"pg-4682-2\"  class=\"panel-grid panel-no-style\" ><div id=\"pgc-4682-2-0\"  class=\"panel-grid-cell\" ><div id=\"panel-4682-2-0-0\" class=\"so-panel widget widget_sow-editor panel-first-child panel-last-child\" data-index=\"2\" ><div\n\t\t\t\n\t\t\tclass=\"so-widget-sow-editor so-widget-sow-editor-base\"\n\t\t\t\n\t\t><h3 class=\"widget-title\">Beispiel Wimmer-Schule<\/h3>\n<div class=\"siteorigin-widget-tinymce textwidget\">\n\t<p><a href=\"https:\/\/www.stadtwerke-osnabrueck.de\/blog\/wp-content\/uploads\/2022\/09\/Pv-Anlage_Wimmer-Schule_360x360px.jpg\" rel=\"lightbox\"><img decoding=\"async\" class=\"size-thumbnail wp-image-11367 alignnone\" src=\"https:\/\/www.stadtwerke-osnabrueck.de\/blog\/wp-content\/uploads\/2022\/09\/Pv-Anlage_Wimmer-Schule_360x360px-360x360.jpg\" alt=\"\" width=\"360\" height=\"360\" \/><\/a><\/p>\n<\/div>\n<\/div><\/div><\/div><div id=\"pgc-4682-2-1\"  class=\"panel-grid-cell\" ><div id=\"panel-4682-2-1-0\" class=\"so-panel widget widget_sow-editor panel-first-child panel-last-child\" data-index=\"3\" ><div\n\t\t\t\n\t\t\tclass=\"so-widget-sow-editor so-widget-sow-editor-base\"\n\t\t\t\n\t\t>\n<div class=\"siteorigin-widget-tinymce textwidget\">\n\t<p>&nbsp;<\/p>\n<p>Die Solaranlage auf dem Dach der <a href=\"https:\/\/www.wimmer-schule.de\/\">Wimmer-Schule e.V. in Bad Essen<\/a> erzeugt j\u00e4hrlich etwa 13.800 Kilowattstunden Sonnenstrom. Dank eigenem Stromspeicher verbleibt ein Gro\u00dfteil des selbst erzeugten Stroms im Geb\u00e4ude des Vereins.<\/p>\n<\/div>\n<\/div><\/div><\/div><\/div><div id=\"pg-4682-3\"  class=\"panel-grid panel-no-style\" ><div id=\"pgc-4682-3-0\"  class=\"panel-grid-cell\" ><div id=\"panel-4682-3-0-0\" class=\"so-panel widget widget_sow-editor panel-first-child panel-last-child\" data-index=\"4\" ><div class=\"panel-widget-style panel-widget-style-for-4682-3-0-0\" ><div\n\t\t\t\n\t\t\tclass=\"so-widget-sow-editor so-widget-sow-editor-base\"\n\t\t\t\n\t\t><h3 class=\"widget-title\">Mehr Infos<\/h3>\n<div class=\"siteorigin-widget-tinymce textwidget\">\n\t<p>Wer jetzt Lust bekommen hat auf den <strong>\u201eKlimacent\u201c <\/strong>der Stadtwerke und ebenfalls aktiv mitmachen und mitgestalten will, bekommt auf unserer Wesbite alle Infos zum <a title=\"Jetzt zum Strom KlimCent-Tarif wechseln!\" href=\"https:\/\/www.stadtwerke-osnabrueck.de\/energie\/strom\/klimacent\">Strom KlimaCent-Tarif<\/a><\/p>\n<p>.<\/p>\n<\/div>\n<\/div><\/div><\/div><\/div><\/div><\/div>","protected":false},"excerpt":{"rendered":"<p>Mit einem Stromtarif Gutes und Sinnvolles in der Region tun&#8230; Das geht &#8211; mit dem \u00d6kostromtarif. Kunden zahlen hier einen sogenannten &#8222;Klimacent&#8220;. Wo der hinflie\u00dft, erfahrt ihr hier.<\/p>\n","protected":false},"author":3,"featured_media":4697,"comment_status":"open","ping_status":"closed","sticky":false,"template":"","format":"standard","meta":{"footnotes":""},"categories":[1,100],"tags":[48,27,389,642],"class_list":["post-4682","post","type-post","status-publish","format-standard","has-post-thumbnail","hentry","category-allgemein","category-zoom","tag-energie","tag-engagement","tag-solarenergie","tag-umweltschutz"],"aioseo_notices":[],"_links":{"self":[{"href":"https:\/\/www.stadtwerke-osnabrueck.de\/blog\/wp-json\/wp\/v2\/posts\/4682","targetHints":{"allow":["GET"]}}],"collection":[{"href":"https:\/\/www.stadtwerke-osnabrueck.de\/blog\/wp-json\/wp\/v2\/posts"}],"about":[{"href":"https:\/\/www.stadtwerke-osnabrueck.de\/blog\/wp-json\/wp\/v2\/types\/post"}],"author":[{"embeddable":true,"href":"https:\/\/www.stadtwerke-osnabrueck.de\/blog\/wp-json\/wp\/v2\/users\/3"}],"replies":[{"embeddable":true,"href":"https:\/\/www.stadtwerke-osnabrueck.de\/blog\/wp-json\/wp\/v2\/comments?post=4682"}],"version-history":[{"count":0,"href":"https:\/\/www.stadtwerke-osnabrueck.de\/blog\/wp-json\/wp\/v2\/posts\/4682\/revisions"}],"wp:featuredmedia":[{"embeddable":true,"href":"https:\/\/www.stadtwerke-osnabrueck.de\/blog\/wp-json\/wp\/v2\/media\/4697"}],"wp:attachment":[{"href":"https:\/\/www.stadtwerke-osnabrueck.de\/blog\/wp-json\/wp\/v2\/media?parent=4682"}],"wp:term":[{"taxonomy":"category","embeddable":true,"href":"https:\/\/www.stadtwerke-osnabrueck.de\/blog\/wp-json\/wp\/v2\/categories?post=4682"},{"taxonomy":"post_tag","embeddable":true,"href":"https:\/\/www.stadtwerke-osnabrueck.de\/blog\/wp-json\/wp\/v2\/tags?post=4682"}],"curies":[{"name":"wp","href":"https:\/\/api.w.org\/{rel}","templated":true}]}}