{"id":4641,"date":"2017-08-11T15:07:54","date_gmt":"2017-08-11T13:07:54","guid":{"rendered":"https:\/\/www.stadtwerke-osnabrueck.de\/blog\/?p=4641"},"modified":"2022-10-19T09:41:36","modified_gmt":"2022-10-19T07:41:36","slug":"erste-tage-als-azubis-bei-den-stadtwerken","status":"publish","type":"post","link":"https:\/\/www.stadtwerke-osnabrueck.de\/blog\/2017\/08\/11\/erste-tage-als-azubis-bei-den-stadtwerken\/","title":{"rendered":"Erste Tage als Azubis bei den Stadtwerken"},"content":{"rendered":"<div id=\"pl-4641\"  class=\"panel-layout\" ><div id=\"pg-4641-0\"  class=\"panel-grid panel-no-style\" ><div id=\"pgc-4641-0-0\"  class=\"panel-grid-cell\" ><div id=\"panel-4641-0-0-0\" class=\"so-panel widget widget_sow-editor panel-first-child panel-last-child\" data-index=\"0\" ><div\n\t\t\t\n\t\t\tclass=\"so-widget-sow-editor so-widget-sow-editor-base\"\n\t\t\t\n\t\t>\n<div class=\"siteorigin-widget-tinymce textwidget\">\n\t<blockquote>\n<p>\u00bbHerzlich Willkommen bei den Stadtwerken Osnabr\u00fcck. Sch\u00f6n, dass ihr alle da seid\u00ab, begr\u00fc\u00dft Nadine Wortmann als Ausbildungsverantwortliche unsere neuen Auszubildenden und Jahrespraktikanten.<\/p>\n<\/blockquote>\n<p>Nach einigen Begr\u00fc\u00dfungsworten unserer Vorst\u00e4nde, des Betriebsrates und der Personalabteilung haben wir, Dennis Kerlfeld, Jolina M\u00f6ller-Lux, Tobias Lindemann und ich, das Zepter \u00fcbernommen. Schlie\u00dflich sind die ersten beiden Tage unserer neuen Azubi-Kollegen von uns \u201ealten Hasen\u201c geplant worden.<\/p>\n<p>Mein Name ist Jessica Borgmann und ich bin im 2. Lehrjahr zur Veranstaltungskauffrau. Ich kann mich noch ganz genau daran erinnern, wie ich vor genau einem Jahr an derselben Stelle war. Ziemlich aufgeregt steigt man morgens aus dem Bett und ist total gespannt auf das, was einen nun erwartet. Die vielen neuen Eindr\u00fccke, Aufgaben und nat\u00fcrlich auch Kollegen. Ein neuer Lebensabschnitt beginnt. Ich war im letzten Jahr ziemlich froh, dass die Azubis aus dem 2. und 3. Lehrjahr uns mit Rat und Tat zur Seite standen.<\/p>\n<\/div>\n<\/div><\/div><\/div><\/div><div id=\"pg-4641-1\"  class=\"panel-grid panel-no-style\" ><div id=\"pgc-4641-1-0\"  class=\"panel-grid-cell\" ><div id=\"panel-4641-1-0-0\" class=\"so-panel widget widget_sow-editor panel-first-child panel-last-child\" data-index=\"1\" ><div\n\t\t\t\n\t\t\tclass=\"so-widget-sow-editor so-widget-sow-editor-base\"\n\t\t\t\n\t\t>\n<div class=\"siteorigin-widget-tinymce textwidget\">\n\t<p><a href=\"https:\/\/www.stadtwerke-osnabrueck.de\/blog\/wp-content\/uploads\/2017\/08\/Neue-Azubis-Empfang-web.jpg\" rel=\"lightbox\"><img decoding=\"async\" class=\"aligncenter size-medium wp-image-4628\" src=\"https:\/\/www.stadtwerke-osnabrueck.de\/blog\/wp-content\/uploads\/2017\/08\/Neue-Azubis-Empfang-web-750x501.jpg\" alt=\"\" width=\"750\" height=\"501\" srcset=\"https:\/\/www.stadtwerke-osnabrueck.de\/blog\/wp-content\/uploads\/2017\/08\/Neue-Azubis-Empfang-web-750x501.jpg 750w, https:\/\/www.stadtwerke-osnabrueck.de\/blog\/wp-content\/uploads\/2017\/08\/Neue-Azubis-Empfang-web-768x513.jpg 768w, https:\/\/www.stadtwerke-osnabrueck.de\/blog\/wp-content\/uploads\/2017\/08\/Neue-Azubis-Empfang-web.jpg 1920w, https:\/\/www.stadtwerke-osnabrueck.de\/blog\/wp-content\/uploads\/2017\/08\/Neue-Azubis-Empfang-web-272x182.jpg 272w\" sizes=\"(max-width: 750px) 100vw, 750px\" \/><\/a><\/p>\n<\/div>\n<\/div><\/div><\/div><\/div><div id=\"pg-4641-2\"  class=\"panel-grid panel-no-style\" ><div id=\"pgc-4641-2-0\"  class=\"panel-grid-cell\" ><div id=\"panel-4641-2-0-0\" class=\"so-panel widget widget_sow-editor panel-first-child panel-last-child\" data-index=\"2\" ><div\n\t\t\t\n\t\t\tclass=\"so-widget-sow-editor so-widget-sow-editor-base\"\n\t\t\t\n\t\t>\n<div class=\"siteorigin-widget-tinymce textwidget\">\n\t<p><strong>Insgesamt k\u00f6nnen wir in diesem Jahr 26 Azubis und 9 Jahrespraktikanten bei uns begr\u00fc\u00dfen.<\/strong> Die neuen Stadtwerke-Azubis verteilen sich auf <strong>zehn verschiedene Ausbildungsberufe<\/strong>: <a href=\"https:\/\/www.stadtwerke-osnabrueck.de\/karriere\/fuer-schueler-innen\" target=\"_blank\" rel=\"noopener noreferrer\">Bachelor of Arts, Bachelor of Engineering, Elektroniker\/-in Fachrichtung Energie- und Geb\u00e4udetechnik, Industriemechaniker\/-in, Kraftfahrzeugmechatroniker\/-in, Fachangestellte\/r f\u00fcr B\u00e4derbetriebe, Fachkraft f\u00fcr Abwassertechnik, Fachkraft im Fahrbetrieb, Industriekaufmann\/-frau und\u00a0\u2013\u00a0 ganz neu dabei\u00a0\u2013 Fachkraft f\u00fcr Rohr-, Kanal- und Industrieservice. <\/a><\/p>\n<p>Um die gro\u00dfe und vielf\u00e4ltige Welt der Stadtwerke kennenzulernen, geht es erst einmal auf gemeinsame Tour zu einigen unserer Standorte. Es geht in Richtung <strong><a href=\"https:\/\/www.stadtwerke-osnabrueck.de\/kontakt-hilfe\/standort-klaerwerk-eversburg-hellern\">Kl\u00e4rwerk Eversburg<\/a>, Windpark Piesberg, <a href=\"https:\/\/www.stadtwerke-osnabrueck.de\/nettedrom\">Nettebad<\/a> und zur <a href=\"https:\/\/www.stadtwerke-osnabrueck.de\/nettedrom\" target=\"_blank\" rel=\"noopener noreferrer\">E-Kartbahn Nettedrom<\/a>. <\/strong>Und wo wir schon einmal hier sind, darf eine Probefahrt nat\u00fcrlich nicht fehlen. Schnell stellt sich heraus, wer schon \u00f6fter das Nettedrom besucht hat. \u201eDie Kartbahn ist echt super, es macht nat\u00fcrlich besonders Spa\u00df mit allen neuen Azubi-Kollegen durch die Kurven zu flitzen,\u201c erz\u00e4hlt Dennis Kerlfeld (Auszubildender zum <a href=\"https:\/\/www.stadtwerke-osnabrueck.de\/karriere\/dienstleistungs-ausbildungsberufe\" target=\"_blank\" rel=\"noopener noreferrer\">Fachangestellten f\u00fcr B\u00e4derbetriebe<\/a>, 2. Lehrjahr;).<\/p>\n<\/div>\n<\/div><\/div><\/div><\/div><div id=\"pg-4641-3\"  class=\"panel-grid panel-no-style\" ><div id=\"pgc-4641-3-0\"  class=\"panel-grid-cell\" ><div id=\"panel-4641-3-0-0\" class=\"so-panel widget widget_sow-editor panel-first-child panel-last-child\" data-index=\"3\" ><div\n\t\t\t\n\t\t\tclass=\"so-widget-sow-editor so-widget-sow-editor-base\"\n\t\t\t\n\t\t>\n<div class=\"siteorigin-widget-tinymce textwidget\">\n\t<p><a href=\"https:\/\/www.stadtwerke-osnabrueck.de\/blog\/wp-content\/uploads\/2017\/08\/Neue-Azubis-Kartbahn_01.jpg\" rel=\"lightbox\"><img decoding=\"async\" class=\"alignleft size-thumbnail wp-image-4630\" src=\"https:\/\/www.stadtwerke-osnabrueck.de\/blog\/wp-content\/uploads\/2017\/08\/Neue-Azubis-Kartbahn_01-360x360.jpg\" alt=\"\" width=\"360\" height=\"360\" \/><\/a><\/p>\n<p>\u00a0<\/p>\n<\/div>\n<\/div><\/div><\/div><div id=\"pgc-4641-3-1\"  class=\"panel-grid-cell\" ><div id=\"panel-4641-3-1-0\" class=\"so-panel widget widget_sow-editor panel-first-child panel-last-child\" data-index=\"4\" ><div\n\t\t\t\n\t\t\tclass=\"so-widget-sow-editor so-widget-sow-editor-base\"\n\t\t\t\n\t\t>\n<div class=\"siteorigin-widget-tinymce textwidget\">\n\t<p><a href=\"https:\/\/www.stadtwerke-osnabrueck.de\/blog\/wp-content\/uploads\/2017\/08\/Neue-Azubis-Kartbahn_02.jpg\" rel=\"lightbox\"><img decoding=\"async\" class=\"size-thumbnail wp-image-4631 alignright\" src=\"https:\/\/www.stadtwerke-osnabrueck.de\/blog\/wp-content\/uploads\/2017\/08\/Neue-Azubis-Kartbahn_02-360x360.jpg\" alt=\"\" width=\"360\" height=\"360\" \/><\/a><\/p>\n<p>\u00a0<\/p>\n<\/div>\n<\/div><\/div><\/div><\/div><div id=\"pg-4641-4\"  class=\"panel-grid panel-no-style\" ><div id=\"pgc-4641-4-0\"  class=\"panel-grid-cell\" ><div id=\"panel-4641-4-0-0\" class=\"so-panel widget widget_sow-editor panel-first-child panel-last-child\" data-index=\"5\" ><div\n\t\t\t\n\t\t\tclass=\"so-widget-sow-editor so-widget-sow-editor-base\"\n\t\t\t\n\t\t>\n<div class=\"siteorigin-widget-tinymce textwidget\">\n\t<p>Am n\u00e4chsten Tag sind eine Datenschutzunterweisung, die j\u00e4hrliche Sicherheitsunterweisung sowie eine IT-Einweisung f\u00e4llig. Zudem d\u00fcrfen wir im Verkehrsbetrieb hinter die Kulissen schauen. Eine <a href=\"https:\/\/www.stadtwerke-osnabrueck.de\/unternehmen\/veranstaltungen-ueberblick\" target=\"_blank\" rel=\"noopener noreferrer\">F\u00fchrung <\/a>durch die Buswerkstatt und die Besichtigung der Leitstelle hat uns einen Einblick in einen kleinen Teil des Aufgabenbereiches unseres Verkehrsbetriebes gegeben. \u201eUnsere Leitstelle ist rund um die Uhr besetzt, sodass im Notfall immer jemand erreichbar ist\", erkl\u00e4rt Tobias Lindemann (<a href=\"https:\/\/www.stadtwerke-osnabrueck.de\/karriere\/dienstleistungs-ausbildungsberufe#widget-6b912d29\" target=\"_blank\" rel=\"noopener noreferrer\">Auszubildender zur Fachkraft im Fahrbetrieb<\/a>, 3.Lehrjahr) seinen neuen Kollegen. Im Anschluss darf in den ersten Tagen nat\u00fcrlich auch die Vorstellung in der Abteilung, in der die neuen Azubis eingesetzt sind, nicht fehlen.<\/p>\n<p>Die ersten beiden Wochen sind f\u00fcr unsere neuen Kollegen also ganz sch\u00f6n aufregend und auch in den n\u00e4chsten Wochen gibt es sicherlich noch viel Neues zu entdecken. Wir halten euch hier auf dem Laufenden...<\/p>\n<\/div>\n<\/div><\/div><\/div><\/div><\/div>","protected":false},"excerpt":{"rendered":"<p>Die ersten Wochen als neue Azubis sind um und es gab viel Neues zu entdecken und erleben. In unserem Blog haben wir die ersten Tage der Azubis zusammengefasst.<\/p>\n","protected":false},"author":3,"featured_media":4632,"comment_status":"open","ping_status":"closed","sticky":false,"template":"","format":"standard","meta":{"footnotes":""},"categories":[98],"tags":[203,15,12],"class_list":["post-4641","post","type-post","status-publish","format-standard","has-post-thumbnail","hentry","category-naehkaestchen","tag-ausbildung","tag-kinder","tag-mitarbeiter"],"aioseo_notices":[],"_links":{"self":[{"href":"https:\/\/www.stadtwerke-osnabrueck.de\/blog\/wp-json\/wp\/v2\/posts\/4641","targetHints":{"allow":["GET"]}}],"collection":[{"href":"https:\/\/www.stadtwerke-osnabrueck.de\/blog\/wp-json\/wp\/v2\/posts"}],"about":[{"href":"https:\/\/www.stadtwerke-osnabrueck.de\/blog\/wp-json\/wp\/v2\/types\/post"}],"author":[{"embeddable":true,"href":"https:\/\/www.stadtwerke-osnabrueck.de\/blog\/wp-json\/wp\/v2\/users\/3"}],"replies":[{"embeddable":true,"href":"https:\/\/www.stadtwerke-osnabrueck.de\/blog\/wp-json\/wp\/v2\/comments?post=4641"}],"version-history":[{"count":0,"href":"https:\/\/www.stadtwerke-osnabrueck.de\/blog\/wp-json\/wp\/v2\/posts\/4641\/revisions"}],"wp:featuredmedia":[{"embeddable":true,"href":"https:\/\/www.stadtwerke-osnabrueck.de\/blog\/wp-json\/wp\/v2\/media\/4632"}],"wp:attachment":[{"href":"https:\/\/www.stadtwerke-osnabrueck.de\/blog\/wp-json\/wp\/v2\/media?parent=4641"}],"wp:term":[{"taxonomy":"category","embeddable":true,"href":"https:\/\/www.stadtwerke-osnabrueck.de\/blog\/wp-json\/wp\/v2\/categories?post=4641"},{"taxonomy":"post_tag","embeddable":true,"href":"https:\/\/www.stadtwerke-osnabrueck.de\/blog\/wp-json\/wp\/v2\/tags?post=4641"}],"curies":[{"name":"wp","href":"https:\/\/api.w.org\/{rel}","templated":true}]}}