{"id":4430,"date":"2017-07-27T10:54:14","date_gmt":"2017-07-27T08:54:14","guid":{"rendered":"https:\/\/www.stadtwerke-osnabrueck.de\/blog\/?p=4430"},"modified":"2022-10-19T09:48:31","modified_gmt":"2022-10-19T07:48:31","slug":"hinter-den-kulissen-beim-fahrplanwechsel","status":"publish","type":"post","link":"https:\/\/www.stadtwerke-osnabrueck.de\/blog\/2017\/07\/27\/hinter-den-kulissen-beim-fahrplanwechsel\/","title":{"rendered":"Hinter den Kulissen beim Fahrplanwechsel"},"content":{"rendered":"<div id=\"pl-4430\"  class=\"panel-layout\" ><div id=\"pg-4430-0\"  class=\"panel-grid panel-no-style\" ><div id=\"pgc-4430-0-0\"  class=\"panel-grid-cell\" ><div id=\"panel-4430-0-0-0\" class=\"so-panel widget widget_sow-editor panel-first-child\" data-index=\"0\" ><div\n\t\t\t\n\t\t\tclass=\"so-widget-sow-editor so-widget-sow-editor-base\"\n\t\t\t\n\t\t>\n<div class=\"siteorigin-widget-tinymce textwidget\">\n\t<p>Einmal im Jahr \u2013 immer nach den Sommerferien \u2013 ist es soweit: Der Fahrplanwechsel steht an. Buslinien \u00e4ndern sich, neue kommen dazu, Abfahrtzeiten werden angepasst... <strong>Doch welche \u00dcberlegungen stecken dahinter, wer \u201edenkt sich das aus\u201c und warum gibt es \u00fcberhaupt einen Fahrplanwechsel?<\/strong> Fragen, denen ich einmal auf den Grund gegangen bin.<\/p>\n<\/div>\n<\/div><\/div><div id=\"panel-4430-0-0-1\" class=\"so-panel widget widget_sow-editor\" data-index=\"1\" ><div\n\t\t\t\n\t\t\tclass=\"so-widget-sow-editor so-widget-sow-editor-base\"\n\t\t\t\n\t\t>\n<div class=\"siteorigin-widget-tinymce textwidget\">\n\t<p>Zun\u00e4chst einmal: <strong>Nach dem Fahrplanwechsel ist vor dem Fahrplanwechsel<\/strong> \u2013 denn, w\u00e4hrend auf der einen Seite ab Anfang August die neuen Fahrplanb\u00fccher ausgegeben werden, wird auf der anderen Seite schon flei\u00dfig am n\u00e4chsten Fahrplanwechsel gearbeitet. Das erkl\u00e4rt vielleicht auch warum nicht jede R\u00fcckmeldung von Fahrg\u00e4sten direkt umgesetzt werden kann. So ein Fahrplan braucht seine Zeit und jede Menge Menschen, die daran arbeiten und mitdenken: Bei den Stadtwerken \u2013 einem der insgesamt zehn Partner innerhalb der <a href=\"https:\/\/www.vos.info\/\" target=\"_blank\" rel=\"noopener noreferrer\">Verkehrsgemeinschaft Osnabr\u00fcck (VOS)<\/a> \u2013 sind das die Kollegen aus dem Bereich Mobilit\u00e4tsangebot und dem Verkehrsbetrieb. Sie pr\u00fcfen an welchen Stellen <strong>der aktuelle Fahrplan optimiert werden kann<\/strong>, das hei\u00dft, wo k\u00f6nnen Abfahrts- und Pausenzeiten aktuell nicht eingehalten werden, auf welchen Linien muss vielleicht ein weiterer Bus eingesetzt werden und, und, und.<\/p>\n<blockquote>\n<p>Wichtig sind f\u00fcr diese Planung die Hinweise der Busfahrer und \u00a0nat\u00fcrlich auch eure Anmerkungen und Anregungen, die ihr uns pers\u00f6nlich, per Mail, Facebook und Co. liefert.<\/p>\n<\/blockquote>\n<p>Zus\u00e4tzlich liefert auch der <strong>Fahrgastbeirat<\/strong> viele Anregungen f\u00fcr Verbesserungen in der Praxis, beispielsweise f\u00fcr die Fahrplangestaltung oder der behindertengerechten Ausstattung der Busse. Der Fahrgastbeirat ist die Interessenvertretung der Fahrg\u00e4ste bei der <a href=\"http:\/\/www.planos-info.de\/\" target=\"_blank\" rel=\"noopener noreferrer\">PlaNOS<\/a> \u2013 der Planungsgesellschaft Nahverkehr Osnabr\u00fcck GbR.<\/p>\n<p><strong>Wie gesagt, \u00c4nderungsw\u00fcnsche oder Verbesserungsvorschl\u00e4ge sind oft nicht direkt umsetzbar, flie\u00dfen aber in zuk\u00fcnftige \u00dcberlegungen ein.<\/strong> Des Weiteren gilt: Jede \u00c4nderung bei einer Linie, ob verk\u00fcrzter Abfahrtstakt oder ge\u00e4nderte Pausenzeit, hat unmittelbare Folgen auf den gesamten Fahrplan. Ein wahres <a href=\"https:\/\/www.stadtwerke-osnabrueck.de\/blog\/2016\/03\/10\/wie-funktioniert-das-osnabruecker-busliniennetz\/\" target=\"_blank\" rel=\"noopener noreferrer\">Busliniennetz<\/a>, das ineinander verwoben ist. Gut, dass es Experten gibt, die das im Blick haben.<\/p>\n<\/div>\n<\/div><\/div><div id=\"panel-4430-0-0-2\" class=\"so-panel widget widget_sow-editor\" data-index=\"2\" ><div\n\t\t\t\n\t\t\tclass=\"so-widget-sow-editor so-widget-sow-editor-base\"\n\t\t\t\n\t\t><h3 class=\"widget-title\">Keine \u00c4nderung ohne Genehmigung<\/h3>\n<div class=\"siteorigin-widget-tinymce textwidget\">\n\t<p>Hinzu kommen Abstimmungsrunden mit der Stadt und \u2013 sofern es f\u00fcr die VOS-Partner in die Region geht \u2013 mit den dortigen Kommunen. Auch hier ist das Ziel eine L\u00f6sung zu finden, die f\u00fcr alle passt. Das ist nicht immer leicht und kann einige Zeit in Anspruch nehmen.<\/p>\n<p>Am Ende steht ein angepasster Fahrplan, der mit allen VOS-Partnern abgestimmt und freigegeben \u2026 Moment \u2013 noch nicht ganz: Denn auch, wenn der Fahrplan inhaltlich fertig ist, muss er von der <a href=\"https:\/\/www.lnvg.de\/\" target=\"_blank\" rel=\"noopener noreferrer\"><strong>Landesnahverkehrsgesellschaft Niedersachsen (LNVG)<\/strong><\/a> genehmigt werden.<\/p>\n<blockquote>\n<p>Erst wenn die zustimmt, k\u00f6nnen die allseits bekannten Fahrplantabellen erstellt und online eingepflegt, die Einsatzpl\u00e4ne f\u00fcr die Busfahrer angepasst und das Fahrplanbuch, das ihr dann in euren H\u00e4nden haltet, gedruckt werden.<\/p>\n<\/blockquote>\n<p>Das Ergebnis der letzten \u00dcberlegungen k\u00f6nnt ihr euch ab dem 2. August kostenlos im Mobilit\u00e4tszentrum am Neumarkt abholen. Und immer dran denken: Nach dem Fahrplanwechsel ist vor dem Fahrplanwechsel. Alle \u00c4nderungen im \u00dcberlick findet ihr auf den Seiten der VOS.<\/p>\n<\/div>\n<\/div><\/div><div id=\"panel-4430-0-0-3\" class=\"so-panel widget widget_sow-editor panel-last-child\" data-index=\"3\" ><div\n\t\t\t\n\t\t\tclass=\"so-widget-sow-editor so-widget-sow-editor-base\"\n\t\t\t\n\t\t><h3 class=\"widget-title\">Entstehung eines Fahrplanbuches<\/h3>\n<div class=\"siteorigin-widget-tinymce textwidget\">\n\t<div class=\"lyte-wrapper\" title=\"Entstehung eines Fahrplanbuches\" style=\"width:853px;max-width:100%;margin:5px;\"><div class=\"lyMe\" id=\"WYL_OEONDelKvWA\" itemprop=\"video\" itemscope itemtype=\"https:\/\/schema.org\/VideoObject\"><div><meta itemprop=\"thumbnailUrl\" content=\"https:\/\/i.ytimg.com\/vi\/OEONDelKvWA\/hqdefault.jpg\" \/><meta itemprop=\"embedURL\" content=\"https:\/\/www.youtube.com\/embed\/OEONDelKvWA\" \/><meta itemprop=\"duration\" content=\"PT1M10S\" \/><meta itemprop=\"uploadDate\" content=\"2017-07-09T23:45:29Z\" \/><\/div><div id=\"lyte_OEONDelKvWA\" data-src=\"https:\/\/i.ytimg.com\/vi\/OEONDelKvWA\/hqdefault.jpg\" class=\"pL\"><div class=\"tC\"><div class=\"tT\" itemprop=\"name\">Entstehung eines Fahrplanbuches<\/div><\/div><div class=\"play\"><\/div><div class=\"ctrl\"><div class=\"Lctrl\"><\/div><div class=\"Rctrl\"><\/div><\/div><\/div><noscript><a href=\"https:\/\/youtu.be\/OEONDelKvWA\" rel=\"nofollow\"><img decoding=\"async\" src=\"https:\/\/i.ytimg.com\/vi\/OEONDelKvWA\/0.jpg\" rel=\"lightbox\" alt=\"Entstehung eines Fahrplanbuches\" width=\"853\" height=\"460\" \/><br \/>Dieses Video auf YouTube ansehen<\/a><\/noscript><meta itemprop=\"description\" content=\"Wie jedes Jahr erscheint p\u00fcnktlich zum Start des neuen Schuljahres das Fahrplanbuch der Verkehrsgemeinschaft Osnabr\u00fcck. Bei der Entstehung schaute ein Kamerateam unseren Mitarbeitern dabei \u00fcber die Schulter. Viel Spa\u00df!\"><\/div><\/div><div class=\"lL\" style=\"max-width:100%;width:853px;margin:5px;\"><\/div><\/p>\n<\/div>\n<\/div><\/div><\/div><\/div><\/div>","protected":false},"excerpt":{"rendered":"<p>Nach den Sommerferien hei\u00dft es wieder: Fahrplanwechsel. Doch welche \u00dcberlegungen stecken dahinter? Wer ist an der Entstehung beteiligt? Wir haben hinter die Kulissen des Fahrplanwechsels geschaut.<\/p>\n","protected":false},"author":3,"featured_media":4435,"comment_status":"open","ping_status":"closed","sticky":false,"template":"","format":"standard","meta":{"footnotes":""},"categories":[100],"tags":[70,9,646],"class_list":["post-4430","post","type-post","status-publish","format-standard","has-post-thumbnail","hentry","category-zoom","tag-mobilitaet","tag-osnabrueck","tag-region-os"],"aioseo_notices":[],"_links":{"self":[{"href":"https:\/\/www.stadtwerke-osnabrueck.de\/blog\/wp-json\/wp\/v2\/posts\/4430","targetHints":{"allow":["GET"]}}],"collection":[{"href":"https:\/\/www.stadtwerke-osnabrueck.de\/blog\/wp-json\/wp\/v2\/posts"}],"about":[{"href":"https:\/\/www.stadtwerke-osnabrueck.de\/blog\/wp-json\/wp\/v2\/types\/post"}],"author":[{"embeddable":true,"href":"https:\/\/www.stadtwerke-osnabrueck.de\/blog\/wp-json\/wp\/v2\/users\/3"}],"replies":[{"embeddable":true,"href":"https:\/\/www.stadtwerke-osnabrueck.de\/blog\/wp-json\/wp\/v2\/comments?post=4430"}],"version-history":[{"count":0,"href":"https:\/\/www.stadtwerke-osnabrueck.de\/blog\/wp-json\/wp\/v2\/posts\/4430\/revisions"}],"wp:featuredmedia":[{"embeddable":true,"href":"https:\/\/www.stadtwerke-osnabrueck.de\/blog\/wp-json\/wp\/v2\/media\/4435"}],"wp:attachment":[{"href":"https:\/\/www.stadtwerke-osnabrueck.de\/blog\/wp-json\/wp\/v2\/media?parent=4430"}],"wp:term":[{"taxonomy":"category","embeddable":true,"href":"https:\/\/www.stadtwerke-osnabrueck.de\/blog\/wp-json\/wp\/v2\/categories?post=4430"},{"taxonomy":"post_tag","embeddable":true,"href":"https:\/\/www.stadtwerke-osnabrueck.de\/blog\/wp-json\/wp\/v2\/tags?post=4430"}],"curies":[{"name":"wp","href":"https:\/\/api.w.org\/{rel}","templated":true}]}}