{"id":4327,"date":"2017-07-21T16:12:36","date_gmt":"2017-07-21T14:12:36","guid":{"rendered":"https:\/\/www.stadtwerke-osnabrueck.de\/blog\/?p=4327"},"modified":"2022-10-19T09:50:28","modified_gmt":"2022-10-19T07:50:28","slug":"richtig-gekuehlt-trotz-heisser-temperaturen","status":"publish","type":"post","link":"https:\/\/www.stadtwerke-osnabrueck.de\/blog\/2017\/07\/21\/richtig-gekuehlt-trotz-heisser-temperaturen\/","title":{"rendered":"Richtig gek\u00fchlt trotz hei\u00dfer Temperaturen"},"content":{"rendered":"<div id=\"pl-4327\"  class=\"panel-layout\" ><div id=\"pg-4327-0\"  class=\"panel-grid panel-no-style\" ><div id=\"pgc-4327-0-0\"  class=\"panel-grid-cell\" ><div id=\"panel-4327-0-0-0\" class=\"so-panel widget widget_sow-headline panel-first-child panel-last-child\" data-index=\"0\" ><div\n\t\t\t\n\t\t\tclass=\"so-widget-sow-headline so-widget-sow-headline-default-c3fb9b79a8c6-4327\"\n\t\t\t\n\t\t><div class=\"sow-headline-container \">\n\t\t\t\t\t\t\t<h2 class=\"sow-headline\">\n\t\t\t\t\t\tNachhaltigkeitstipp Nr. 3\t\t\t\t\t\t<\/h2>\n\t\t\t\t\t\t\t\t\t\t\t<div class=\"decoration\">\n\t\t\t\t\t\t<div class=\"decoration-inside\"><\/div>\n\t\t\t\t\t<\/div>\n\t\t\t\t\t<\/div>\n<\/div><\/div><\/div><\/div><div id=\"pg-4327-1\"  class=\"panel-grid panel-no-style\" ><div id=\"pgc-4327-1-0\"  class=\"panel-grid-cell\" ><div id=\"panel-4327-1-0-0\" class=\"so-panel widget widget_sow-editor panel-first-child panel-last-child\" data-index=\"1\" ><div\n\t\t\t\n\t\t\tclass=\"so-widget-sow-editor so-widget-sow-editor-base\"\n\t\t\t\n\t\t>\n<div class=\"siteorigin-widget-tinymce textwidget\">\n\t<blockquote>\n<p>\u00a0<\/p>\n<p><em>Einmal im Monat geben unsere Experten hilfreiche Tipps und verraten wertvolle Tricks rund um die Themen Energiesparen, Wasserschutz und Nachhaltigkeit.<\/em><\/p>\n<p>\u00a0<\/p>\n<\/blockquote>\n<\/div>\n<\/div><\/div><\/div><\/div><div id=\"pg-4327-2\"  class=\"panel-grid panel-no-style\" ><div id=\"pgc-4327-2-0\"  class=\"panel-grid-cell\" ><div id=\"panel-4327-2-0-0\" class=\"so-panel widget widget_sow-editor panel-first-child\" data-index=\"2\" ><div\n\t\t\t\n\t\t\tclass=\"so-widget-sow-editor so-widget-sow-editor-base\"\n\t\t\t\n\t\t>\n<div class=\"siteorigin-widget-tinymce textwidget\">\n\t<p>Endlich ist der Sommer da und die Temperaturen klettern nach oben. In dieser Zeit hat das Gefrierger\u00e4t Hochbetrieb: Die Erfrischungsgetr\u00e4nke brauchen Eisw\u00fcrfel, das Grillgut f\u00fcr die n\u00e4chste Party muss gelagert werden und ein Eis zur Abk\u00fchlung darf nat\u00fcrlich auch nicht fehlen \u2013 am besten sogar selbstgemacht.<\/p>\n<blockquote>\n<p>Ich habe mich einmal an den neuesten Eis Trend gewagt \u2013 Gem\u00fcse-Eis aus Karotte, Rote Beete und Co. \u2013 und mir auch die Tipps unser Energiesparexpertin Karin Goltz zu Herzen genommen. Sie hat mir den ein oder anderen Trick verraten wie ich auch beim Eis machen die ein oder andere Kilowattstunde Strom sparen kann.<\/p>\n<\/blockquote>\n<\/div>\n<\/div><\/div><div id=\"panel-4327-2-0-1\" class=\"so-panel widget widget_sow-editor panel-last-child\" data-index=\"3\" ><div\n\t\t\t\n\t\t\tclass=\"so-widget-sow-editor so-widget-sow-editor-base\"\n\t\t\t\n\t\t>\n<div class=\"siteorigin-widget-tinymce textwidget\">\n\t<p>Zun\u00e4chst habe ich mich an das Avocado-Eis gewagt. Daf\u00fcr 200g m\u00f6glichst reife Avocado sch\u00e4len, entkernen und anschlie\u00dfend mit dem Saft einer Zitrone p\u00fcrieren. 150g Sahne und 150g Milch zusammen aufkochen. 60g Puderzucker, 30g Dextrose und eine Prise Salz in dem hei\u00dfen Milch\/Sahne-Gemisch aufl\u00f6sen. Abk\u00fchlen lassen und mit der Avocado vermischen. Danach f\u00fcr rund 40 Minuten ab in die Eismaschine.<\/p>\n<\/div>\n<\/div><\/div><\/div><\/div><div id=\"pg-4327-3\"  class=\"panel-grid panel-no-style\" ><div id=\"pgc-4327-3-0\"  class=\"panel-grid-cell\" ><div id=\"panel-4327-3-0-0\" class=\"so-panel widget widget_sow-editor panel-first-child panel-last-child\" data-index=\"4\" ><div\n\t\t\t\n\t\t\tclass=\"so-widget-sow-editor so-widget-sow-editor-base\"\n\t\t\t\n\t\t>\n<div class=\"siteorigin-widget-tinymce textwidget\">\n\t<div id=\"attachment_4347\" style=\"width: 370px\" class=\"wp-caption alignnone\"><a href=\"https:\/\/www.stadtwerke-osnabrueck.de\/blog\/wp-content\/uploads\/2017\/07\/gemueseeis-vorbereitung.jpg\" rel=\"lightbox\"><img aria-describedby=\"caption-attachment-4347\" decoding=\"async\" class=\"wp-image-4347 size-thumbnail\" src=\"https:\/\/www.stadtwerke-osnabrueck.de\/blog\/wp-content\/uploads\/2017\/07\/gemueseeis-vorbereitung-500x750.jpg\" alt=\"Richtig gek\u00fchlt\" width=\"360\" height=\"360\" \/><\/a><p id=\"caption-attachment-4347\" class=\"wp-caption-text\">Bevor es an die Eismaschine geht, hei\u00dft es zun\u00e4chst Gem\u00fcse schnippeln.<\/p><\/div>\n<p>\u00a0<\/p>\n<\/div>\n<\/div><\/div><\/div><div id=\"pgc-4327-3-1\"  class=\"panel-grid-cell\" ><div id=\"panel-4327-3-1-0\" class=\"so-panel widget widget_sow-editor panel-first-child panel-last-child\" data-index=\"5\" ><div\n\t\t\t\n\t\t\tclass=\"so-widget-sow-editor so-widget-sow-editor-base\"\n\t\t\t\n\t\t>\n<div class=\"siteorigin-widget-tinymce textwidget\">\n\t<div id=\"attachment_4348\" style=\"width: 370px\" class=\"wp-caption alignright\"><a href=\"https:\/\/www.stadtwerke-osnabrueck.de\/blog\/wp-content\/uploads\/2017\/07\/gemueseeis.jpg\" rel=\"lightbox\"><img aria-describedby=\"caption-attachment-4348\" decoding=\"async\" class=\"wp-image-4348 size-thumbnail\" src=\"https:\/\/www.stadtwerke-osnabrueck.de\/blog\/wp-content\/uploads\/2017\/07\/gemueseeis-500x750.jpg\" alt=\"Richtig gek\u00fchlt\" width=\"360\" height=\"360\" \/><\/a><p id=\"caption-attachment-4348\" class=\"wp-caption-text\">Das fertige Gem\u00fcseeis in knallig bunten Farben.<\/p><\/div>\n<\/div>\n<\/div><\/div><\/div><\/div><div id=\"pg-4327-4\"  class=\"panel-grid panel-no-style\" ><div id=\"pgc-4327-4-0\"  class=\"panel-grid-cell\" ><div id=\"panel-4327-4-0-0\" class=\"so-panel widget widget_sow-editor panel-first-child\" data-index=\"6\" ><div class=\"panel-widget-style panel-widget-style-for-4327-4-0-0\" ><div\n\t\t\t\n\t\t\tclass=\"so-widget-sow-editor so-widget-sow-editor-base\"\n\t\t\t\n\t\t>\n<div class=\"siteorigin-widget-tinymce textwidget\">\n\t<p><strong>Der Expertentipp:<\/strong> Hei\u00dfe Zutaten immer auf <strong>ca. 10 Grad abk\u00fchlen<\/strong> lassen, bevor sie in die Eismaschine gef\u00fcllt oder auch in den K\u00fchlschrank gestellt werden. <strong>Hei\u00dfe Lebensmittel f\u00fchren zu einem Temperaturanstieg in K\u00fchl- oder Gefrierschrank<\/strong> \u2013 um diesen wieder auszugleichen, wird unn\u00f6tig Strom verbraucht. <strong>Weiterer Tipp:<\/strong> Lebensmittel immer <strong>nur in gefriergeeignetem Material verpackt<\/strong> lagern. Ansonsten gibt es Geschmacks\u00fcbertragungen, besonders bei Eis und Torten. Das <strong>verhindert Feuchtigkeitsverluste an der Ware und spart Energie<\/strong> durch eine geringe Vereisung an den W\u00e4nden. Besonders in Gefrierschr\u00e4nken ist leicht Ordnung zu halten, da jeder Produktgruppe einer Schublade zugeordnet werden kann. Ist das Eis z.B. immer in der mittleren Schublade, so ist der Zugriff schneller, <strong>das Ger\u00e4t k\u00fcrzer ge\u00f6ffnet und somit der Energieverbrauch geringer.<\/strong><\/p>\n<\/div>\n<\/div><\/div><\/div><div id=\"panel-4327-4-0-1\" class=\"so-panel widget widget_sow-editor\" data-index=\"7\" ><div\n\t\t\t\n\t\t\tclass=\"so-widget-sow-editor so-widget-sow-editor-base\"\n\t\t\t\n\t\t>\n<div class=\"siteorigin-widget-tinymce textwidget\">\n\t<p>Die optimale Gefriertemperatur f\u00fcr mein Avocado-Eis liegt \u00fcbrigens <strong>bei -18 Grad<\/strong>. Niedrigere Temperaturen erh\u00f6hen nur den Stromverbrauch, nicht die Lagerdauer und Qualit\u00e4t der Lebensmittel.<\/p>\n<\/div>\n<\/div><\/div><div id=\"panel-4327-4-0-2\" class=\"so-panel widget widget_sow-editor panel-last-child\" data-index=\"8\" ><div\n\t\t\t\n\t\t\tclass=\"so-widget-sow-editor so-widget-sow-editor-base\"\n\t\t\t\n\t\t>\n<div class=\"siteorigin-widget-tinymce textwidget\">\n\t<p><strong>Das Avocado-Eis ist auch der Favorit in unserer Abteilung, aber hier findet ihr noch zwei weitere \u2013 auch leckere \u2013 Gem\u00fcse-Eis Rezepte:<\/strong><\/p>\n<\/div>\n<\/div><\/div><\/div><\/div><div id=\"pg-4327-5\"  class=\"panel-grid panel-no-style\" ><div id=\"pgc-4327-5-0\"  class=\"panel-grid-cell\" ><div id=\"panel-4327-5-0-0\" class=\"so-panel widget widget_sow-editor panel-first-child panel-last-child\" data-index=\"9\" ><div class=\"panel-widget-style panel-widget-style-for-4327-5-0-0\" ><div\n\t\t\t\n\t\t\tclass=\"so-widget-sow-editor so-widget-sow-editor-base\"\n\t\t\t\n\t\t><h3 class=\"widget-title\">Orangen-Karotten Eis<\/h3>\n<div class=\"siteorigin-widget-tinymce textwidget\">\n\t<p><strong>250g frische gepresster Orangensaft<\/strong><br \/><strong>750 g Karotten<\/strong><br \/><strong>Saft einer Zitrone<\/strong><br \/><strong>60g Puderzucker<\/strong><br \/><strong>20g Dextrose<\/strong><br \/><strong>50g Glucose (z.B. aus der Apotheke)<\/strong><br \/><strong>1 Prise Salz<\/strong><br \/><strong>1 Prise Kardomom (nach Belieben)<\/strong><\/p>\n<p>Die Karotten mithilfe einer Saftpresse zu Saft verarbeiten und mit den restlichen Zutaten vermischen bis sich der Zucker aufgel\u00f6st hat. Die fertige Masse in die Eismaschine geben.<\/p>\n<p>Solltet ihr keine Saftmaschine haben, die Karotten sch\u00e4len, in Ringe schneiden und in kochendem Wasser mit etwas Salz, Zucker und Zitronensaft blanchieren. Anschlie\u00dfend die Karotten p\u00fcrieren.<\/p>\n<\/div>\n<\/div><\/div><\/div><\/div><div id=\"pgc-4327-5-1\"  class=\"panel-grid-cell\" ><div id=\"panel-4327-5-1-0\" class=\"so-panel widget widget_sow-editor panel-first-child panel-last-child\" data-index=\"10\" ><div class=\"panel-widget-style panel-widget-style-for-4327-5-1-0\" ><div\n\t\t\t\n\t\t\tclass=\"so-widget-sow-editor so-widget-sow-editor-base\"\n\t\t\t\n\t\t><h3 class=\"widget-title\">Rote Bete-Orangen Eis<\/h3>\n<div class=\"siteorigin-widget-tinymce textwidget\">\n\t<p><strong>300g Rote Bete-Saft<\/strong><br \/><strong>100g frisch gepresster Orangensaft<\/strong><br \/><strong>60g L\u00e4uterzucker<\/strong><br \/><strong>40g Dextrose<\/strong><br \/><strong>60g Glucose (z.B. aus der Apotheke)<\/strong><br \/><strong>2 EL Honig<\/strong><br \/><strong>2 EL Himbeersirup<\/strong><br \/><strong>1 EL Apfelessig<\/strong><br \/><strong>1 TL fein geriebener Ingwer<\/strong><br \/><strong>1 TL Zitronensaft<\/strong><br \/><strong>1 Prise Salz<\/strong><\/p>\n<p>Alle Zutaten gut miteinander vermengen und die fertige Masse in die Eismaschine geben. Zur Herstellung von L\u00e4uterzucker Wasser und Zucker in einem Verh\u00e4ltnis von 1:1 kochen. Der Zucker muss sich komplett aufl\u00f6sen.<\/p>\n<\/div>\n<\/div><\/div><\/div><\/div><\/div><\/div>","protected":false},"excerpt":{"rendered":"<p>Nachhaltigkeitstipp Nr. 3: Richtig gek\u00fchlt trotz hei\u00dfer Temperaturen. Momentaner Trend: Gem\u00fcseeis aus Roter Bete, Karotte und Co. Wir zeigen wie ihr das Eis selbst herstellen k\u00f6nnt und verraten Tipps und Tricks, um dabei auch noch Energie zu sparen.<\/p>\n","protected":false},"author":3,"featured_media":4358,"comment_status":"open","ping_status":"closed","sticky":false,"template":"","format":"standard","meta":{"footnotes":""},"categories":[100],"tags":[327,77,649,642],"class_list":["post-4327","post","type-post","status-publish","format-standard","has-post-thumbnail","hentry","category-zoom","tag-energiesparen","tag-freizeit","tag-tipp","tag-umweltschutz"],"aioseo_notices":[],"_links":{"self":[{"href":"https:\/\/www.stadtwerke-osnabrueck.de\/blog\/wp-json\/wp\/v2\/posts\/4327","targetHints":{"allow":["GET"]}}],"collection":[{"href":"https:\/\/www.stadtwerke-osnabrueck.de\/blog\/wp-json\/wp\/v2\/posts"}],"about":[{"href":"https:\/\/www.stadtwerke-osnabrueck.de\/blog\/wp-json\/wp\/v2\/types\/post"}],"author":[{"embeddable":true,"href":"https:\/\/www.stadtwerke-osnabrueck.de\/blog\/wp-json\/wp\/v2\/users\/3"}],"replies":[{"embeddable":true,"href":"https:\/\/www.stadtwerke-osnabrueck.de\/blog\/wp-json\/wp\/v2\/comments?post=4327"}],"version-history":[{"count":0,"href":"https:\/\/www.stadtwerke-osnabrueck.de\/blog\/wp-json\/wp\/v2\/posts\/4327\/revisions"}],"wp:featuredmedia":[{"embeddable":true,"href":"https:\/\/www.stadtwerke-osnabrueck.de\/blog\/wp-json\/wp\/v2\/media\/4358"}],"wp:attachment":[{"href":"https:\/\/www.stadtwerke-osnabrueck.de\/blog\/wp-json\/wp\/v2\/media?parent=4327"}],"wp:term":[{"taxonomy":"category","embeddable":true,"href":"https:\/\/www.stadtwerke-osnabrueck.de\/blog\/wp-json\/wp\/v2\/categories?post=4327"},{"taxonomy":"post_tag","embeddable":true,"href":"https:\/\/www.stadtwerke-osnabrueck.de\/blog\/wp-json\/wp\/v2\/tags?post=4327"}],"curies":[{"name":"wp","href":"https:\/\/api.w.org\/{rel}","templated":true}]}}