{"id":3553,"date":"2017-05-09T15:30:29","date_gmt":"2017-05-09T13:30:29","guid":{"rendered":"https:\/\/www.stadtwerke-osnabrueck.de\/blog\/?p=3553"},"modified":"2022-10-19T10:00:12","modified_gmt":"2022-10-19T08:00:12","slug":"virtueller-wasserverbrauch","status":"publish","type":"post","link":"https:\/\/www.stadtwerke-osnabrueck.de\/blog\/2017\/05\/09\/virtueller-wasserverbrauch\/","title":{"rendered":"Virtueller Wasserverbrauch"},"content":{"rendered":"<div id=\"pl-3553\"  class=\"panel-layout\" ><div id=\"pg-3553-0\"  class=\"panel-grid panel-no-style\" ><div id=\"pgc-3553-0-0\"  class=\"panel-grid-cell\" ><div id=\"panel-3553-0-0-0\" class=\"so-panel widget widget_sow-headline panel-first-child\" data-index=\"0\" ><div\n\t\t\t\n\t\t\tclass=\"so-widget-sow-headline so-widget-sow-headline-default-c3fb9b79a8c6-3553\"\n\t\t\t\n\t\t><div class=\"sow-headline-container \">\n\t\t\t\t\t\t\t<h2 class=\"sow-headline\">\n\t\t\t\t\t\tNachhaltigkeitstipp Nr. 2\t\t\t\t\t\t<\/h2>\n\t\t\t\t\t\t\t\t\t\t\t<div class=\"decoration\">\n\t\t\t\t\t\t<div class=\"decoration-inside\"><\/div>\n\t\t\t\t\t<\/div>\n\t\t\t\t\t<\/div>\n<\/div><\/div><div id=\"panel-3553-0-0-1\" class=\"so-panel widget widget_sow-editor\" data-index=\"1\" ><div\n\t\t\t\n\t\t\tclass=\"so-widget-sow-editor so-widget-sow-editor-base\"\n\t\t\t\n\t\t>\n<div class=\"siteorigin-widget-tinymce textwidget\">\n\t<blockquote>\n<p><em>Einmal im Monat geben unsere Experten hilfreiche Tipps und verraten wertvolle Tricks rund um die Themen Energiesparen, Wasserschutz und Nachhaltigkeit.<\/em><\/p>\n<\/blockquote>\n<\/div>\n<\/div><\/div><div id=\"panel-3553-0-0-2\" class=\"so-panel widget widget_sow-editor\" data-index=\"2\" ><div\n\t\t\t\n\t\t\tclass=\"so-widget-sow-editor so-widget-sow-editor-base\"\n\t\t\t\n\t\t>\n<div class=\"siteorigin-widget-tinymce textwidget\">\n\t<p>Duschen statt Baden, wassersparend Geschirr sp\u00fclen und W\u00e4sche waschen \u2013 wie wir im Haushalt umweltschonend agieren, ist vielen bereits bekannt. <strong>Der t\u00e4gliche Wasserverbrauch der Osnabr\u00fccker liegt bei circa 120 Litern.<\/strong><\/p>\n<blockquote>\n<p>Doch diese offensichtliche Menge an Trinkwasser macht nur einen geringen Teil des tats\u00e4chlichen Wasserverbrauchs aus, wei\u00df Sarah Ostermann, Umweltingenieurin bei den Stadtwerken Osnabr\u00fcck.<\/p>\n<\/blockquote>\n<\/div>\n<\/div><\/div><div id=\"panel-3553-0-0-3\" class=\"so-panel widget widget_sow-editor\" data-index=\"3\" ><div\n\t\t\t\n\t\t\tclass=\"so-widget-sow-editor so-widget-sow-editor-base\"\n\t\t\t\n\t\t>\n<div class=\"siteorigin-widget-tinymce textwidget\">\n\t<p>Der <strong>tats\u00e4chliche Wasserverbrauch<\/strong> liegt bei etwa <strong>4.000 Litern t\u00e4glich<\/strong> \u2013 das sind fast <strong>30 Badewannen<\/strong> am Tag! Wie kann das sein?<strong> Virtueller Wasserverbrauch<\/strong> ist hier das Stichwort. Noch nie davon geh\u00f6rt? Das ist die Erkl\u00e4rung: Auch wenn es auf den ersten Blick nicht bei allen Produkten erkennbar ist, \u00a0wird entweder f\u00fcr die <strong>Herstellung<\/strong>, den <strong>Anbau<\/strong> oder den <strong>Transport<\/strong> dieser Produkte Trinkwasser ben\u00f6tigt.<\/p>\n<\/div>\n<\/div><\/div><div id=\"panel-3553-0-0-4\" class=\"so-panel widget widget_sow-editor\" data-index=\"4\" ><div class=\"panel-widget-style panel-widget-style-for-3553-0-0-4\" ><div\n\t\t\t\n\t\t\tclass=\"so-widget-sow-editor so-widget-sow-editor-base\"\n\t\t\t\n\t\t>\n<div class=\"siteorigin-widget-tinymce textwidget\">\n\t<p><strong>Der Expertentipp:<\/strong> Werft beim Einkauf einen Blick auf das <strong>Herkunftsland der Produkte<\/strong>. Erdbeeren zum Beispiel sind im Supermarkt schon ab Januar in den Regalen zu finden. Die meisten davon werden aus S\u00fcdspanien importiert. Im trockenen S\u00fcden Spaniens ben\u00f6tigen die Erdbeerpflanzen eine <strong>intensive Bew\u00e4sserung<\/strong>. Umgerechnet kommt so <strong>ein Kilogramm Erdbeeren auf einen Wasserverbrauch von etwa 276 Litern<\/strong>. Tomaten aus S\u00fcdeuropa haben ebenfalls einen virtuellen Wasserverbrauch von ca. 184 Litern pro Kilogramm. Fragt euch einfach vorab: Brauche ich wirklich unbedingt Erdbeeren im Winter oder genie\u00dfe ich lieber die frischen Fr\u00fcchte vom Gem\u00fcse- und Obstbauern nebenan\u00a0 im Sommer? <strong>Saisonal und regional sind hier zwei entscheidende Argumente.<\/strong><\/p>\n<\/div>\n<\/div><\/div><\/div><div id=\"panel-3553-0-0-5\" class=\"so-panel widget widget_sow-editor\" data-index=\"5\" ><div\n\t\t\t\n\t\t\tclass=\"so-widget-sow-editor so-widget-sow-editor-base\"\n\t\t\t\n\t\t>\n<div class=\"siteorigin-widget-tinymce textwidget\">\n\t<p>Ein wahrer virtueller Wasserverschwender kommt bei den meisten zudem jeden Tag auf den Tisch: <strong>Kaffee<\/strong>. Kaffeepflanzen ben\u00f6tigen zum Wachsen extrem hohe Wassermengen. Umgerechnet kommen so auf <strong>eine Tasse Kaffee circa 140 Liter Wasser<\/strong>. <\/p>\n<\/div>\n<\/div><\/div><div id=\"panel-3553-0-0-6\" class=\"so-panel widget widget_sow-editor\" data-index=\"6\" ><div class=\"panel-widget-style panel-widget-style-for-3553-0-0-6\" ><div\n\t\t\t\n\t\t\tclass=\"so-widget-sow-editor so-widget-sow-editor-base\"\n\t\t\t\n\t\t>\n<div class=\"siteorigin-widget-tinymce textwidget\">\n\t<p><strong>Der Tipp unserer Expertin:<\/strong> Wer seinen virtuellen \u201eWasserfu\u00dfabdruck\u201c beim Kaffeekonsum verringern m\u00f6chte, sollte auch hier auf die Herkunft achten und Kaffee aus Gebirgsregionen bevorzugen. Diese werden meist mit Regenwasser bew\u00e4ssert.<\/p>\n<\/div>\n<\/div><\/div><\/div><div id=\"panel-3553-0-0-7\" class=\"so-panel widget widget_sow-editor panel-last-child\" data-index=\"7\" ><div\n\t\t\t\n\t\t\tclass=\"so-widget-sow-editor so-widget-sow-editor-base\"\n\t\t\t\n\t\t>\n<div class=\"siteorigin-widget-tinymce textwidget\">\n\t<p>Auch in Sachen Kleidung und Textilien kann man virtuelles Wasser sparen: Mit rund 6.000 Liter Wasser in einer Jeans und 2.000 Liter in einem T-Shirt, gilt der Grundsatz: Weniger ist mehr. Lieber auf wenige qualitativ hochwertige Kleidungsst\u00fccke setzen als auf viele Textilien zum g\u00fcnstigen Preis.<\/p>\n<p>Diese und weitere Informationen zum <strong>virtuellen Wasserfu\u00dfabdruck<\/strong> gibt die <strong>Vereinigung Deutscher Gew\u00e4sserschutz e.V.<\/strong> unter <a href=\"http:\/\/www.virtuelles-wasser.de\" target=\"_blank\">www.virtuelles-wasser.de<\/a><\/p>\n<\/div>\n<\/div><\/div><\/div><\/div><\/div>","protected":false},"excerpt":{"rendered":"<p>Nachhaltigkeitstipp Nr. 2: Virtueller Wasserverbrauch. Sarah Ostermann erkl\u00e4rt, warum Herstellung und Transport von Produkten Einfluss auf unseren tats\u00e4chlichen Wasserverbrauch haben.<\/p>\n","protected":false},"author":3,"featured_media":3561,"comment_status":"open","ping_status":"closed","sticky":false,"template":"","format":"standard","meta":{"footnotes":""},"categories":[100],"tags":[27,620,12,23,642],"class_list":["post-3553","post","type-post","status-publish","format-standard","has-post-thumbnail","hentry","category-zoom","tag-engagement","tag-entwaesserung","tag-mitarbeiter","tag-trinkwasser","tag-umweltschutz"],"aioseo_notices":[],"_links":{"self":[{"href":"https:\/\/www.stadtwerke-osnabrueck.de\/blog\/wp-json\/wp\/v2\/posts\/3553","targetHints":{"allow":["GET"]}}],"collection":[{"href":"https:\/\/www.stadtwerke-osnabrueck.de\/blog\/wp-json\/wp\/v2\/posts"}],"about":[{"href":"https:\/\/www.stadtwerke-osnabrueck.de\/blog\/wp-json\/wp\/v2\/types\/post"}],"author":[{"embeddable":true,"href":"https:\/\/www.stadtwerke-osnabrueck.de\/blog\/wp-json\/wp\/v2\/users\/3"}],"replies":[{"embeddable":true,"href":"https:\/\/www.stadtwerke-osnabrueck.de\/blog\/wp-json\/wp\/v2\/comments?post=3553"}],"version-history":[{"count":0,"href":"https:\/\/www.stadtwerke-osnabrueck.de\/blog\/wp-json\/wp\/v2\/posts\/3553\/revisions"}],"wp:featuredmedia":[{"embeddable":true,"href":"https:\/\/www.stadtwerke-osnabrueck.de\/blog\/wp-json\/wp\/v2\/media\/3561"}],"wp:attachment":[{"href":"https:\/\/www.stadtwerke-osnabrueck.de\/blog\/wp-json\/wp\/v2\/media?parent=3553"}],"wp:term":[{"taxonomy":"category","embeddable":true,"href":"https:\/\/www.stadtwerke-osnabrueck.de\/blog\/wp-json\/wp\/v2\/categories?post=3553"},{"taxonomy":"post_tag","embeddable":true,"href":"https:\/\/www.stadtwerke-osnabrueck.de\/blog\/wp-json\/wp\/v2\/tags?post=3553"}],"curies":[{"name":"wp","href":"https:\/\/api.w.org\/{rel}","templated":true}]}}