{"id":2125,"date":"2016-11-16T12:00:56","date_gmt":"2016-11-16T11:00:56","guid":{"rendered":"https:\/\/www.stadtwerke-osnabrueck.de\/blog\/?p=2125"},"modified":"2022-10-19T12:56:45","modified_gmt":"2022-10-19T10:56:45","slug":"belmer-landfrauen-lobby-landleben","status":"publish","type":"post","link":"https:\/\/www.stadtwerke-osnabrueck.de\/blog\/2016\/11\/16\/belmer-landfrauen-lobby-landleben\/","title":{"rendered":"Lobby f\u00fcrs Landleben"},"content":{"rendered":"<div id=\"pl-2125\"  class=\"panel-layout\" ><div id=\"pg-2125-0\"  class=\"panel-grid panel-no-style\" ><div id=\"pgc-2125-0-0\"  class=\"panel-grid-cell\" ><div id=\"panel-2125-0-0-0\" class=\"so-panel widget widget_sow-editor panel-first-child\" data-index=\"0\" ><div\n\t\t\t\n\t\t\tclass=\"so-widget-sow-editor so-widget-sow-editor-base\"\n\t\t\t\n\t\t>\n<div class=\"siteorigin-widget-tinymce textwidget\">\n\t<h2>Christa Sch\u00fcrmann bewahrte den Belmer Landfrauenverein vor dem Aus<\/h2>\n<p><em>Landfrau gleich B\u00e4uerin?<\/em> So die noch immer weit verbreitete Meinung. Christa Sch\u00fcrmann r\u00e4umt mit diesem Vorurteil auf: \u201e25 Prozent unserer Mitglieder sind Landwirtinnen oder Ehefrauen von Landwirten.\u201c<\/p>\n<p>Die 69-j\u00e4hrige Vorsitzende des <a href=\"http:\/\/landfrauen-osnabrueck.de\/index.php?page=belm\" target=\"_blank\">Belmer Landfrauenvereins<\/a> war selbst kaufm\u00e4nnische Angestellte, bevor sie in Rente ging: \u201eIm Landfrauenverein bin ich schon seit 20 Jahren. Die Angebote fand ich einfach toll.\u201c Ob Vortrag, Kulturveranstaltung oder gesellige Unternehmungen \u2013 f\u00fcr jede Frau auf dem Land bietet der Verein etwas. \u201eDeshalb wollte ich unbedingt diese Angebote erhalten und habe den Vorsitz \u00fcbernommen, als es keine andere machen wollte und der Ortsverein schon aufgel\u00f6st werden sollte.\u201c<\/p>\n<\/div>\n<\/div><\/div><div id=\"panel-2125-0-0-1\" class=\"so-panel widget widget_sow-image\" data-index=\"1\" ><div\n\t\t\t\n\t\t\tclass=\"so-widget-sow-image so-widget-sow-image-default-c67d20f9f743-2125\"\n\t\t\t\n\t\t>\n<div class=\"sow-image-container\">\n\t\t<img \n\tsrc=\"https:\/\/www.stadtwerke-osnabrueck.de\/blog\/wp-content\/uploads\/2016\/10\/christa-schuermann.jpg\" width=\"1000\" height=\"667\" srcset=\"https:\/\/www.stadtwerke-osnabrueck.de\/blog\/wp-content\/uploads\/2016\/10\/christa-schuermann.jpg 1000w, https:\/\/www.stadtwerke-osnabrueck.de\/blog\/wp-content\/uploads\/2016\/10\/christa-schuermann-750x500.jpg 750w, https:\/\/www.stadtwerke-osnabrueck.de\/blog\/wp-content\/uploads\/2016\/10\/christa-schuermann-768x512.jpg 768w, https:\/\/www.stadtwerke-osnabrueck.de\/blog\/wp-content\/uploads\/2016\/10\/christa-schuermann-272x182.jpg 272w\" sizes=\"(max-width: 1000px) 100vw, 1000px\" title=\"Christa Sch\u00fcrmann\" alt=\"Christa Sch\u00fcrmann\" \t\tclass=\"so-widget-image\"\/>\n\t<\/div>\n\n<\/div><\/div><div id=\"panel-2125-0-0-2\" class=\"so-panel widget widget_sow-editor panel-last-child\" data-index=\"2\" ><div\n\t\t\t\n\t\t\tclass=\"so-widget-sow-editor so-widget-sow-editor-base\"\n\t\t\t\n\t\t>\n<div class=\"siteorigin-widget-tinymce textwidget\">\n\t<p>Neben der Lobby-Arbeit f\u00fcr Frauen auf dem Land, beispielsweise f\u00fcr bessere Bildungs- und Ausbildungschancen oder auch Entgeltgleichheit, setzt sich der Landfrauenverein, <strong>der bundesweit \u00fcber 500.000 Mitglieder hat<\/strong>, vor allem f\u00fcr den Erhalt und die Verbesserung der Infrastruktur ein:<\/p>\n<blockquote>\n<p>\u201eDer l\u00e4ndliche Raum soll lebenswert bleiben. Dazu geh\u00f6ren Einkaufsm\u00f6glichketen, \u00c4rzte, Schulen und Kinderg\u00e4rten sowie gute Verkehrsanbindungen ebenso wie Angebote f\u00fcr \u00e4ltere Landbewohnerinnen\u201c,<\/p>\n<\/blockquote>\n<p>fasst Christa Sch\u00fcrmann ein zentrales Anliegen des Vereins zusammen. \u201eBelm ist zwar nicht so stark betroffen wie andere Regionen, beispielsweise das Emsland oder die n\u00f6rdlichen Landkreise, aber auch hier ist unsere Arbeit wichtig.<\/p>\n<\/div>\n<\/div><\/div><\/div><\/div><div id=\"pg-2125-1\"  class=\"panel-grid panel-no-style\" ><div id=\"pgc-2125-1-0\"  class=\"panel-grid-cell\" ><div id=\"panel-2125-1-0-0\" class=\"so-panel widget widget_sow-editor panel-first-child panel-last-child\" data-index=\"3\" ><div\n\t\t\t\n\t\t\tclass=\"so-widget-sow-editor so-widget-sow-editor-base\"\n\t\t\t\n\t\t>\n<div class=\"siteorigin-widget-tinymce textwidget\">\n\t<p>Dass die Landfrauen f\u00fcr die Gemeinden vor Ort eine echte Bereicherung sind, zeigt auch das Engagement einiger Mitglieder bei der Belmer Au\u00dfenstelle der <a href=\"http:\/\/www.osnabruecker-tafel.de\" target=\"_blank\">Osnabr\u00fccker Tafel<\/a>, die sie von Anfang an unterst\u00fctzten.<\/p>\n<blockquote>\n<p>\u201eAuch die j\u00fcngsten Belmer kennen die Landfrauen\u201c,<\/p>\n<\/blockquote>\n<p>erkl\u00e4rt Christa Sch\u00fcrmann, denn sie und ihre Kolleginnen gehen regelm\u00e4\u00dfig in die Grundschulen: \u201eHeute ist Tag der Milch\u201c, freuen sich nacheinander die Sch\u00fcler der 3b und der 3a an der Grundschule am Heideweg. Wegen der fr\u00fchen Schulferien bekommen sie erst als Drittkl\u00e4ssler eine Einf\u00fchrung von Elisabeth Mergelmeyer: \u201eSonst gehen wir immer in die zweiten Klassen.\u201c<\/p>\n<\/div>\n<\/div><\/div><\/div><div id=\"pgc-2125-1-1\"  class=\"panel-grid-cell\" ><div id=\"panel-2125-1-1-0\" class=\"so-panel widget widget_sow-image panel-first-child panel-last-child\" data-index=\"4\" ><div\n\t\t\t\n\t\t\tclass=\"so-widget-sow-image so-widget-sow-image-default-e4c2d9f6c920-2125\"\n\t\t\t\n\t\t>\n<div class=\"sow-image-container\">\n\t\t<img \n\tsrc=\"https:\/\/www.stadtwerke-osnabrueck.de\/blog\/wp-content\/uploads\/2016\/10\/landfrauenverein-belm-1.jpg\" width=\"667\" height=\"1000\" srcset=\"https:\/\/www.stadtwerke-osnabrueck.de\/blog\/wp-content\/uploads\/2016\/10\/landfrauenverein-belm-1.jpg 667w, https:\/\/www.stadtwerke-osnabrueck.de\/blog\/wp-content\/uploads\/2016\/10\/landfrauenverein-belm-1-500x750.jpg 500w\" sizes=\"(max-width: 667px) 100vw, 667px\" title=\"Landfrauenverein Belm\" alt=\"Landfrauenverein Belm\" \t\tclass=\"so-widget-image\"\/>\n\t<\/div>\n\n<\/div><\/div><\/div><\/div><div id=\"pg-2125-2\"  class=\"panel-grid panel-no-style\" ><div id=\"pgc-2125-2-0\"  class=\"panel-grid-cell\" ><div id=\"panel-2125-2-0-0\" class=\"so-panel widget widget_sow-editor panel-first-child panel-last-child\" data-index=\"5\" ><div\n\t\t\t\n\t\t\tclass=\"so-widget-sow-editor so-widget-sow-editor-base\"\n\t\t\t\n\t\t>\n<div class=\"siteorigin-widget-tinymce textwidget\">\n\t<p>Die Landfrau erkl\u00e4rt schon seit Jahren den Kindern, <strong><em>was und wie viel K\u00fche fressen, was man alles aus Milch machen kann und welche wertvolle Bestandteile Milch und Milchprodukte enthalten<\/em><\/strong>. Nicht nur bei den Landfrauen, auch in der Schule sind die Kinder vom Bauernhof eindeutig in der Minderheit. Deshalb hat die Belmer Landfrau einige Beutel mit Futterproben zum Riechen und F\u00fchlen mitgebracht. Ruhig und konzentriert spricht sie \u00fcber Futter, \u00fcber K\u00fche und \u00fcber Roboter. Von Letzteren sind vor allem die Jungen begeistert, als sie erkl\u00e4rt, wie die K\u00fche vollautomatisch gemolken und bestimmte Vorg\u00e4nge nur noch per Handy vom Bauern gesteuert werden.<\/p>\n<p>Bei der Zubereitung der Erdbeer- und Bananenmilch, f\u00fcr die die Kinder bei Christa Sch\u00fcrmann und Elisabeth Mergelmeyer gerne Schlange stehen, summen die vielen milchbartverzierten Schleckerm\u00e4uler \u201eMmm!\u201c. Die Sch\u00fcler sind begeistert und Lehrerin Julia Hoffmeyer ist sich sicher:<\/p>\n<blockquote>\n<p>\u201eSo bleibt das Wissen besser bei den Kindern h\u00e4ngen.\u201c<\/p>\n<\/blockquote>\n<p>Nicht nur das: Die Jungen und M\u00e4dchen bekommen zugleich ein zeitgem\u00e4\u00dfes Bild vom Landfrauenverein.<\/p>\n<\/div>\n<\/div><\/div><\/div><\/div><\/div>","protected":false},"excerpt":{"rendered":"<p>Christa Sch\u00fcrmann ist Vorsitzende des Belmer Landfrauenvereins. Ob Vortrag, Kulturveranstaltung oder gesellige Unternehmen &#8211; f\u00fcr jede Frau vom Land bietet der Verein etwas.<\/p>\n","protected":false},"author":4,"featured_media":2232,"comment_status":"open","ping_status":"closed","sticky":false,"template":"","format":"standard","meta":{"footnotes":""},"categories":[101],"tags":[27,15,9,646],"class_list":["post-2125","post","type-post","status-publish","format-standard","has-post-thumbnail","hentry","category-hautnah","tag-engagement","tag-kinder","tag-osnabrueck","tag-region-os"],"aioseo_notices":[],"_links":{"self":[{"href":"https:\/\/www.stadtwerke-osnabrueck.de\/blog\/wp-json\/wp\/v2\/posts\/2125","targetHints":{"allow":["GET"]}}],"collection":[{"href":"https:\/\/www.stadtwerke-osnabrueck.de\/blog\/wp-json\/wp\/v2\/posts"}],"about":[{"href":"https:\/\/www.stadtwerke-osnabrueck.de\/blog\/wp-json\/wp\/v2\/types\/post"}],"author":[{"embeddable":true,"href":"https:\/\/www.stadtwerke-osnabrueck.de\/blog\/wp-json\/wp\/v2\/users\/4"}],"replies":[{"embeddable":true,"href":"https:\/\/www.stadtwerke-osnabrueck.de\/blog\/wp-json\/wp\/v2\/comments?post=2125"}],"version-history":[{"count":0,"href":"https:\/\/www.stadtwerke-osnabrueck.de\/blog\/wp-json\/wp\/v2\/posts\/2125\/revisions"}],"wp:featuredmedia":[{"embeddable":true,"href":"https:\/\/www.stadtwerke-osnabrueck.de\/blog\/wp-json\/wp\/v2\/media\/2232"}],"wp:attachment":[{"href":"https:\/\/www.stadtwerke-osnabrueck.de\/blog\/wp-json\/wp\/v2\/media?parent=2125"}],"wp:term":[{"taxonomy":"category","embeddable":true,"href":"https:\/\/www.stadtwerke-osnabrueck.de\/blog\/wp-json\/wp\/v2\/categories?post=2125"},{"taxonomy":"post_tag","embeddable":true,"href":"https:\/\/www.stadtwerke-osnabrueck.de\/blog\/wp-json\/wp\/v2\/tags?post=2125"}],"curies":[{"name":"wp","href":"https:\/\/api.w.org\/{rel}","templated":true}]}}