{"id":174,"date":"2016-02-18T15:00:05","date_gmt":"2016-02-18T14:00:05","guid":{"rendered":"https:\/\/www.stadtwerke-osnabrueck.de\/blog\/?p=174"},"modified":"2022-10-19T14:25:14","modified_gmt":"2022-10-19T12:25:14","slug":"freiwilliges-engagement-in-osnabrueck-gruene-damen-und-herren","status":"publish","type":"post","link":"https:\/\/www.stadtwerke-osnabrueck.de\/blog\/2016\/02\/18\/freiwilliges-engagement-in-osnabrueck-gruene-damen-und-herren\/","title":{"rendered":"Freiwilliges Engagement in Osnabr\u00fcck \u2013 Gr\u00fcne Damen und Herren"},"content":{"rendered":"<div id=\"pl-174\"  class=\"panel-layout\" ><div id=\"pg-174-0\"  class=\"panel-grid panel-no-style\" ><div id=\"pgc-174-0-0\"  class=\"panel-grid-cell\" ><div id=\"panel-174-0-0-0\" class=\"so-panel widget widget_sow-editor panel-first-child\" data-index=\"0\" ><div\n\t\t\t\n\t\t\tclass=\"so-widget-sow-editor so-widget-sow-editor-base\"\n\t\t\t\n\t\t>\n<div class=\"siteorigin-widget-tinymce textwidget\">\n\t<p><strong>Studien belegen es:<\/strong> Sozial aktive Menschen sind zufriedenere Menschen. Dabei spielen Familie und Nachbarschaft nach wie vor eine gro\u00dfe Rolle, doch immer mehr Engagierte gehen auf die Suche nach anderen M\u00f6glichkeiten \u2013 und finden ihre Erf\u00fcllung in einem <strong>Ehrenamt oder einem freiwilligen Engagement<\/strong>. So gibt es viele Beispiele in Osnabr\u00fcck und der Region, wo Menschen f\u00fcreinander zu Lichtgestalten werden. So wie diese tollen Damen und Herren, die wir entdeckt haben und begleiten durften:<\/p>\n<\/div>\n<\/div><\/div><div id=\"panel-174-0-0-1\" class=\"so-panel widget widget_sow-editor panel-last-child\" data-index=\"1\" ><div\n\t\t\t\n\t\t\tclass=\"so-widget-sow-editor so-widget-sow-editor-base\"\n\t\t\t\n\t\t>\n<div class=\"siteorigin-widget-tinymce textwidget\">\n\t<p><a href=\"https:\/\/www.stadtwerke-osnabrueck.de\/blog\/wp-content\/uploads\/2015\/11\/gruene_damen_und_herren_289.jpg\" rel=\"lightbox\"><img decoding=\"async\" class=\"size-thumbnail wp-image-159 alignleft\" src=\"https:\/\/www.stadtwerke-osnabrueck.de\/blog\/wp-content\/uploads\/2015\/11\/gruene_damen_und_herren_289-360x360.jpg\" alt=\"Gr\u00fcne Damen und Herren Osnabr\u00fcck Klinikum\" width=\"360\" height=\"360\" \/><\/a>Um kurz vor neun Uhr startet Marion Burdorf ihren Dienst als<strong> \u201eGr\u00fcne Dame\u201c im Klinikum Osnabr\u00fcck<\/strong>. Einmal pro Woche ist sie hier f\u00fcr etwa vier Stunden im Einsatz. Gemeinsam mit zwei anderen Mitarbeiterinnen des <strong>\u00f6kumenischen Krankenhausbesuchsdienstes<\/strong>, zu dem <strong>20 Damen und ein Herr<\/strong> geh\u00f6ren, besprechen\u00a0 sie, wer an diesem Morgen auf welche Station gehen wird. Dabei greifen sie auf die Aufzeichnungen ihrer Kolleginnen vom Vortag zur\u00fcck: \u201eWenn hier steht, dass jemand besucht werden m\u00f6chte, machen wir das auch\u201c, erkl\u00e4rt Anne Fitschen, die Koordinatorin der \u201eGr\u00fcnen Damen und Herren\u201c. Doch bevor sich Marion Burdorf an diesem Tag auf den Weg zu den Patienten machen kann, kommt ihre Kollegin im Eilschritt aus der Notaufnahme: \u201eDa ist eine Frau eingeliefert worden, die hat weder Nachtw\u00e4sche noch Zahnb\u00fcrste\u201c, erkl\u00e4rt Gerda Heiter. Rasch suchen die beiden alles Notwendige zusammen. In einem gro\u00dfen Schrank liegen Nachthemden, Pyjamas, warme Socken, Jogginghosen, Oberteile und Badem\u00e4ntel nach Gr\u00f6\u00dfen sortiert. Aus einer Kommode nimmt Gerda Heiter, die schon seit 30 Jahren im Team ist, eine Kulturtasche mit den n\u00f6tigsten Utensilien. \u201eDas kommt h\u00e4ufiger vor, als man denkt\u201c, sagt Marion Burdorf mit Blick auf die mit der gepackten T\u00fcte davon eilende Kollegin. \u201eWenn so etwas passiert, wissen wir, dass die Patienten alleine sind. Die besuchen wir dann auf jeden Fall noch einmal.\u201c Dann macht sie sich auf in Richtung Station.\u00a0<\/p>\n<p>Unterwegs erkl\u00e4rt sie, welche Voraussetzungen sie als \u201eGr\u00fcne Dame\u201c mitbringen muss: \u201eMan muss sich immer wieder auf neue Menschen einstellen k\u00f6nnen und braucht ein gutes Gef\u00fchl daf\u00fcr, was der Patient w\u00fcnscht. Und man sollte unbedingt gut zuh\u00f6ren k\u00f6nnen. Oft erz\u00e4hlen uns Patienten ihre ganze Kranken- oder sogar Lebensgeschichte. Sie m\u00f6chten ihre Angeh\u00f6rigen nicht damit belasten und den Krankenschwestern und -pflegern bleibt immer weniger Zeit f\u00fcr ein Gespr\u00e4ch\u201c, erkl\u00e4rt sie.<\/p>\n<blockquote>\n<p>\u00bbAber ich bin \u00fcberzeugt, dass auch ein liebes Wort wichtig f\u00fcr die Genesung ist!\u00ab<\/p>\n<\/blockquote>\n<p>Die Gespr\u00e4che seien oft nicht einfach, aber im Team des Besuchsdienstes f\u00fchle sie sich gut aufgehoben: \u201eWir k\u00f6nnen untereinander \u00fcber alles reden.\u201c Gegen\u00fcber Dritten gelte f\u00fcr sie jedoch <a href=\"https:\/\/www.stadtwerke-osnabrueck.de\/blog\/wp-content\/uploads\/2015\/11\/gruene_damen_und_herren_109.jpg\" rel=\"lightbox\"><img decoding=\"async\" class=\"size-thumbnail wp-image-158 alignright\" src=\"https:\/\/www.stadtwerke-osnabrueck.de\/blog\/wp-content\/uploads\/2015\/11\/gruene_damen_und_herren_109-360x360.jpg\" alt=\"Gr\u00fcne Damen und Herren Osnabr\u00fcck\" width=\"360\" height=\"360\" \/><\/a>die Schweigepflicht. Auch Fortbildungen und regelm\u00e4\u00dfige Gruppentreffen helfen, das Erlebte besser zu verarbeiten.<\/p>\n<p>Inzwischen steht Marion Burdorf am Stationszimmer: \u201eFrau Landwehr w\u00fcnscht einen Besuch\u201c, erkl\u00e4rt die diensthabende Schwester. Vorsichtig klopft die \u201eGr\u00fcne Dame\u201c an, begr\u00fc\u00dft die beiden Patientinnen im Zimmer, fragt, wie es ihnen geht und setzt sich dann ans Bett von Eva-Maria Landwehr. Diese macht sich Gedanken \u00fcber die anstehende Reha. Marion Burdorf h\u00f6rt zu, l\u00e4chelt und findet einige aufmunternde, pers\u00f6nliche Worte. Schlie\u00dflich legt sie der Patientin noch einen selbst bemalten Handschmeichler in die Hand.<\/p>\n<blockquote>\n<p>\u00bbWir bekommen so viel zur\u00fcck. Manchmal ist es nur ein Blick, der sagt, das hat gut getan.\u00ab\u00a0<\/p>\n<\/blockquote>\n<p>Die Aufgabe habe auch sie ver\u00e4ndert: \u201eMan wird dankbar f\u00fcr die eigene Gesundheit und es st\u00e4rkt mich, dass ich hier gebraucht werde\u201c, sagt die 65-J\u00e4hrige. Als die Mitarbeiter der Freiwilligen-Agentur\u00a0 vor sieben Jahren meinten, dies sei eine passende Aufgabe f\u00fcr sie, sei sie erst skeptisch gewesen: \u201eJetzt m\u00f6chte ich diese Aufgabe aber nicht mehr missen. Ich wei\u00df, dass ich hier an der richtigen Stelle bin und w\u00fcrde diese sch\u00f6ne Erfahrung auch gerne mit neuen Teammitgliedern teilen\u201c, sagt sie und eilt zum n\u00e4chsten Patienten.<\/p>\n<p><a href=\"http:\/\/www.klinikum-os.de\/service\/soziale-dienste\/gruene-damen-und-herren\/\" target=\"_blank\">Mehr Informationen zu den Gr\u00fcnen Damen und Herren finden Sie hier<\/a>.<\/p>\n<\/div>\n<\/div><\/div><\/div><\/div><\/div>","protected":false},"excerpt":{"rendered":"<p>Studien belegen es: Sozial aktive Menschen sind zufriedenere Menschen. Dabei spielen Familie und Nachbarschaft nach wie vor eine gro\u00dfe Rolle, doch immer mehr Engagierte gehen auf die Suche nach anderen M\u00f6glichkeiten \u2013 und finden ihre Erf\u00fcllung in einem Ehrenamt oder einem freiwilligen Engagement. So gibt es viele Beispiele in Osnabr\u00fcck und der Region, wo Menschen [&hellip;]<\/p>\n","protected":false},"author":4,"featured_media":157,"comment_status":"open","ping_status":"open","sticky":false,"template":"","format":"standard","meta":{"footnotes":""},"categories":[99],"tags":[27,77,641,655,9],"class_list":["post-174","post","type-post","status-publish","format-standard","has-post-thumbnail","hentry","category-finden-wir-gut","tag-engagement","tag-freizeit","tag-hilfe","tag-menschen","tag-osnabrueck"],"aioseo_notices":[],"_links":{"self":[{"href":"https:\/\/www.stadtwerke-osnabrueck.de\/blog\/wp-json\/wp\/v2\/posts\/174","targetHints":{"allow":["GET"]}}],"collection":[{"href":"https:\/\/www.stadtwerke-osnabrueck.de\/blog\/wp-json\/wp\/v2\/posts"}],"about":[{"href":"https:\/\/www.stadtwerke-osnabrueck.de\/blog\/wp-json\/wp\/v2\/types\/post"}],"author":[{"embeddable":true,"href":"https:\/\/www.stadtwerke-osnabrueck.de\/blog\/wp-json\/wp\/v2\/users\/4"}],"replies":[{"embeddable":true,"href":"https:\/\/www.stadtwerke-osnabrueck.de\/blog\/wp-json\/wp\/v2\/comments?post=174"}],"version-history":[{"count":0,"href":"https:\/\/www.stadtwerke-osnabrueck.de\/blog\/wp-json\/wp\/v2\/posts\/174\/revisions"}],"wp:featuredmedia":[{"embeddable":true,"href":"https:\/\/www.stadtwerke-osnabrueck.de\/blog\/wp-json\/wp\/v2\/media\/157"}],"wp:attachment":[{"href":"https:\/\/www.stadtwerke-osnabrueck.de\/blog\/wp-json\/wp\/v2\/media?parent=174"}],"wp:term":[{"taxonomy":"category","embeddable":true,"href":"https:\/\/www.stadtwerke-osnabrueck.de\/blog\/wp-json\/wp\/v2\/categories?post=174"},{"taxonomy":"post_tag","embeddable":true,"href":"https:\/\/www.stadtwerke-osnabrueck.de\/blog\/wp-json\/wp\/v2\/tags?post=174"}],"curies":[{"name":"wp","href":"https:\/\/api.w.org\/{rel}","templated":true}]}}