{"id":1415,"date":"2016-05-30T15:00:35","date_gmt":"2016-05-30T13:00:35","guid":{"rendered":"https:\/\/www.stadtwerke-osnabrueck.de\/blog\/?p=1415"},"modified":"2022-10-19T13:37:11","modified_gmt":"2022-10-19T11:37:11","slug":"eine-bus-schulung-der-besonderen-art","status":"publish","type":"post","link":"https:\/\/www.stadtwerke-osnabrueck.de\/blog\/2016\/05\/30\/eine-bus-schulung-der-besonderen-art\/","title":{"rendered":"Eine Busschulung der besonderen Art"},"content":{"rendered":"<div id=\"pl-1415\"  class=\"panel-layout\" ><div id=\"pg-1415-0\"  class=\"panel-grid panel-no-style\" ><div id=\"pgc-1415-0-0\"  class=\"panel-grid-cell\" ><div id=\"panel-1415-0-0-0\" class=\"so-panel widget widget_sow-headline panel-first-child panel-last-child\" data-index=\"0\" ><div\n\t\t\t\n\t\t\tclass=\"so-widget-sow-headline so-widget-sow-headline-default-138ff3684e16-1415\"\n\t\t\t\n\t\t><div class=\"sow-headline-container \">\n\t\t\t\t\t\t\t<h2 class=\"sow-headline\">\n\t\t\t\t\t\tBusfahrer und Fahrg\u00e4ste mit Behinderung lernen voneinander\t\t\t\t\t\t<\/h2>\n\t\t\t\t\t\t\t\t\t\t\t<div class=\"decoration\">\n\t\t\t\t\t\t<div class=\"decoration-inside\"><\/div>\n\t\t\t\t\t<\/div>\n\t\t\t\t\t<\/div>\n<\/div><\/div><\/div><\/div><div id=\"pg-1415-1\"  class=\"panel-grid panel-no-style\" ><div id=\"pgc-1415-1-0\"  class=\"panel-grid-cell\" ><div id=\"panel-1415-1-0-0\" class=\"so-panel widget widget_sow-editor panel-first-child panel-last-child\" data-index=\"1\" ><div\n\t\t\t\n\t\t\tclass=\"so-widget-sow-editor so-widget-sow-editor-base\"\n\t\t\t\n\t\t>\n<div class=\"siteorigin-widget-tinymce textwidget\">\n\t<div id=\"attachment_1421\" style=\"width: 370px\" class=\"wp-caption alignleft\"><a href=\"https:\/\/www.stadtwerke-osnabrueck.de\/blog\/wp-content\/uploads\/2016\/05\/Schulung-HHO-001.jpg\" rel=\"lightbox\"><img aria-describedby=\"caption-attachment-1421\" decoding=\"async\" class=\"wp-image-1421 size-thumbnail\" src=\"https:\/\/www.stadtwerke-osnabrueck.de\/blog\/wp-content\/uploads\/2016\/05\/Schulung-HHO-001-360x360.jpg\" alt=\"HHO-Schulung mit Brille\" width=\"360\" height=\"360\" \/><\/a><p id=\"caption-attachment-1421\" class=\"wp-caption-text\">Thomas Klenke testet die spezielle Brille und hat pl\u00f6tzlich Grauen Star.<\/p><\/div>\n<p>Thomas Klenke steigt m\u00fchsam in den Bus. Halskrause, Bleiweste und Fu\u00dfgewichte lassen ihn (gef\u00fchlt) um Jahre altern und erschweren den sonst so routinierten Einstieg. Von Kopf bis Fu\u00df ist der Busfahrer der Stadtwerke Osnabr\u00fcck mit insgesamt etwa <strong>30 Kilogramm Extragewichten<\/strong> ausgestattet. Eine Brille simuliert zus\u00e4tzlich unterschiedliche Sehbehinderungen, Kopfh\u00f6rer vermindern das H\u00f6rverm\u00f6gen. Thomas Klenke steckt in einem sogenannten Alterssimulationsanzug, der einen Perspektivwechsel der besonderen Art erm\u00f6glicht: Wir befinden uns mitten in der Praxisphase des <a href=\"https:\/\/www.stadtwerke-osnabrueck.de\/mobilitaet\/service-angebote\/mobilitaet-lernen\/soziale-projekte\">Projekts \"BusSchlau<\/a> -\u00a0 einer \u00a0regelm\u00e4\u00dfigen inklusiven <strong>Schulung von Stadtwerke und<\/strong> <a href=\"https:\/\/www.os-hho.de\/\" target=\"_blank\" rel=\"noopener noreferrer\"><strong>Heilp\u00e4dagogischer Hilfe Osnabr\u00fcck (HHO)<\/strong><\/a>. \u201eEs ist schon ein Unterschied, ob man das alles am eigenen Leib erf\u00e4hrt, oder immer nur aus unserer Position als Fahrer\u201c, erz\u00e4hlt Thomas Klenke.<\/p>\n<\/div>\n<\/div><\/div><\/div><\/div><div id=\"pg-1415-2\"  class=\"panel-grid panel-no-style\" ><div id=\"pgc-1415-2-0\"  class=\"panel-grid-cell\" ><div id=\"panel-1415-2-0-0\" class=\"so-panel widget widget_sow-editor panel-first-child panel-last-child\" data-index=\"2\" ><div\n\t\t\t\n\t\t\tclass=\"so-widget-sow-editor so-widget-sow-editor-base\"\n\t\t\t\n\t\t>\n<div class=\"siteorigin-widget-tinymce textwidget\">\n\t<div id=\"attachment_1422\" style=\"width: 370px\" class=\"wp-caption alignnone\"><a href=\"https:\/\/www.stadtwerke-osnabrueck.de\/blog\/wp-content\/uploads\/2016\/05\/Schulung-HHO-002.jpg\" rel=\"lightbox\"><img aria-describedby=\"caption-attachment-1422\" decoding=\"async\" class=\"wp-image-1422 size-thumbnail\" src=\"https:\/\/www.stadtwerke-osnabrueck.de\/blog\/wp-content\/uploads\/2016\/05\/Schulung-HHO-002-360x360.jpg\" alt=\"HHO-Schulung Alterssimulationsanzug\" width=\"360\" height=\"360\" \/><\/a><p id=\"caption-attachment-1422\" class=\"wp-caption-text\">Alterssimulationsanzug \"Gert\" l\u00e4sst die Teilnehmer (gef\u00fchlt) um Jahre altern.<\/p><\/div>\n<p>\u00a0<\/p>\n<\/div>\n<\/div><\/div><\/div><div id=\"pgc-1415-2-1\"  class=\"panel-grid-cell\" ><div id=\"panel-1415-2-1-0\" class=\"so-panel widget widget_sow-editor panel-first-child panel-last-child\" data-index=\"3\" ><div\n\t\t\t\n\t\t\tclass=\"so-widget-sow-editor so-widget-sow-editor-base\"\n\t\t\t\n\t\t>\n<div class=\"siteorigin-widget-tinymce textwidget\">\n\t<div id=\"attachment_1423\" style=\"width: 370px\" class=\"wp-caption alignnone\"><a href=\"https:\/\/www.stadtwerke-osnabrueck.de\/blog\/wp-content\/uploads\/2016\/05\/Schulung-HHO-005.jpg\" rel=\"lightbox\"><img aria-describedby=\"caption-attachment-1423\" decoding=\"async\" class=\"wp-image-1423 size-thumbnail\" src=\"https:\/\/www.stadtwerke-osnabrueck.de\/blog\/wp-content\/uploads\/2016\/05\/Schulung-HHO-005-360x360.jpg\" alt=\"HHO-Schulung\" width=\"360\" height=\"360\" \/><\/a><p id=\"caption-attachment-1423\" class=\"wp-caption-text\">Ralf Haunhorst zeigt den richtigen Ausstieg aus dem Bus mit Rollstuhl.<\/p><\/div>\n<p>\u00a0<\/p>\n<\/div>\n<\/div><\/div><\/div><\/div><div id=\"pg-1415-3\"  class=\"panel-grid panel-no-style\" ><div id=\"pgc-1415-3-0\"  class=\"panel-grid-cell\" ><div id=\"panel-1415-3-0-0\" class=\"so-panel widget widget_sow-editor panel-first-child\" data-index=\"4\" ><div\n\t\t\t\n\t\t\tclass=\"so-widget-sow-editor so-widget-sow-editor-base\"\n\t\t\t\n\t\t><h3 class=\"widget-title\">Perspektivwechsel schafft Bewusstsein<\/h3>\n<div class=\"siteorigin-widget-tinymce textwidget\">\n\t<p>W\u00e4hrend die Busfahrer testen wie man sich als Fahrgast mit Einschr\u00e4nkung f\u00fchlt, erfahren die Fahrg\u00e4ste in einem zweiten Bus, was es hei\u00dft selbst am Steuer zu sitzen: \u201eIch kann im Au\u00dfenspiegel niemanden mehr sehen\u201c, wundert sich Frank Lucas. Die f\u00fcnf Personen, die sich entlang des Busses aufgereiht haben, sind im toten Winkel verschwunden.<\/p>\n<p>Ralf Haunhorst, ebenfalls Busfahrer bei den Stadtwerken und regelm\u00e4\u00dfig im Rahmen der <a href=\"http:\/\/mobilitaet\/service-angebote\/mobilitaet-lernen\/busschule\" target=\"_blank\" rel=\"noopener noreferrer\">BusSchule<\/a> unterwegs, erkl\u00e4rt den Effekt und gibt zu bedenken: \u201eAuch wenn Fahrg\u00e4ste an der Haltestelle noch nach dem Bus rennen, verschwinden diese meist im toten Winkel. Dann kann der Fahrer sie gar nicht erst sehen.\u201c<\/p>\n<blockquote>\n<p>Gegenseitiges Verst\u00e4ndnis schaffen, Fragen kl\u00e4ren und Missverst\u00e4ndnisse ausr\u00e4umen: Genau das ist Hintergrund der in dieser Form einmaligen Schulung.<\/p>\n<\/blockquote>\n<p>\u201eEs gibt viel Kl\u00e4rungsbedarf zwischen Busfahrern und Fahrg\u00e4sten\u201c, wei\u00df Haunhorst aus Erfahrung. \u201eOft hilft ein einfaches Gespr\u00e4ch, um diese aus dem Weg zu r\u00e4umen. Oder eben ein Perspektivwechsel wie er in solchen sozialen Projekten mit der HHO erm\u00f6glicht wird.\u201c<\/p>\n<\/div>\n<\/div><\/div><div id=\"panel-1415-3-0-1\" class=\"so-panel widget widget_sow-editor\" data-index=\"5\" ><div\n\t\t\t\n\t\t\tclass=\"so-widget-sow-editor so-widget-sow-editor-base\"\n\t\t\t\n\t\t><h3 class=\"widget-title\">Gegenseitiger Austausch steht im Vordergrund<\/h3>\n<div class=\"siteorigin-widget-tinymce textwidget\">\n\t<div id=\"attachment_1424\" style=\"width: 370px\" class=\"wp-caption alignright\"><img aria-describedby=\"caption-attachment-1424\" decoding=\"async\" class=\"wp-image-1424 size-thumbnail\" src=\"https:\/\/www.stadtwerke-osnabrueck.de\/blog\/wp-content\/uploads\/2016\/05\/Schulung-HHO-007-360x360.jpg\" alt=\"HHO-Schulung Arbeitsplatz\" width=\"360\" height=\"360\" \/><p id=\"caption-attachment-1424\" class=\"wp-caption-text\">Auch der Werkstattbereich der HHO wurde besichtigt.<\/p><\/div>\n<p>Den Vormittag nutzen alle Teilnehmer deshalb zun\u00e4chst f\u00fcr ein gegenseitiges Kennenlernen und einen zwanglosen Austausch. So wurden auch die bisherigen Erfahrungen im \u00f6ffentlichen Personennahverkehr thematisiert.<\/p>\n<blockquote>\n<p>\u00bbF\u00fcr viele unserer Mitarbeiter bedeutet das Busfahren ein hohes Ma\u00df an Lebensqualit\u00e4t\u00ab, erz\u00e4hlt Jens P\u00f6ttger, Leiter im Bereich Berufliche Bildung bei der HHO.<\/p>\n<\/blockquote>\n<p>\u201eSie nutzen den Bus f\u00fcr den Weg zur Arbeit oder aber f\u00fcr private Unternehmungen.\u201c Das Osnabr\u00fccker Liniennetz ist den Teilnehmern deshalb nicht fremd: Frank Lucas wei\u00df genau mit welcher Linie er morgens am schnellsten zu seinem Arbeitsplatz in die Werkstatt in Sutthausen kommt.<\/p>\n<p>An der einen oder anderen Stelle ergeben sich jedoch hin und wieder Fragen oder Missverst\u00e4ndnisse. \u201eAuch f\u00fcr die Fahrer sind die Situationen in den Bussen nicht immer leicht einzusch\u00e4tzen, denn nicht jede Behinderung ist auf den ersten Blick erkennbar\u201c, wei\u00df P\u00f6ttger. Aus diesem Grund unterst\u00fctzten bei der Schulung zus\u00e4tzlich ein Psychologe und eine Geb\u00e4rdendolmetscherin beim richtigen Umgang in schwierigen oder ungewohnten Situationen.<\/p>\n<\/div>\n<\/div><\/div><div id=\"panel-1415-3-0-2\" class=\"so-panel widget widget_sow-editor panel-last-child\" data-index=\"6\" ><div\n\t\t\t\n\t\t\tclass=\"so-widget-sow-editor so-widget-sow-editor-base\"\n\t\t\t\n\t\t><h3 class=\"widget-title\">Schulung mit IHK-Bildungspreis ausgezeichnet<\/h3>\n<div class=\"siteorigin-widget-tinymce textwidget\">\n\t<p>Der Erfolg des <strong>inklusiven Schulungskonzeptes<\/strong> zeigt sich nicht nur bei Fahrern und Fahrg\u00e4sten mit Behinderung: Die Industrie- und Handelskammer zeichnete das gemeinsame Projekt von Stadtwerken und HHO zu Beginn des Jahres mit dem <strong>2. Platz des IHK-Bildungspreises<\/strong> in der Kategorie \u201eSonderpreis\u201c aus. Insgesamt traten neben den Stadtwerken elf weitere Teilnehmer an, um unter dem Motto \u201eF\u00fcr Gipfelst\u00fcrmer\u201c beim bundesweit ausgelobten IHK-Bildungspreis 2016 ihre Projekte zu pr\u00e4sentieren.<\/p>\n<\/div>\n<\/div><\/div><\/div><\/div><div id=\"pg-1415-4\"  class=\"panel-grid panel-no-style\" ><div id=\"pgc-1415-4-0\"  class=\"panel-grid-cell\" ><div id=\"panel-1415-4-0-0\" class=\"so-panel widget widget_sow-editor panel-first-child panel-last-child\" data-index=\"7\" ><div\n\t\t\t\n\t\t\tclass=\"so-widget-sow-editor so-widget-sow-editor-base\"\n\t\t\t\n\t\t>\n<div class=\"siteorigin-widget-tinymce textwidget\">\n\t<div class=\"lyte-wrapper\" title=\"IHK-Bildungspreis 2016: Inklusives Schulungskonzept der Stadtwerke Osnabr&uuml;ck\" style=\"width:853px;max-width:100%;margin:5px;\"><div class=\"lyMe\" id=\"WYL_HghsHPbgy4w\" itemprop=\"video\" itemscope itemtype=\"https:\/\/schema.org\/VideoObject\"><div><meta itemprop=\"thumbnailUrl\" content=\"https:\/\/i.ytimg.com\/vi\/HghsHPbgy4w\/hqdefault.jpg\" \/><meta itemprop=\"embedURL\" content=\"https:\/\/www.youtube.com\/embed\/HghsHPbgy4w\" \/><meta itemprop=\"duration\" content=\"PT3M32S\" \/><meta itemprop=\"uploadDate\" content=\"2016-04-05T12:41:39Z\" \/><\/div><div id=\"lyte_HghsHPbgy4w\" data-src=\"https:\/\/i.ytimg.com\/vi\/HghsHPbgy4w\/hqdefault.jpg\" class=\"pL\"><div class=\"tC\"><div class=\"tT\" itemprop=\"name\">IHK-Bildungspreis 2016: Inklusives Schulungskonzept der Stadtwerke Osnabr\u00fcck<\/div><\/div><div class=\"play\"><\/div><div class=\"ctrl\"><div class=\"Lctrl\"><\/div><div class=\"Rctrl\"><\/div><\/div><\/div><noscript><a href=\"https:\/\/youtu.be\/HghsHPbgy4w\" rel=\"nofollow\"><img decoding=\"async\" src=\"https:\/\/i.ytimg.com\/vi\/HghsHPbgy4w\/0.jpg\" rel=\"lightbox\" alt=\"IHK-Bildungspreis 2016: Inklusives Schulungskonzept der Stadtwerke Osnabr&uuml;ck\" width=\"853\" height=\"460\" \/><br \/>Dieses Video auf YouTube ansehen<\/a><\/noscript><meta itemprop=\"description\" content=\"Das inklusive Schulungskonzept der Stadtwerke Osnabr\u00fcck zur Nutzung \u00f6ffentlicher Verkehrsmittel findet beim IHK-Bildungspreis bundesweit Beachtung und belegt den 2. Platz in der Kategorie Sonderpreis. Mehr Infos unter: http:\/\/www.swo.de\/projekthho\"><\/div><\/div><div class=\"lL\" style=\"max-width:100%;width:853px;margin:5px;\"><\/div><\/p>\n<\/div>\n<\/div><\/div><\/div><\/div><\/div>","protected":false},"excerpt":{"rendered":"<p>Thomas Klenke steigt m\u00fchsam in den Bus. Halskrause, Bleiweste und Fu\u00dfgewichte lassen ihn (gef\u00fchlt) um Jahre altern und erschweren den sonst so routinierten Einstieg. Von Kopf bis Fu\u00df ist der Busfahrer der Stadtwerke Osnabr\u00fcck mit insgesamt etwa 30 Kilogramm Extragewichten ausgestattet. Eine Brille simuliert zus\u00e4tzlich unterschiedliche Sehbehinderungen, Kopfh\u00f6rer vermindern das H\u00f6rverm\u00f6gen. Thomas Klenke steckt in [&hellip;]<\/p>\n","protected":false},"author":3,"featured_media":1442,"comment_status":"open","ping_status":"closed","sticky":false,"template":"","format":"standard","meta":{"footnotes":""},"categories":[99,3],"tags":[641,655,12,70,9],"class_list":["post-1415","post","type-post","status-publish","format-standard","has-post-thumbnail","hentry","category-finden-wir-gut","category-startseite","tag-hilfe","tag-menschen","tag-mitarbeiter","tag-mobilitaet","tag-osnabrueck"],"aioseo_notices":[],"_links":{"self":[{"href":"https:\/\/www.stadtwerke-osnabrueck.de\/blog\/wp-json\/wp\/v2\/posts\/1415","targetHints":{"allow":["GET"]}}],"collection":[{"href":"https:\/\/www.stadtwerke-osnabrueck.de\/blog\/wp-json\/wp\/v2\/posts"}],"about":[{"href":"https:\/\/www.stadtwerke-osnabrueck.de\/blog\/wp-json\/wp\/v2\/types\/post"}],"author":[{"embeddable":true,"href":"https:\/\/www.stadtwerke-osnabrueck.de\/blog\/wp-json\/wp\/v2\/users\/3"}],"replies":[{"embeddable":true,"href":"https:\/\/www.stadtwerke-osnabrueck.de\/blog\/wp-json\/wp\/v2\/comments?post=1415"}],"version-history":[{"count":0,"href":"https:\/\/www.stadtwerke-osnabrueck.de\/blog\/wp-json\/wp\/v2\/posts\/1415\/revisions"}],"wp:featuredmedia":[{"embeddable":true,"href":"https:\/\/www.stadtwerke-osnabrueck.de\/blog\/wp-json\/wp\/v2\/media\/1442"}],"wp:attachment":[{"href":"https:\/\/www.stadtwerke-osnabrueck.de\/blog\/wp-json\/wp\/v2\/media?parent=1415"}],"wp:term":[{"taxonomy":"category","embeddable":true,"href":"https:\/\/www.stadtwerke-osnabrueck.de\/blog\/wp-json\/wp\/v2\/categories?post=1415"},{"taxonomy":"post_tag","embeddable":true,"href":"https:\/\/www.stadtwerke-osnabrueck.de\/blog\/wp-json\/wp\/v2\/tags?post=1415"}],"curies":[{"name":"wp","href":"https:\/\/api.w.org\/{rel}","templated":true}]}}