{"id":13928,"date":"2025-12-16T09:07:48","date_gmt":"2025-12-16T08:07:48","guid":{"rendered":"https:\/\/www.stadtwerke-osnabrueck.de\/blog\/?p=13928"},"modified":"2025-12-16T09:07:49","modified_gmt":"2025-12-16T08:07:49","slug":"mehr-power-fuers-stromnetz","status":"publish","type":"post","link":"https:\/\/www.stadtwerke-osnabrueck.de\/blog\/2025\/12\/16\/mehr-power-fuers-stromnetz\/","title":{"rendered":"Mehr Power f\u00fcrs Stromnetz"},"content":{"rendered":"<div id=\"pl-13928\"  class=\"panel-layout\" ><div id=\"pg-13928-0\"  class=\"panel-grid panel-no-style\" ><div id=\"pgc-13928-0-0\"  class=\"panel-grid-cell\" ><div id=\"panel-13928-0-0-0\" class=\"so-panel widget widget_sow-editor panel-first-child\" data-index=\"0\" ><div\n\t\t\t\n\t\t\tclass=\"so-widget-sow-editor so-widget-sow-editor-base\"\n\t\t\t\n\t\t>\n<div class=\"siteorigin-widget-tinymce textwidget\">\n\t<p><span class=\"TextRun SCXW62169861 BCX8\" lang=\"DE-DE\" xml:lang=\"DE-DE\" data-contrast=\"auto\"><span class=\"NormalTextRun SCXW62169861 BCX8\">Ein\u00a0<\/span><span class=\"NormalTextRun CommentStart SCXW62169861 BCX8\">gut<\/span><span class=\"NormalTextRun SCXW62169861 BCX8\">es\u00a0<\/span><span class=\"NormalTextRun SCXW62169861 BCX8\">Dutzend Sattelschlepper, e<\/span><span class=\"NormalTextRun SCXW62169861 BCX8\">in 500-Tonnen-Kran<\/span><span class=\"NormalTextRun SCXW62169861 BCX8\">\u00a0und<\/span><span class=\"NormalTextRun SCXW62169861 BCX8\">\u00a0massive Betonelemente<\/span><span class=\"NormalTextRun SCXW62169861 BCX8\">, die durch die Luft ge<\/span><span class=\"NormalTextRun SCXW62169861 BCX8\">hievt<\/span><span class=\"NormalTextRun SCXW62169861 BCX8\">\u00a0werden. Klingt nach Schwerstarbeit? Ist es auch \u2013 aber auch ein wichtiger Schritt f\u00fcr das Gelingen der Energiewende in Osnabr\u00fcck.<\/span><\/span><span class=\"EOP SCXW62169861 BCX8\" data-ccp-props=\"{}\">\u00a0<\/span><\/p>\n<p><img decoding=\"async\" class=\"alignnone size-medium wp-image-13938\" src=\"https:\/\/www.stadtwerke-osnabrueck.de\/blog\/wp-content\/uploads\/2025\/12\/ellerstr-fk-26-750x497.jpg\" alt=\"\" width=\"750\" height=\"497\" srcset=\"https:\/\/www.stadtwerke-osnabrueck.de\/blog\/wp-content\/uploads\/2025\/12\/ellerstr-fk-26-750x497.jpg 750w, https:\/\/www.stadtwerke-osnabrueck.de\/blog\/wp-content\/uploads\/2025\/12\/ellerstr-fk-26-768x509.jpg 768w, https:\/\/www.stadtwerke-osnabrueck.de\/blog\/wp-content\/uploads\/2025\/12\/ellerstr-fk-26.jpg 1500w\" sizes=\"(max-width: 750px) 100vw, 750px\" \/><\/p>\n<\/div>\n<\/div><\/div><div id=\"panel-13928-0-0-1\" class=\"so-panel widget widget_sow-editor\" data-index=\"1\" ><div\n\t\t\t\n\t\t\tclass=\"so-widget-sow-editor so-widget-sow-editor-base\"\n\t\t\t\n\t\t><h3 class=\"widget-title\">Neues \"Strom-Verteilzentrum\"<\/h3>\n<div class=\"siteorigin-widget-tinymce textwidget\">\n\t<p><span class=\"TextRun SCXW67093917 BCX8\" lang=\"DE-DE\" xml:lang=\"DE-DE\" data-contrast=\"auto\"><span class=\"NormalTextRun SCXW67093917 BCX8\">Osnabr\u00fcck steckt mittendrin in der Energiewende und \u00fcberall wird daran gebaut. Als Netzbetreiber f\u00fcr Osnabr\u00fcck investiert die\u00a0<\/span><a href=\"https:\/\/www.swo-netz.de\/\"><span class=\"NormalTextRun ContextualSpellingAndGrammarErrorV2Themed SCXW67093917 BCX8\">SWO Netz<\/span><\/a><span class=\"NormalTextRun SCXW67093917 BCX8\">\u00a0massiv in den Ausbau\u00a0<\/span><span class=\"NormalTextRun SCXW67093917 BCX8\">ihres<\/span><span class=\"NormalTextRun SCXW67093917 BCX8\">\u00a0Stromnetze<\/span><span class=\"NormalTextRun SCXW67093917 BCX8\">s<\/span><span class=\"NormalTextRun SCXW67093917 BCX8\">. Dazu geh\u00f6ren aber nicht nur die Leitungen unter der Erde, sondern auch andere Teile der Infrastruktur. Schalth\u00e4user zum Beispiel. An der\u00a0<\/span><span class=\"NormalTextRun SpellingErrorV2Themed SCXW67093917 BCX8\">Ellerstra\u00dfe<\/span><span class=\"NormalTextRun SCXW67093917 BCX8\">\u00a0im Stadtteil\u00a0<\/span><span class=\"NormalTextRun SpellingErrorV2Themed SCXW67093917 BCX8\">Dodesheide<\/span><span class=\"NormalTextRun SCXW67093917 BCX8\">\u00a0hat die Stadtwerke-Netztochter\u00a0<\/span><span class=\"NormalTextRun SCXW67093917 BCX8\">nun\u00a0<\/span><span class=\"NormalTextRun SCXW67093917 BCX8\">ein solches neues\u00a0<\/span><span class=\"NormalTextRun SCXW67093917 BCX8\">\u201eStrom-<\/span><span class=\"NormalTextRun SCXW67093917 BCX8\">Verteilzentrum<\/span><span class=\"NormalTextRun SCXW67093917 BCX8\">\u201c<\/span><span class=\"NormalTextRun SCXW67093917 BCX8\">\u00a0errichtet.<\/span><\/span><span class=\"EOP SCXW67093917 BCX8\" data-ccp-props=\"{}\">\u00a0<\/span><\/p>\n<\/div>\n<\/div><\/div><div id=\"panel-13928-0-0-2\" class=\"so-panel widget widget_sow-editor\" data-index=\"2\" ><div\n\t\t\t\n\t\t\tclass=\"so-widget-sow-editor so-widget-sow-editor-base\"\n\t\t\t\n\t\t><h3 class=\"widget-title\">Alles f\u00fcr eine sichere Stromversorgung auf zwei Etagen<\/h3>\n<div class=\"siteorigin-widget-tinymce textwidget\">\n\t<p><span class=\"TextRun SCXW228437107 BCX8\" lang=\"DE-DE\" xml:lang=\"DE-DE\" data-contrast=\"auto\"><span class=\"NormalTextRun SCXW228437107 BCX8\">Der\u00a0<\/span><span class=\"NormalTextRun SCXW228437107 BCX8\">Anlage<\/span><span class=\"NormalTextRun SCXW228437107 BCX8\">\u00a0am Dammer Hof<\/span><span class=\"NormalTextRun SCXW228437107 BCX8\">\u00a0ist dabei eines von rund einem Dutzend weiterer Schalth\u00e4user im ganzen Stadtgebiet<\/span><span class=\"NormalTextRun SCXW228437107 BCX8\">,\u00a0<\/span><span class=\"NormalTextRun AdvancedProofingIssueV2Themed SCXW228437107 BCX8\">die sozusagen<\/span><span class=\"NormalTextRun SCXW228437107 BCX8\">\u00a0die Knotenpunkte des mehr als 3000 Kilometer langen Verteilnetzes\u00a0<\/span><span class=\"NormalTextRun SCXW228437107 BCX8\">bilden. Auf zwei Etagen\u00a0<\/span><span class=\"NormalTextRun SCXW228437107 BCX8\">werden k\u00fcnftig\u00a0<\/span><span class=\"NormalTextRun SCXW228437107 BCX8\">Schaltanlagen und viel weitere Technik f\u00fcr eine sichere Stromversorgung<\/span><span class=\"NormalTextRun SCXW228437107 BCX8\">\u00a0<\/span><span class=\"NormalTextRun SCXW228437107 BCX8\">der<\/span><span class=\"NormalTextRun SCXW228437107 BCX8\">\u00a0umliegenden Quartiere sorgen.\u00a0<\/span><span class=\"NormalTextRun SCXW228437107 BCX8\">Weil es schneller geht, haben sich die Stromexperten der\u00a0<\/span><span class=\"NormalTextRun ContextualSpellingAndGrammarErrorV2Themed SCXW228437107 BCX8\">SWO Netz<\/span><span class=\"NormalTextRun SCXW228437107 BCX8\">\u00a0dabei<\/span><span class=\"NormalTextRun SCXW228437107 BCX8\">\u00a0f\u00fcr ein Geb\u00e4ude in Fertigbauweise entschieden. Doch daf\u00fcr war schweres Ger\u00e4t notwendig: Ein auch in Osnabr\u00fcck nicht h\u00e4ufig zu sehender\u00a0<\/span><span class=\"NormalTextRun SCXW228437107 BCX8\">500 <\/span><span class=\"NormalTextRun SCXW228437107 BCX8\">Tonnen-<\/span><span class=\"NormalTextRun SCXW228437107 BCX8\">Autokran h<\/span><span class=\"NormalTextRun SCXW228437107 BCX8\">ievte<\/span><span class=\"NormalTextRun SCXW228437107 BCX8\">\u00a0die Elemente millimetergenau in die vorbereitete Baugrube<\/span><span class=\"NormalTextRun SCXW228437107 BCX8\">. 160 Tonnen wiegen die vier Bauteile, die k\u00fcnftig das neue Schalthaus im Osnabr\u00fccker Nordosten beherbergen.<\/span><\/span><span class=\"EOP SCXW228437107 BCX8\" data-ccp-props=\"{}\">\u00a0<\/span><\/p>\n<p><img decoding=\"async\" class=\"alignnone size-medium wp-image-13940\" src=\"https:\/\/www.stadtwerke-osnabrueck.de\/blog\/wp-content\/uploads\/2025\/12\/ellerstr-fk-43-750x497.jpg\" alt=\"\" width=\"750\" height=\"497\" srcset=\"https:\/\/www.stadtwerke-osnabrueck.de\/blog\/wp-content\/uploads\/2025\/12\/ellerstr-fk-43-750x497.jpg 750w, https:\/\/www.stadtwerke-osnabrueck.de\/blog\/wp-content\/uploads\/2025\/12\/ellerstr-fk-43-768x509.jpg 768w, https:\/\/www.stadtwerke-osnabrueck.de\/blog\/wp-content\/uploads\/2025\/12\/ellerstr-fk-43.jpg 1500w\" sizes=\"(max-width: 750px) 100vw, 750px\" \/><\/p>\n<\/div>\n<\/div><\/div><div id=\"panel-13928-0-0-3\" class=\"so-panel widget widget_sow-editor\" data-index=\"3\" ><div\n\t\t\t\n\t\t\tclass=\"so-widget-sow-editor so-widget-sow-editor-base\"\n\t\t\t\n\t\t><h3 class=\"widget-title\">Doch wozu dient eigentlich so ein Schalthaus?<\/h3>\n<div class=\"siteorigin-widget-tinymce textwidget\">\n\t<p><span class=\"TextRun SCXW178411911 BCX8\" lang=\"DE-DE\" xml:lang=\"DE-DE\" data-contrast=\"auto\"><span class=\"NormalTextRun SCXW178411911 BCX8\">Mit W\u00e4rmepumpen,\u00a0<\/span><span class=\"NormalTextRun SpellingErrorV2Themed SCXW178411911 BCX8\">E-<\/span><span class=\"NormalTextRun SpellingErrorV2Themed SCXW178411911 BCX8\">Autos<\/span><span class=\"NormalTextRun SCXW178411911 BCX8\">\u00a0und immer mehr Solarstrom auf den D\u00e4chern ver\u00e4ndert sich, wie und wo Strom flie\u00dft. Ein Schalthaus ist dabei so etwas wie das Verteilerzentrum f\u00fcrs lokale\u00a0<\/span><span class=\"NormalTextRun SCXW178411911 BCX8\">Strom<\/span><span class=\"NormalTextRun SCXW178411911 BCX8\">netz<\/span><span class=\"NormalTextRun SCXW178411911 BCX8\">.\u00a0<\/span><span class=\"NormalTextRun SCXW178411911 BCX8\">Es verbindet<\/span><span class=\"NormalTextRun SCXW178411911 BCX8\">\u00a0die Ver\u00e4stelungen des\u00a0<\/span><span class=\"NormalTextRun SCXW178411911 BCX8\">N<\/span><span class=\"NormalTextRun SCXW178411911 BCX8\">etzes miteinander und macht es dadurch flexibler und sicherer. Au\u00dferdem\u00a0<\/span><span class=\"NormalTextRun SCXW178411911 BCX8\">sorgt die\u00a0<\/span><span class=\"NormalTextRun SCXW178411911 BCX8\">Schutz- und Leittechnik daf\u00fcr, dass bei einer St\u00f6rung schnell reagiert werden kann.<\/span><span class=\"NormalTextRun SCXW178411911 BCX8\">\u00a0<\/span><span class=\"NormalTextRun SCXW178411911 BCX8\">Kurz:\u00a0<\/span><span class=\"NormalTextRun SCXW178411911 BCX8\">Schalth\u00e4user<\/span><span class=\"NormalTextRun SCXW178411911 BCX8\">\u00a0mach<\/span><span class=\"NormalTextRun SCXW178411911 BCX8\">en<\/span><span class=\"NormalTextRun SCXW178411911 BCX8\">\u00a0unser Netz robuster, smarter und bereit f\u00fcr die Energiewende.<\/span><span class=\"NormalTextRun SCXW178411911 BCX8\">\u00a0<\/span><\/span><span class=\"EOP SCXW178411911 BCX8\" data-ccp-props=\"{}\">\u00a0<\/span><\/p>\n<\/div>\n<\/div><\/div><div id=\"panel-13928-0-0-4\" class=\"so-panel widget widget_sow-editor panel-last-child\" data-index=\"4\" ><div\n\t\t\t\n\t\t\tclass=\"so-widget-sow-editor so-widget-sow-editor-base\"\n\t\t\t\n\t\t><h3 class=\"widget-title\">Ab Fr\u00fchjahr 2026 am Netz<\/h3>\n<div class=\"siteorigin-widget-tinymce textwidget\">\n\t<p><span class=\"TextRun SCXW114440985 BCX8\" lang=\"DE-DE\" xml:lang=\"DE-DE\" data-contrast=\"auto\"><span class=\"NormalTextRun SCXW114440985 BCX8\">Auch wenn nicht jeden Tag 160 Tonnen Beton durch den Osnabr\u00fccker Himmel fliegen<\/span><span class=\"NormalTextRun SCXW114440985 BCX8\">: F\u00fcr die beteiligten Fachunternehmen war das Vorhaben Routine. Nun, n<\/span><span class=\"NormalTextRun SCXW114440985 BCX8\">achdem die Fertigteile perfekt aufeinander<\/span><span class=\"NormalTextRun SCXW114440985 BCX8\">gesetzt wurden<\/span><span class=\"NormalTextRun SCXW114440985 BCX8\">, folgt\u00a0<\/span><span class=\"NormalTextRun SCXW114440985 BCX8\">der Innenausbau<\/span><span class=\"NormalTextRun SCXW114440985 BCX8\">\u00a0mit der Installation der Technik<\/span><span class=\"NormalTextRun SCXW114440985 BCX8\">.\u00a0<\/span><span class=\"NormalTextRun SCXW114440985 BCX8\">Im Fr\u00fchjahr 2026 wird das Schalthaus dann schrittweise ans Netz gebracht. Und Osnabr\u00fcck ist der Energiewende wieder einen Schritt n\u00e4hergekommen.<\/span><\/span><span class=\"EOP SCXW114440985 BCX8\" data-ccp-props=\"{}\">\u00a0<\/span><\/p>\n<\/div>\n<\/div><\/div><\/div><\/div><\/div>","protected":false},"excerpt":{"rendered":"<p>Ein\u00a0gutes\u00a0Dutzend Sattelschlepper, ein 500-Tonnen-Kran\u00a0und\u00a0massive Betonelemente, die durch die Luft gehievt\u00a0werden. Klingt nach Schwerstarbeit? Ist es auch \u2013 aber auch ein wichtiger Schritt f\u00fcr das Gelingen der Energiewende in Osnabr\u00fcck.\u00a0 Osnabr\u00fcck steckt mittendrin in der Energiewende und \u00fcberall wird daran gebaut. Als Netzbetreiber f\u00fcr Osnabr\u00fcck investiert die\u00a0SWO Netz\u00a0massiv in den Ausbau\u00a0ihres\u00a0Stromnetzes. Dazu geh\u00f6ren aber nicht nur [&hellip;]<\/p>\n","protected":false},"author":15,"featured_media":13935,"comment_status":"open","ping_status":"closed","sticky":false,"template":"","format":"standard","meta":{"footnotes":""},"categories":[1],"tags":[],"class_list":["post-13928","post","type-post","status-publish","format-standard","has-post-thumbnail","hentry","category-allgemein"],"aioseo_notices":[],"_links":{"self":[{"href":"https:\/\/www.stadtwerke-osnabrueck.de\/blog\/wp-json\/wp\/v2\/posts\/13928","targetHints":{"allow":["GET"]}}],"collection":[{"href":"https:\/\/www.stadtwerke-osnabrueck.de\/blog\/wp-json\/wp\/v2\/posts"}],"about":[{"href":"https:\/\/www.stadtwerke-osnabrueck.de\/blog\/wp-json\/wp\/v2\/types\/post"}],"author":[{"embeddable":true,"href":"https:\/\/www.stadtwerke-osnabrueck.de\/blog\/wp-json\/wp\/v2\/users\/15"}],"replies":[{"embeddable":true,"href":"https:\/\/www.stadtwerke-osnabrueck.de\/blog\/wp-json\/wp\/v2\/comments?post=13928"}],"version-history":[{"count":5,"href":"https:\/\/www.stadtwerke-osnabrueck.de\/blog\/wp-json\/wp\/v2\/posts\/13928\/revisions"}],"predecessor-version":[{"id":13941,"href":"https:\/\/www.stadtwerke-osnabrueck.de\/blog\/wp-json\/wp\/v2\/posts\/13928\/revisions\/13941"}],"wp:featuredmedia":[{"embeddable":true,"href":"https:\/\/www.stadtwerke-osnabrueck.de\/blog\/wp-json\/wp\/v2\/media\/13935"}],"wp:attachment":[{"href":"https:\/\/www.stadtwerke-osnabrueck.de\/blog\/wp-json\/wp\/v2\/media?parent=13928"}],"wp:term":[{"taxonomy":"category","embeddable":true,"href":"https:\/\/www.stadtwerke-osnabrueck.de\/blog\/wp-json\/wp\/v2\/categories?post=13928"},{"taxonomy":"post_tag","embeddable":true,"href":"https:\/\/www.stadtwerke-osnabrueck.de\/blog\/wp-json\/wp\/v2\/tags?post=13928"}],"curies":[{"name":"wp","href":"https:\/\/api.w.org\/{rel}","templated":true}]}}