{"id":13792,"date":"2025-08-13T17:10:21","date_gmt":"2025-08-13T15:10:21","guid":{"rendered":"https:\/\/www.stadtwerke-osnabrueck.de\/blog\/?p=13792"},"modified":"2025-08-13T17:12:57","modified_gmt":"2025-08-13T15:12:57","slug":"vos-startet-testphase-fuer-ganztaegige-klapprad-mitnahme-im-bus","status":"publish","type":"post","link":"https:\/\/www.stadtwerke-osnabrueck.de\/blog\/2025\/08\/13\/vos-startet-testphase-fuer-ganztaegige-klapprad-mitnahme-im-bus\/","title":{"rendered":"VOS startet Testphase f\u00fcr ganzt\u00e4gige Klapprad-Mitnahme im Bus"},"content":{"rendered":"<div id=\"pl-13792\"  class=\"panel-layout\" ><div id=\"pg-13792-0\"  class=\"panel-grid panel-no-style\" ><div id=\"pgc-13792-0-0\"  class=\"panel-grid-cell\" ><div id=\"panel-13792-0-0-0\" class=\"so-panel widget widget_sow-headline panel-first-child\" data-index=\"0\" ><div\n\t\t\t\n\t\t\tclass=\"so-widget-sow-headline so-widget-sow-headline-default-efca47e51dbb-13792\"\n\t\t\t\n\t\t><div class=\"sow-headline-container \">\n\t\t\t\t\t\t\t<h2 class=\"sow-headline\">\n\t\t\t\t\t\tKompakt, klappbar, kostenlos: Neue Flexibilit\u00e4t f\u00fcr Pendler vom 14.08.25 bis 12.08.26\t\t\t\t\t\t<\/h2>\n\t\t\t\t\t\t\t\t\t\t\t<div class=\"decoration\">\n\t\t\t\t\t\t<div class=\"decoration-inside\"><\/div>\n\t\t\t\t\t<\/div>\n\t\t\t\t\t<\/div>\n<\/div><\/div><div id=\"panel-13792-0-0-1\" class=\"so-panel widget widget_sow-editor\" data-index=\"1\" ><div\n\t\t\t\n\t\t\tclass=\"so-widget-sow-editor so-widget-sow-editor-base\"\n\t\t\t\n\t\t>\n<div class=\"siteorigin-widget-tinymce textwidget\">\n\t<p>Mobilit\u00e4t ver\u00e4ndert sich \u2013 besonders auf der sogenannten \u201eletzten Meile\u201c. Immer mehr Menschen setzen auf klapp- oder faltbare Fahrr\u00e4der, um umweltfreundlich, flexibel und platzsparend ans Ziel zu kommen. Die <a href=\"http:\/\/www.vos.info\" target=\"_blank\" rel=\"noopener\">Verkehrsgemeinschaft Osnabr\u00fcck (VOS)<\/a> reagiert auf diesen Trend mit einem praxisnahen Angebot: Im Rahmen einer einj\u00e4hrigen Testphase d\u00fcrfen zusammengeklappte Klapp- und Faltr\u00e4der seit dem 14. August 2025 erstmals auch werktags tags\u00fcber kostenlos in allen VOS-Bussen mitgenommen werden \u2013 ganzt\u00e4gig, ohne Ticket.<\/p>\n<\/div>\n<\/div><\/div><div id=\"panel-13792-0-0-2\" class=\"so-panel widget widget_sow-editor\" data-index=\"2\" ><div\n\t\t\t\n\t\t\tclass=\"so-widget-sow-editor so-widget-sow-editor-base\"\n\t\t\t\n\t\t><h3 class=\"widget-title\">Was genau wird getestet?<\/h3>\n<div class=\"siteorigin-widget-tinymce textwidget\">\n\t<p>Bislang durften Klappr\u00e4der in Bussen der VOS nur abends (ab 19 Uhr), an Wochenenden und an Feiertagen kostenlos mitgenommen werden. Im Alltag \u2013 insbesondere im Berufsverkehr \u2013 galten bisher strengere Regeln. Die neue Testphase schafft nun mehr Freiheit f\u00fcr alle, die ihr kompaktes Rad im Berufs- oder Ausbildungsalltag mitnehmen wollen.<\/p>\n<\/div>\n<\/div><\/div><div id=\"panel-13792-0-0-3\" class=\"so-panel widget widget_sow-editor panel-last-child\" data-index=\"3\" ><div class=\"panel-widget-style panel-widget-style-for-13792-0-0-3\" ><div\n\t\t\t\n\t\t\tclass=\"so-widget-sow-editor so-widget-sow-editor-base\"\n\t\t\t\n\t\t>\n<div class=\"siteorigin-widget-tinymce textwidget\">\n\t<p><strong>Voraussetzung f\u00fcr die kostenlose Mitnahme bleibt jedoch:<\/strong><\/p>\n<ul>\n<li>Das Fahrrad muss bereits beim Zustieg zusammengeklappt sein.<\/li>\n<li>Es darf andere Fahrg\u00e4ste nicht behindern.<\/li>\n<li>Die Mitnahme erfolgt nur bei ausreichendem Platz.<\/li>\n<\/ul>\n<\/div>\n<\/div><\/div><\/div><\/div><\/div><div id=\"pg-13792-1\"  class=\"panel-grid panel-no-style\" ><div id=\"pgc-13792-1-0\"  class=\"panel-grid-cell\" ><div id=\"panel-13792-1-0-0\" class=\"so-panel widget widget_sow-editor panel-first-child\" data-index=\"4\" ><div\n\t\t\t\n\t\t\tclass=\"so-widget-sow-editor so-widget-sow-editor-base\"\n\t\t\t\n\t\t><h3 class=\"widget-title\">Warum jetzt \u2013 und warum Klappr\u00e4der?<\/h3>\n<div class=\"siteorigin-widget-tinymce textwidget\">\n\t<p><a href=\"https:\/\/www.stadtwerke-osnabrueck.de\/blog\/wp-content\/uploads\/2025\/08\/klapprad-im-bus-e1755097716291.jpg\" rel=\"lightbox\"><img decoding=\"async\" class=\"alignleft size-thumbnail wp-image-13799\" src=\"https:\/\/www.stadtwerke-osnabrueck.de\/blog\/wp-content\/uploads\/2025\/08\/klapprad-im-bus-e1755097716291-360x360.jpg\" alt=\"Klapprad im E-Bus.\" width=\"360\" height=\"360\" \/><\/a>Neuere kompakte Faltr\u00e4der passen teils sogar unter Sitze und beanspruchen somit kaum mehr Raum als ein Rucksack. Sie gelten im zusammengeklappten Zustand als Handgep\u00e4ck \u2013 und bieten so einen echten Vorteil gegen\u00fcber klassischen Fahrr\u00e4dern, deren Mitnahme in VOS-Bussen werktags tags\u00fcber weiterhin nicht m\u00f6glich ist.<\/p>\n<p><strong>Gerade in l\u00e4ndlichen Regionen rund um Osnabr\u00fcck \u2013 wo die n\u00e4chste Bushaltestelle nicht immer direkt vor der Haust\u00fcr liegt \u2013 k\u00f6nnen Klappr\u00e4der die \u201eletzte Meile\u201c sinnvoll \u00fcberbr\u00fccken und den Umstieg auf Bus und Bahn erleichtern.<\/strong><\/p>\n<\/div>\n<\/div><\/div><div id=\"panel-13792-1-0-1\" class=\"so-panel widget widget_sow-editor\" data-index=\"5\" ><div\n\t\t\t\n\t\t\tclass=\"so-widget-sow-editor so-widget-sow-editor-base\"\n\t\t\t\n\t\t><h3 class=\"widget-title\">Was will die VOS mit dem Test herausfinden?<\/h3>\n<div class=\"siteorigin-widget-tinymce textwidget\">\n\t<p>Ziel der Testphase ist es, realit\u00e4tsnahe Daten und R\u00fcckmeldungen aus dem Alltag zu sammeln. Daf\u00fcr wird genau hingeschaut:<\/p>\n<ul>\n<li><strong>Wie viele Fahrg\u00e4ste nutzen das neue Angebot?<\/strong><\/li>\n<li><strong>Zu welchen Tageszeiten besteht die gr\u00f6\u00dfte Nachfrage?<\/strong><\/li>\n<li><strong>Wie funktioniert das Mitnahmeverhalten in der Praxis?<\/strong><\/li>\n<li><strong>F\u00fchlen sich andere Fahrg\u00e4ste durch die Mitnahme gest\u00f6rt oder eingeschr\u00e4nkt?<\/strong><\/li>\n<li><strong>Kommt es zu Engp\u00e4ssen in Sto\u00dfzeiten?<\/strong><\/li>\n<\/ul>\n<p>All diese Informationen flie\u00dfen nach Ende der Testphase (12.08.2026) in die Entscheidung ein, ob die Regelung dauerhaft \u00fcbernommen wird.<\/p>\n<\/div>\n<\/div><\/div><div id=\"panel-13792-1-0-2\" class=\"so-panel widget widget_sow-editor\" data-index=\"6\" ><div\n\t\t\t\n\t\t\tclass=\"so-widget-sow-editor so-widget-sow-editor-base\"\n\t\t\t\n\t\t><h3 class=\"widget-title\">Bew\u00e4hrtes bleibt bestehen<\/h3>\n<div class=\"siteorigin-widget-tinymce textwidget\">\n\t<p>Unver\u00e4ndert bleiben die \u00fcbrigen Regelungen rund um die Fahrradmitnahme in VOS-Bussen:<\/p>\n<\/div>\n<\/div><\/div><div id=\"panel-13792-1-0-3\" class=\"so-panel widget widget_sow-editor\" data-index=\"7\" ><div class=\"panel-widget-style panel-widget-style-for-13792-1-0-3\" ><div\n\t\t\t\n\t\t\tclass=\"so-widget-sow-editor so-widget-sow-editor-base\"\n\t\t\t\n\t\t>\n<div class=\"siteorigin-widget-tinymce textwidget\">\n\t<ul>\n<li><strong>Normale Fahrr\u00e4der<\/strong> d\u00fcrfen nur <em>ab 19 Uhr<\/em>, <em>am Wochenende<\/em> und <em>an Feiertagen<\/em> mitgenommen werden \u2013 gegen ein FahrradTicket (1,80\u202fEuro).<\/li>\n<li><strong>Kinderwagen und Rollst\u00fchle haben Vorrang<\/strong>. Ein Anspruch auf Fahrradmitnahme besteht grunds\u00e4tzlich nicht.<\/li>\n<li><strong>Zusammengeklappte Tretroller<\/strong> gelten weiterhin als Handgep\u00e4ck und fahren kostenlos mit.<\/li>\n<\/ul>\n<\/div>\n<\/div><\/div><\/div><div id=\"panel-13792-1-0-4\" class=\"so-panel widget widget_sow-editor panel-last-child\" data-index=\"8\" ><div\n\t\t\t\n\t\t\tclass=\"so-widget-sow-editor so-widget-sow-editor-base\"\n\t\t\t\n\t\t><h3 class=\"widget-title\">Ein Pluspunkt f\u00fcr Ausfl\u00fcgler: der FreizeitBus<\/h3>\n<div class=\"siteorigin-widget-tinymce textwidget\">\n\t<p>Wer ein klassisches Fahrrad dabei hat, ist in der Hauptsaison (Mai\u2013Oktober) mit dem FreizeitBus gut beraten: Diese Sonderlinien verf\u00fcgen \u00fcber Fahrradanh\u00e4nger und nehmen Fahrr\u00e4der <strong>kostenlos und ohne Ticketpflicht<\/strong> mit \u2013 ideal f\u00fcr Touren im Osnabr\u00fccker Land. Eine vorherige Anmeldung wird bei Gruppen empfohlen.<br \/>\n&nbsp;<\/p>\n<\/div>\n<\/div><\/div><\/div><\/div><div id=\"pg-13792-2\"  class=\"panel-grid panel-no-style\" ><div id=\"pgc-13792-2-0\"  class=\"panel-grid-cell\" ><div id=\"panel-13792-2-0-0\" class=\"so-panel widget widget_sow-editor panel-first-child panel-last-child\" data-index=\"9\" ><div class=\"panel-widget-style panel-widget-style-for-13792-2-0-0\" ><div\n\t\t\t\n\t\t\tclass=\"so-widget-sow-editor so-widget-sow-editor-base\"\n\t\t\t\n\t\t><h3 class=\"widget-title\">Mitfahren. Testen. Feedback geben!<\/h3>\n<div class=\"siteorigin-widget-tinymce textwidget\">\n\t<p>Die VOS l\u00e4dt alle Interessierten ein, das neue Angebot zu testen und ihre Erfahrungen mit uns zu teilen \u2013 \u00fcber das Kontaktformular auf <a href=\"http:\/\/www.vos.info\">www.vos.info<\/a>, per E-Mail unter <a href=\"&#x6d;&#97;i&#x6c;&#x74;&#111;:&#x6b;&#x75;&#110;d&#x65;&#110;s&#x65;&#x72;&#118;i&#x63;&#x65;&#64;v&#x6f;&#115;&#46;&#x69;&#x6e;&#102;o\">&#107;&#x75;n&#100;&#x65;&#110;&#x73;e&#114;&#x76;i&#x63;&#x65;&#64;&#x76;o&#115;&#x2e;i&#x6e;&#x66;&#111;<\/a> oder direkt im Bus.<\/p>\n<p><strong>Einsteigen, falten, losfahren \u2013 jetzt ausprobieren! <\/strong>Die verl\u00e4ngerte Klapprad-Testphase bringt frischen Schwung in die t\u00e4gliche Mobilit\u00e4t. Helfen Sie mit, das Angebot weiterzuentwickeln!<\/p>\n<\/div>\n<\/div><\/div><\/div><\/div><\/div><\/div>","protected":false},"excerpt":{"rendered":"<p>Mobilit\u00e4t ver\u00e4ndert sich \u2013 besonders auf der sogenannten \u201eletzten Meile\u201c. Immer mehr Menschen setzen auf klapp- oder faltbare Fahrr\u00e4der, um umweltfreundlich, flexibel und platzsparend ans Ziel zu kommen. Die Verkehrsgemeinschaft Osnabr\u00fcck (VOS) reagiert auf diesen Trend mit einem praxisnahen Angebot: Im Rahmen einer einj\u00e4hrigen Testphase d\u00fcrfen zusammengeklappte Klapp- und Faltr\u00e4der seit dem 14. August 2025 [&hellip;]<\/p>\n","protected":false},"author":3,"featured_media":13798,"comment_status":"open","ping_status":"closed","sticky":false,"template":"","format":"standard","meta":{"footnotes":""},"categories":[100],"tags":[677,52,456,422,676],"class_list":["post-13792","post","type-post","status-publish","format-standard","has-post-thumbnail","hentry","category-zoom","tag-befoerderungsbedingungen","tag-bus","tag-e-bus","tag-fahrrad","tag-klapprad"],"aioseo_notices":[],"_links":{"self":[{"href":"https:\/\/www.stadtwerke-osnabrueck.de\/blog\/wp-json\/wp\/v2\/posts\/13792","targetHints":{"allow":["GET"]}}],"collection":[{"href":"https:\/\/www.stadtwerke-osnabrueck.de\/blog\/wp-json\/wp\/v2\/posts"}],"about":[{"href":"https:\/\/www.stadtwerke-osnabrueck.de\/blog\/wp-json\/wp\/v2\/types\/post"}],"author":[{"embeddable":true,"href":"https:\/\/www.stadtwerke-osnabrueck.de\/blog\/wp-json\/wp\/v2\/users\/3"}],"replies":[{"embeddable":true,"href":"https:\/\/www.stadtwerke-osnabrueck.de\/blog\/wp-json\/wp\/v2\/comments?post=13792"}],"version-history":[{"count":8,"href":"https:\/\/www.stadtwerke-osnabrueck.de\/blog\/wp-json\/wp\/v2\/posts\/13792\/revisions"}],"predecessor-version":[{"id":13805,"href":"https:\/\/www.stadtwerke-osnabrueck.de\/blog\/wp-json\/wp\/v2\/posts\/13792\/revisions\/13805"}],"wp:featuredmedia":[{"embeddable":true,"href":"https:\/\/www.stadtwerke-osnabrueck.de\/blog\/wp-json\/wp\/v2\/media\/13798"}],"wp:attachment":[{"href":"https:\/\/www.stadtwerke-osnabrueck.de\/blog\/wp-json\/wp\/v2\/media?parent=13792"}],"wp:term":[{"taxonomy":"category","embeddable":true,"href":"https:\/\/www.stadtwerke-osnabrueck.de\/blog\/wp-json\/wp\/v2\/categories?post=13792"},{"taxonomy":"post_tag","embeddable":true,"href":"https:\/\/www.stadtwerke-osnabrueck.de\/blog\/wp-json\/wp\/v2\/tags?post=13792"}],"curies":[{"name":"wp","href":"https:\/\/api.w.org\/{rel}","templated":true}]}}