{"id":13776,"date":"2025-08-22T08:44:20","date_gmt":"2025-08-22T06:44:20","guid":{"rendered":"https:\/\/www.stadtwerke-osnabrueck.de\/blog\/?p=13776"},"modified":"2025-08-22T08:44:20","modified_gmt":"2025-08-22T06:44:20","slug":"dynamischer-stromtarif-zwischenbilanz","status":"publish","type":"post","link":"https:\/\/www.stadtwerke-osnabrueck.de\/blog\/2025\/08\/22\/dynamischer-stromtarif-zwischenbilanz\/","title":{"rendered":"Dynamischer Stromtarif: Zwischenbilanz"},"content":{"rendered":"<div id=\"pl-13776\"  class=\"panel-layout\" ><div id=\"pg-13776-0\"  class=\"panel-grid panel-no-style\" ><div id=\"pgc-13776-0-0\"  class=\"panel-grid-cell\" ><div id=\"panel-13776-0-0-0\" class=\"so-panel widget widget_sow-editor panel-first-child\" data-index=\"0\" ><div\n\t\t\t\n\t\t\tclass=\"so-widget-sow-editor so-widget-sow-editor-base\"\n\t\t\t\n\t\t><h3 class=\"widget-title\">Kunden k\u00f6nnen vom intelligenten Strommodell profitieren <\/h3>\n<div class=\"siteorigin-widget-tinymce textwidget\">\n\t<p><span class=\"TextRun SCXW39063789 BCX8\" lang=\"DE-DE\" xml:lang=\"DE-DE\" data-contrast=\"auto\"><span class=\"NormalTextRun SCXW39063789 BCX8\">Mehr Flexibilit\u00e4t, mehr \u00d6kostrom, mehr Transparenz. Dynamische Stromtarif<\/span><span class=\"NormalTextRun SCXW39063789 BCX8\">e sind<\/span> <span class=\"NormalTextRun SCXW39063789 BCX8\">ein wichtiger Baustein<\/span><span class=\"NormalTextRun SCXW39063789 BCX8\">, um Energieerzeugung und <\/span><span class=\"NormalTextRun SCXW39063789 BCX8\">-<\/span><span class=\"NormalTextRun SCXW39063789 BCX8\">nutzung aufeinander abzustimmen. Auch wir sind jetzt <\/span><span class=\"NormalTextRun SCXW39063789 BCX8\">seit einigen Monaten<\/span><span class=\"NormalTextRun SCXW39063789 BCX8\"> mit unserem<\/span><span class=\"NormalTextRun SCXW39063789 BCX8\"> Tarif<\/span> <span class=\"NormalTextRun SCXW39063789 BCX8\">\u201e<\/span><span class=\"NormalTextRun SCXW39063789 BCX8\">S<\/span><span class=\"NormalTextRun SCXW39063789 BCX8\">trom dynamisch<\/span><span class=\"NormalTextRun SCXW39063789 BCX8\">\u201c<\/span><span class=\"NormalTextRun SCXW39063789 BCX8\"> am Start. Zeit f\u00fcr eine kleine Zwischenbilanz<\/span><span class=\"NormalTextRun SCXW39063789 BCX8\">.<\/span><\/span><span class=\"EOP SCXW39063789 BCX8\" data-ccp-props=\"{}\">\u00a0<\/span><\/p>\n<\/div>\n<\/div><\/div><div id=\"panel-13776-0-0-1\" class=\"so-panel widget widget_sow-editor\" data-index=\"1\" ><div\n\t\t\t\n\t\t\tclass=\"so-widget-sow-editor so-widget-sow-editor-base\"\n\t\t\t\n\t\t>\n<div class=\"siteorigin-widget-tinymce textwidget\">\n\t<p><span class=\"TextRun SCXW267049705 BCX8\" lang=\"DE-DE\" xml:lang=\"DE-DE\" data-contrast=\"auto\"><span class=\"NormalTextRun SCXW267049705 BCX8\">\u201eDynamische Stromtarife machen den Strommarkt f\u00fcr unsere Kundinnen und Kunden transparenter. Sie<\/span><\/span><span class=\"TextRun SCXW267049705 BCX8\" lang=\"DE-DE\" xml:lang=\"DE-DE\" data-contrast=\"auto\"><span class=\"NormalTextRun SCXW267049705 BCX8\"> er\u00f6ffnen ihnen neue M\u00f6glichkeiten, selbst aktiv zu werden\u201c, sagt Jan-Hendrik Funke, Energiechef der Stadtwerke Osnabr\u00fcck. \u201eDie ersten R\u00fcckmeldungen sind positiv. Aber die breite Nachfrage muss sich noch entwickeln. Es ist ein Lernprozess, der Zeit und Information braucht.\u201c<\/span><span class=\"NormalTextRun SCXW267049705 BCX8\">\u00a0<\/span><\/span><span class=\"EOP SCXW267049705 BCX8\" data-ccp-props=\"{}\">\u00a0<\/span><\/p>\n<\/div>\n<\/div><\/div><div id=\"panel-13776-0-0-2\" class=\"so-panel widget widget_sow-editor\" data-index=\"2\" ><div\n\t\t\t\n\t\t\tclass=\"so-widget-sow-editor so-widget-sow-editor-base\"\n\t\t\t\n\t\t><h3 class=\"widget-title\">Chancen f\u00fcr aktive Stromkunden <\/h3>\n<div class=\"siteorigin-widget-tinymce textwidget\">\n\t<p><span class=\"TextRun SCXW164075154 BCX8\" lang=\"DE-DE\" xml:lang=\"DE-DE\" data-contrast=\"auto\"><span class=\"NormalTextRun SCXW164075154 BCX8\">Der Tarif <a href=\"https:\/\/www.stadtwerke-osnabrueck.de\/energie\/strom\/dynamisch\">Strom dynamisch<\/a> orientiert sich am Day-<\/span><span class=\"NormalTextRun SpellingErrorV2Themed SCXW164075154 BCX8\">Ahead<\/span><span class=\"NormalTextRun SCXW164075154 BCX8\">-Spotmarkt. F\u00fcr jede Stunde des Folgetags wird dort ein eigener Strompreis festgelegt. Wer seinen Verbrauch zeitlich flexibel steuern kann, z.<\/span><\/span><span class=\"TextRun SCXW164075154 BCX8\" lang=\"DE-DE\" xml:lang=\"DE-DE\" data-contrast=\"auto\"><span class=\"NormalTextRun SCXW164075154 BCX8\">\u202f<\/span><\/span><span class=\"TextRun SCXW164075154 BCX8\" lang=\"DE-DE\" xml:lang=\"DE-DE\" data-contrast=\"auto\"><span class=\"NormalTextRun SCXW164075154 BCX8\">B. durch das gezielte Laden eines E-Autos bei niedrigen Preisen, kann von g<\/span><span class=\"NormalTextRun SCXW164075154 BCX8\">\u00fc<\/span><span class=\"NormalTextRun SCXW164075154 BCX8\">nstigen Marktbedingungen profitieren.<\/span> <span class=\"NormalTextRun SCXW164075154 BCX8\">Im Vergleich zu Festpreis-Produkten ergeben sich dadurch Einsparpotenziale bei den Stromkosten: Insbesondere dann, wenn B\u00f6rsenpreise niedrig sind. Kundinnen und Kunden leisten dar\u00fcber hinaus einen aktiven Beitrag zur Energiewende. Denn sie verlagern ihren Verbrauch in Phasen, in denen besonders viel gr\u00fcner Strom aus Sonne und Wind ins Netz eingespeist wird.<\/span><\/span><span class=\"EOP SCXW164075154 BCX8\" data-ccp-props=\"{}\">\u00a0<\/span><\/p>\n<\/div>\n<\/div><\/div><div id=\"panel-13776-0-0-3\" class=\"so-panel widget widget_sow-editor\" data-index=\"3\" ><div\n\t\t\t\n\t\t\tclass=\"so-widget-sow-editor so-widget-sow-editor-base\"\n\t\t\t\n\t\t><h3 class=\"widget-title\">iMSys als technische Voraussetzung \u2013 Rollout in drei Varianten <\/h3>\n<div class=\"siteorigin-widget-tinymce textwidget\">\n\t<p><span data-contrast=\"auto\">F\u00fcr die Nutzung von \u201eStrom dynamisch\u201c ist ein intelligentes Messsystem (iMSys) erforderlich. Es besteht aus einer modernen Messeinrichtung und einem sicheren Kommunikationsmodul (Smart Meter Gateway). Damit k\u00f6nnen Verbrauchswerte verschl\u00fcsselt und automatisch an den sogenannten Messstellenbetreiber \u00fcbermittelt werden. In Osnabr\u00fcck hat Anfang 2025 der <a href=\"https:\/\/www.swo-netz.de\/anschluss-zaehler\/smart-meter\">gesetzlich vorgeschriebene Pflicht-Rollout<\/a> begonnen. Dieser gilt f\u00fcr Haushalte mit einem Jahresverbrauch zwischen 6.000 und 100.000 kWh oder einer PV-Anlage mit einer installierten Leistung von 7 bis 100 kW. Als Messstellenbetreiber hat die <a href=\"https:\/\/www.swo-netz.de\/\">SWO Netz<\/a> bereits mehr als 75 Prozent der f\u00fcr 2025 vorgesehenen 2.000 iMSys eingebaut.<\/span><span data-ccp-props=\"{}\">\u00a0<\/span><\/p>\n<p><span data-contrast=\"auto\">Erg\u00e4nzend dazu gibt es zwei weitere Rollout-Varianten:<\/span><span data-ccp-props=\"{}\">\u00a0<\/span><\/p>\n<ul>\n<li aria-setsize=\"-1\" data-leveltext=\"\uf0b7\" data-font=\"Symbol\" data-listid=\"2\" data-list-defn-props=\"{&quot;335552541&quot;:1,&quot;335559685&quot;:720,&quot;335559991&quot;:360,&quot;469769226&quot;:&quot;Symbol&quot;,&quot;469769242&quot;:[8226],&quot;469777803&quot;:&quot;left&quot;,&quot;469777804&quot;:&quot;\uf0b7&quot;,&quot;469777815&quot;:&quot;multilevel&quot;}\" data-aria-posinset=\"1\" data-aria-level=\"1\"><b><span data-contrast=\"auto\">Kundenwunsch-Rollout:<\/span><\/b><span data-contrast=\"auto\"> Haushalte mit einem geringeren Verbrauch oder einer PV-Anlage mit kleinerer Leistung k\u00f6nnen freiwillig ein iMSys beantragen. Der kostenpflichtige Einbau erfolgt zu einem einmaligen Preis von 100 Euro plus 30 Euro j\u00e4hrlich \u2013 im Rahmen der gesetzlichen Preisobergrenzen.\u00a0<\/span><span data-ccp-props=\"{}\">\u00a0<\/span><\/li>\n<\/ul>\n<ul>\n<li aria-setsize=\"-1\" data-leveltext=\"\uf0b7\" data-font=\"Symbol\" data-listid=\"2\" data-list-defn-props=\"{&quot;335552541&quot;:1,&quot;335559685&quot;:720,&quot;335559991&quot;:360,&quot;469769226&quot;:&quot;Symbol&quot;,&quot;469769242&quot;:[8226],&quot;469777803&quot;:&quot;left&quot;,&quot;469777804&quot;:&quot;\uf0b7&quot;,&quot;469777815&quot;:&quot;multilevel&quot;}\" data-aria-posinset=\"2\" data-aria-level=\"1\"><b><span data-contrast=\"auto\">Optionaler Rollout:<\/span><\/b><span data-contrast=\"auto\"> Der Messstellenbetreiber kann den iMSys-Einbau auch eigenst\u00e4ndig veranlassen \u2013 bei Haushalten mit unter 6.000 kWh Verbrauch oder Erzeugern mit 1 bis 7 kW installierter Leistung.<\/span><span data-ccp-props=\"{}\">\u00a0<\/span><\/li>\n<\/ul>\n<div id=\"attachment_13779\" style=\"width: 760px\" class=\"wp-caption alignnone\"><img aria-describedby=\"caption-attachment-13779\" decoding=\"async\" class=\"size-medium wp-image-13779\" src=\"https:\/\/www.stadtwerke-osnabrueck.de\/blog\/wp-content\/uploads\/2025\/08\/2058-swo-netz-750x501.jpg\" alt=\"Smart Meter\" width=\"750\" height=\"501\" srcset=\"https:\/\/www.stadtwerke-osnabrueck.de\/blog\/wp-content\/uploads\/2025\/08\/2058-swo-netz-750x501.jpg 750w, https:\/\/www.stadtwerke-osnabrueck.de\/blog\/wp-content\/uploads\/2025\/08\/2058-swo-netz-768x513.jpg 768w, https:\/\/www.stadtwerke-osnabrueck.de\/blog\/wp-content\/uploads\/2025\/08\/2058-swo-netz-272x182.jpg 272w, https:\/\/www.stadtwerke-osnabrueck.de\/blog\/wp-content\/uploads\/2025\/08\/2058-swo-netz.jpg 1500w\" sizes=\"(max-width: 750px) 100vw, 750px\" \/><p id=\"caption-attachment-13779\" class=\"wp-caption-text\">Smart Meter<\/p><\/div>\n<\/div>\n<\/div><\/div><div id=\"panel-13776-0-0-4\" class=\"so-panel widget widget_sow-editor\" data-index=\"4\" ><div\n\t\t\t\n\t\t\tclass=\"so-widget-sow-editor so-widget-sow-editor-base\"\n\t\t\t\n\t\t><h3 class=\"widget-title\">Fazit: Flexibilit\u00e4t zahlt sich aus \u2013 aber nicht f\u00fcr alle <\/h3>\n<div class=\"siteorigin-widget-tinymce textwidget\">\n\t<p><span class=\"TextRun SCXW174873304 BCX8\" lang=\"DE-DE\" xml:lang=\"DE-DE\" data-contrast=\"auto\"><span class=\"NormalTextRun SCXW174873304 BCX8\"><a href=\"https:\/\/www.stadtwerke-osnabrueck.de\/energie\/strom\/dynamisch\">Strom dynamisch<\/a> bietet gro\u00dfe Chancen \u2013 aber nicht f\u00fcr jeden Haushalt. \u201eNur wer seine Stromverbr\u00e4uche gezielt verschieben und anpassen kann, profitiert wirklich von diesem Tarif\u201c, erkl\u00e4rt Jan-Hendrik Funke. \u201eJe h\u00f6her der Anteil an flexibel steuerbaren Verbrauchsger\u00e4ten, desto <\/span><span class=\"NormalTextRun SCXW174873304 BCX8\">h\u00f6her ist das Einsparpotenzial. Gleichzeitig steigt aber auch die Verantwortung f\u00fcr die eigene Energienutzung.\u201c<\/span><\/span><span class=\"EOP SCXW174873304 BCX8\" data-ccp-props=\"{}\">\u00a0<\/span><\/p>\n<\/div>\n<\/div><\/div><div id=\"panel-13776-0-0-5\" class=\"so-panel widget widget_sow-editor panel-last-child\" data-index=\"5\" ><div\n\t\t\t\n\t\t\tclass=\"so-widget-sow-editor so-widget-sow-editor-base\"\n\t\t\t\n\t\t><h3 class=\"widget-title\">Positiver Ausblick: Dynamik nimmt zu \u2013 Digitalisierung als Schl\u00fcssel <\/h3>\n<div class=\"siteorigin-widget-tinymce textwidget\">\n\t<p><span class=\"TextRun SCXW164347215 BCX8\" lang=\"DE-DE\" xml:lang=\"DE-DE\" data-contrast=\"auto\"><span class=\"NormalTextRun SCXW164347215 BCX8\">Der Blick in die Zukunft von digitalen Stromtarifen f\u00e4llt positiv aus. Denn:<\/span><span class=\"NormalTextRun SCXW164347215 BCX8\"> Mit der zunehmenden Ausstattung der Haushalte mit intelligenten Messsystemen und dem weiteren <\/span><span class=\"NormalTextRun SCXW164347215 BCX8\">Angebot<\/span><span class=\"NormalTextRun SCXW164347215 BCX8\"> digitaler Services steigen die Voraussetzungen f\u00fcr eine breitere Nutzung dynamischer Tarife.<\/span> <span class=\"NormalTextRun SCXW164347215 BCX8\">\u201eWir stehen am Anfang einer Entwicklung, die unseren Kundinnen und Kunden mehr Kontrolle \u00fcber ihren Energieverbrauch und ihre Energiekosten erm\u00f6glicht\u201c, so <\/span><span class=\"NormalTextRun ContextualSpellingAndGrammarErrorV2Themed SCXW164347215 BCX8\">Funke<\/span><span class=\"NormalTextRun SCXW164347215 BCX8\">. \u201eDynamische Stromtarife wie \u201aStrom dynamisch\u2018 sind ein zentraler Baustein der Energiewende. Und wir werden Schritt f\u00fcr Schritt weitere Funktionen und intelligente Steuerungstools bereitstellen, etwa eine App zur <\/span><span class=\"NormalTextRun SCXW164347215 BCX8\">Preis- und <\/span><span class=\"NormalTextRun SCXW164347215 BCX8\">Verbrauchsvisualisierung oder ein automatisiertes Energiemanagement f\u00fcr flexible Ger\u00e4te wie E-Autos oder W\u00e4rmepumpen.\u201c<\/span><\/span><span class=\"EOP SCXW164347215 BCX8\" data-ccp-props=\"{}\">\u00a0<\/span><\/p>\n<\/div>\n<\/div><\/div><\/div><\/div><\/div>","protected":false},"excerpt":{"rendered":"<p>Mehr Flexibilit\u00e4t, mehr \u00d6kostrom, mehr Transparenz. Dynamische Stromtarife sind ein wichtiger Baustein, um Energieerzeugung und -nutzung aufeinander abzustimmen. Auch wir sind jetzt seit einigen Monaten mit unserem Tarif \u201eStrom dynamisch\u201c am Start. Zeit f\u00fcr eine kleine Zwischenbilanz.\u00a0 \u201eDynamische Stromtarife machen den Strommarkt f\u00fcr unsere Kundinnen und Kunden transparenter. Sie er\u00f6ffnen ihnen neue M\u00f6glichkeiten, selbst aktiv [&hellip;]<\/p>\n","protected":false},"author":15,"featured_media":13784,"comment_status":"open","ping_status":"closed","sticky":false,"template":"","format":"standard","meta":{"footnotes":""},"categories":[100],"tags":[48,17,34,123],"class_list":["post-13776","post","type-post","status-publish","format-standard","has-post-thumbnail","hentry","category-zoom","tag-energie","tag-energiewende","tag-strom","tag-stromnetz"],"aioseo_notices":[],"_links":{"self":[{"href":"https:\/\/www.stadtwerke-osnabrueck.de\/blog\/wp-json\/wp\/v2\/posts\/13776","targetHints":{"allow":["GET"]}}],"collection":[{"href":"https:\/\/www.stadtwerke-osnabrueck.de\/blog\/wp-json\/wp\/v2\/posts"}],"about":[{"href":"https:\/\/www.stadtwerke-osnabrueck.de\/blog\/wp-json\/wp\/v2\/types\/post"}],"author":[{"embeddable":true,"href":"https:\/\/www.stadtwerke-osnabrueck.de\/blog\/wp-json\/wp\/v2\/users\/15"}],"replies":[{"embeddable":true,"href":"https:\/\/www.stadtwerke-osnabrueck.de\/blog\/wp-json\/wp\/v2\/comments?post=13776"}],"version-history":[{"count":4,"href":"https:\/\/www.stadtwerke-osnabrueck.de\/blog\/wp-json\/wp\/v2\/posts\/13776\/revisions"}],"predecessor-version":[{"id":13808,"href":"https:\/\/www.stadtwerke-osnabrueck.de\/blog\/wp-json\/wp\/v2\/posts\/13776\/revisions\/13808"}],"wp:featuredmedia":[{"embeddable":true,"href":"https:\/\/www.stadtwerke-osnabrueck.de\/blog\/wp-json\/wp\/v2\/media\/13784"}],"wp:attachment":[{"href":"https:\/\/www.stadtwerke-osnabrueck.de\/blog\/wp-json\/wp\/v2\/media?parent=13776"}],"wp:term":[{"taxonomy":"category","embeddable":true,"href":"https:\/\/www.stadtwerke-osnabrueck.de\/blog\/wp-json\/wp\/v2\/categories?post=13776"},{"taxonomy":"post_tag","embeddable":true,"href":"https:\/\/www.stadtwerke-osnabrueck.de\/blog\/wp-json\/wp\/v2\/tags?post=13776"}],"curies":[{"name":"wp","href":"https:\/\/api.w.org\/{rel}","templated":true}]}}