{"id":13185,"date":"2024-04-29T10:00:13","date_gmt":"2024-04-29T08:00:13","guid":{"rendered":"https:\/\/www.stadtwerke-osnabrueck.de\/blog\/?p=13185"},"modified":"2024-04-29T10:08:28","modified_gmt":"2024-04-29T08:08:28","slug":"so-sehen-unsere-neuen-e-busse-aus","status":"publish","type":"post","link":"https:\/\/www.stadtwerke-osnabrueck.de\/blog\/2024\/04\/29\/so-sehen-unsere-neuen-e-busse-aus\/","title":{"rendered":"So sehen unsere neuen E-Busse aus"},"content":{"rendered":"<div id=\"pl-13185\"  class=\"panel-layout\" ><div id=\"pg-13185-0\"  class=\"panel-grid panel-no-style\" ><div id=\"pgc-13185-0-0\"  class=\"panel-grid-cell\" ><div id=\"panel-13185-0-0-0\" class=\"so-panel widget widget_sow-editor panel-first-child panel-last-child\" data-index=\"0\" ><div\n\t\t\t\n\t\t\tclass=\"so-widget-sow-editor so-widget-sow-editor-base\"\n\t\t\t\n\t\t>\n<div class=\"siteorigin-widget-tinymce textwidget\">\n\t<p><strong>Ab 2025 verst\u00e4rken St\u00fcck f\u00fcr St\u00fcck weitere E-Busse unsere Busflotte. Dieses Mal allerdings keine Gelenkbusse, sondern Solowagen. Wir verraten euch ein paar spannende Zahlen, Daten und Fakten zu unseren zk\u00fcnftigen Bussen - <a href=\"https:\/\/www.mercedes-benz-bus.com\/de_DE\/models\/ecitaro.html\" target=\"_blank\" rel=\"noopener\">den vollelektrischen eCitaro von Mercedes Benz<\/a>!<\/strong><br \/>\n&nbsp;<\/p>\n<\/div>\n<\/div><\/div><\/div><\/div><div id=\"pg-13185-1\"  class=\"panel-grid panel-no-style\" ><div id=\"pgc-13185-1-0\"  class=\"panel-grid-cell\" ><div id=\"panel-13185-1-0-0\" class=\"so-panel widget widget_sow-editor panel-first-child panel-last-child\" data-index=\"1\" ><div\n\t\t\t\n\t\t\tclass=\"so-widget-sow-editor so-widget-sow-editor-base\"\n\t\t\t\n\t\t>\n<div class=\"siteorigin-widget-tinymce textwidget\">\n\t<p><a href=\"https:\/\/www.stadtwerke-osnabrueck.de\/blog\/wp-content\/uploads\/2024\/04\/eCitaro-01.jpg\" rel=\"lightbox\"><img decoding=\"async\" class=\"aligncenter wp-image-13189 size-medium\" src=\"https:\/\/www.stadtwerke-osnabrueck.de\/blog\/wp-content\/uploads\/2024\/04\/eCitaro-01-750x500.jpg\" alt=\"Vollelektrischer Solobus\" width=\"750\" height=\"500\" srcset=\"https:\/\/www.stadtwerke-osnabrueck.de\/blog\/wp-content\/uploads\/2024\/04\/eCitaro-01-750x500.jpg 750w, https:\/\/www.stadtwerke-osnabrueck.de\/blog\/wp-content\/uploads\/2024\/04\/eCitaro-01-1920x1280.jpg 1920w, https:\/\/www.stadtwerke-osnabrueck.de\/blog\/wp-content\/uploads\/2024\/04\/eCitaro-01-768x512.jpg 768w, https:\/\/www.stadtwerke-osnabrueck.de\/blog\/wp-content\/uploads\/2024\/04\/eCitaro-01-1536x1024.jpg 1536w, https:\/\/www.stadtwerke-osnabrueck.de\/blog\/wp-content\/uploads\/2024\/04\/eCitaro-01-272x182.jpg 272w, https:\/\/www.stadtwerke-osnabrueck.de\/blog\/wp-content\/uploads\/2024\/04\/eCitaro-01.jpg 2000w\" sizes=\"(max-width: 750px) 100vw, 750px\" \/><\/a><\/p>\n<\/div>\n<\/div><\/div><\/div><\/div><div id=\"pg-13185-2\"  class=\"panel-grid panel-no-style\" ><div id=\"pgc-13185-2-0\"  class=\"panel-grid-cell\" ><div id=\"panel-13185-2-0-0\" class=\"so-panel widget widget_sow-editor panel-first-child panel-last-child\" data-index=\"2\" ><div class=\"panel-widget-style panel-widget-style-for-13185-2-0-0\" ><div\n\t\t\t\n\t\t\tclass=\"so-widget-sow-editor so-widget-sow-editor-base\"\n\t\t\t\n\t\t><h3 class=\"widget-title\">Zahlen, Daten &amp; Fakten zum eCitaro<\/h3>\n<div class=\"siteorigin-widget-tinymce textwidget\">\n\t<ul>\n<li>12 Meter lang<\/li>\n<li>2,5 Meter breit<\/li>\n<li>3,4 Meter hoch<\/li>\n<li>Platz f\u00fcr max. 69 Fahrg\u00e4ste: 30 Sitz- und 39 Stehpl\u00e4tze<\/li>\n<li>5 Batteriepakete mit einer Gesamtkapazit\u00e4t von 491,5 kWh<\/li>\n<li>Reichweite ca. 270 Kilometer<\/li>\n<\/ul>\n<\/div>\n<\/div><\/div><\/div><\/div><\/div><div id=\"pg-13185-3\"  class=\"panel-grid panel-no-style\" ><div id=\"pgc-13185-3-0\"  class=\"panel-grid-cell\" ><div id=\"panel-13185-3-0-0\" class=\"so-panel widget widget_sow-editor panel-first-child panel-last-child\" data-index=\"3\" ><div class=\"panel-widget-style panel-widget-style-for-13185-3-0-0\" ><div\n\t\t\t\n\t\t\tclass=\"so-widget-sow-editor so-widget-sow-editor-base\"\n\t\t\t\n\t\t><h3 class=\"widget-title\">Ausstattung des eCitaro<\/h3>\n<div class=\"siteorigin-widget-tinymce textwidget\">\n\t<ul>\n<li>USB-Doppelladesteckdosen im Fahrgastraum<\/li>\n<li>Klimaanlage<\/li>\n<li>Modernes Warnsystem: Sideguard Assist und Frontguard Assist<\/li>\n<li>Verkehrszeichenassistent und Aufmerksamkeitsassistent<\/li>\n<li>Umfeldbeleuchtung im Einstieg in LED-Technik<\/li>\n<li>uvm.<\/li>\n<\/ul>\n<\/div>\n<\/div><\/div><\/div><\/div><\/div><div id=\"pg-13185-4\"  class=\"panel-grid panel-no-style\" ><div id=\"pgc-13185-4-0\"  class=\"panel-grid-cell\" ><div id=\"panel-13185-4-0-0\" class=\"so-panel widget widget_sow-editor panel-first-child panel-last-child\" data-index=\"4\" ><div\n\t\t\t\n\t\t\tclass=\"so-widget-sow-editor so-widget-sow-editor-base\"\n\t\t\t\n\t\t>\n<div class=\"siteorigin-widget-tinymce textwidget\">\n\t<p><a href=\"https:\/\/www.stadtwerke-osnabrueck.de\/blog\/wp-content\/uploads\/2024\/04\/eCitaro-03.jpg\" rel=\"lightbox\"><img decoding=\"async\" class=\"aligncenter wp-image-13188 size-medium\" src=\"https:\/\/www.stadtwerke-osnabrueck.de\/blog\/wp-content\/uploads\/2024\/04\/eCitaro-03-750x500.jpg\" alt=\"Vollelektrischer Solobus\" width=\"750\" height=\"500\" srcset=\"https:\/\/www.stadtwerke-osnabrueck.de\/blog\/wp-content\/uploads\/2024\/04\/eCitaro-03-750x500.jpg 750w, https:\/\/www.stadtwerke-osnabrueck.de\/blog\/wp-content\/uploads\/2024\/04\/eCitaro-03-1920x1280.jpg 1920w, https:\/\/www.stadtwerke-osnabrueck.de\/blog\/wp-content\/uploads\/2024\/04\/eCitaro-03-768x512.jpg 768w, https:\/\/www.stadtwerke-osnabrueck.de\/blog\/wp-content\/uploads\/2024\/04\/eCitaro-03-1536x1024.jpg 1536w, https:\/\/www.stadtwerke-osnabrueck.de\/blog\/wp-content\/uploads\/2024\/04\/eCitaro-03-272x182.jpg 272w, https:\/\/www.stadtwerke-osnabrueck.de\/blog\/wp-content\/uploads\/2024\/04\/eCitaro-03.jpg 2000w\" sizes=\"(max-width: 750px) 100vw, 750px\" \/><\/a><\/p>\n<\/div>\n<\/div><\/div><\/div><\/div><div id=\"pg-13185-5\"  class=\"panel-grid panel-no-style\" ><div id=\"pgc-13185-5-0\"  class=\"panel-grid-cell\" ><div id=\"panel-13185-5-0-0\" class=\"so-panel widget widget_sow-editor panel-first-child panel-last-child\" data-index=\"5\" ><div\n\t\t\t\n\t\t\tclass=\"so-widget-sow-editor so-widget-sow-editor-base\"\n\t\t\t\n\t\t>\n<div class=\"siteorigin-widget-tinymce textwidget\">\n\t<p><em>\u00a9 Bilder: Mercedes Benz<\/em><\/p>\n<\/div>\n<\/div><\/div><\/div><\/div><\/div>","protected":false},"excerpt":{"rendered":"<p>Ab 2025 verst\u00e4rken St\u00fcck f\u00fcr St\u00fcck weitere E-Busse unsere Busflotte. Dieses Mal allerdings keine Gelenkbusse, sondern Solowagen. Wir verraten euch ein paar spannende Zahlen, Daten und Fakten zu unseren zk\u00fcnftigen Bussen &#8211; den vollelektrischen eCitaro von Mercedes Benz! &nbsp;<\/p>\n","protected":false},"author":3,"featured_media":13190,"comment_status":"open","ping_status":"closed","sticky":false,"template":"","format":"standard","meta":{"footnotes":""},"categories":[98],"tags":[52,458,70],"class_list":["post-13185","post","type-post","status-publish","format-standard","has-post-thumbnail","hentry","category-naehkaestchen","tag-bus","tag-e-mobilitaet","tag-mobilitaet"],"aioseo_notices":[],"_links":{"self":[{"href":"https:\/\/www.stadtwerke-osnabrueck.de\/blog\/wp-json\/wp\/v2\/posts\/13185","targetHints":{"allow":["GET"]}}],"collection":[{"href":"https:\/\/www.stadtwerke-osnabrueck.de\/blog\/wp-json\/wp\/v2\/posts"}],"about":[{"href":"https:\/\/www.stadtwerke-osnabrueck.de\/blog\/wp-json\/wp\/v2\/types\/post"}],"author":[{"embeddable":true,"href":"https:\/\/www.stadtwerke-osnabrueck.de\/blog\/wp-json\/wp\/v2\/users\/3"}],"replies":[{"embeddable":true,"href":"https:\/\/www.stadtwerke-osnabrueck.de\/blog\/wp-json\/wp\/v2\/comments?post=13185"}],"version-history":[{"count":0,"href":"https:\/\/www.stadtwerke-osnabrueck.de\/blog\/wp-json\/wp\/v2\/posts\/13185\/revisions"}],"wp:featuredmedia":[{"embeddable":true,"href":"https:\/\/www.stadtwerke-osnabrueck.de\/blog\/wp-json\/wp\/v2\/media\/13190"}],"wp:attachment":[{"href":"https:\/\/www.stadtwerke-osnabrueck.de\/blog\/wp-json\/wp\/v2\/media?parent=13185"}],"wp:term":[{"taxonomy":"category","embeddable":true,"href":"https:\/\/www.stadtwerke-osnabrueck.de\/blog\/wp-json\/wp\/v2\/categories?post=13185"},{"taxonomy":"post_tag","embeddable":true,"href":"https:\/\/www.stadtwerke-osnabrueck.de\/blog\/wp-json\/wp\/v2\/tags?post=13185"}],"curies":[{"name":"wp","href":"https:\/\/api.w.org\/{rel}","templated":true}]}}