{"id":12706,"date":"2023-09-28T12:55:42","date_gmt":"2023-09-28T10:55:42","guid":{"rendered":"https:\/\/www.stadtwerke-osnabrueck.de\/blog\/?p=12706"},"modified":"2023-09-28T12:57:07","modified_gmt":"2023-09-28T10:57:07","slug":"so-ist-das-stromnetz-aufgebaut","status":"publish","type":"post","link":"https:\/\/www.stadtwerke-osnabrueck.de\/blog\/2023\/09\/28\/so-ist-das-stromnetz-aufgebaut\/","title":{"rendered":"So ist das Stromnetz aufgebaut"},"content":{"rendered":"<div id=\"pl-12706\"  class=\"panel-layout\" ><div id=\"pg-12706-0\"  class=\"panel-grid panel-no-style\" ><div id=\"pgc-12706-0-0\"  class=\"panel-grid-cell\" ><div id=\"panel-12706-0-0-0\" class=\"so-panel widget widget_sow-editor panel-first-child panel-last-child\" data-index=\"0\" ><div\n\t\t\t\n\t\t\tclass=\"so-widget-sow-editor so-widget-sow-editor-base\"\n\t\t\t\n\t\t><h3 class=\"widget-title\">Die Ebenen unseres Stromnetzes<\/h3>\n<div class=\"siteorigin-widget-tinymce textwidget\">\n\t<p>In der Diskussion um die Energiewende h\u00f6ren wir es immer wieder: Unser Stromnetz muss fit f\u00fcr die Zukunft gemacht werden. Aber warum eigentlich? Wie ist das Netz denn aktuell aufgebaut? Wir schauen uns die unterschiedlichen Ebenen an.<\/p>\n<\/div>\n<\/div><\/div><\/div><div id=\"pgc-12706-0-1\"  class=\"panel-grid-cell\" ><div id=\"panel-12706-0-1-0\" class=\"so-panel widget widget_sow-editor panel-first-child panel-last-child\" data-index=\"1\" ><div\n\t\t\t\n\t\t\tclass=\"so-widget-sow-editor so-widget-sow-editor-base\"\n\t\t\t\n\t\t>\n<div class=\"siteorigin-widget-tinymce textwidget\">\n\t<div id=\"attachment_12710\" style=\"width: 760px\" class=\"wp-caption alignnone\"><img aria-describedby=\"caption-attachment-12710\" decoding=\"async\" class=\"size-medium wp-image-12710\" src=\"https:\/\/www.stadtwerke-osnabrueck.de\/blog\/wp-content\/uploads\/2023\/09\/1080x1080-750x750.png\" alt=\"Aufbau des deutschen Stromnetzes\" width=\"750\" height=\"750\" srcset=\"https:\/\/www.stadtwerke-osnabrueck.de\/blog\/wp-content\/uploads\/2023\/09\/1080x1080-750x750.png 750w, https:\/\/www.stadtwerke-osnabrueck.de\/blog\/wp-content\/uploads\/2023\/09\/1080x1080-360x360.png 360w, https:\/\/www.stadtwerke-osnabrueck.de\/blog\/wp-content\/uploads\/2023\/09\/1080x1080-768x768.png 768w, https:\/\/www.stadtwerke-osnabrueck.de\/blog\/wp-content\/uploads\/2023\/09\/1080x1080.png 1080w\" sizes=\"(max-width: 750px) 100vw, 750px\" \/><p id=\"caption-attachment-12710\" class=\"wp-caption-text\">Aufbau des deutschen Stromnetzes (Quelle: VKU)<\/p><\/div>\n<\/div>\n<\/div><\/div><\/div><\/div><div id=\"pg-12706-1\"  class=\"panel-grid panel-no-style\" ><div id=\"pgc-12706-1-0\"  class=\"panel-grid-cell\" ><div id=\"panel-12706-1-0-0\" class=\"so-panel widget widget_sow-editor panel-first-child\" data-index=\"2\" ><div\n\t\t\t\n\t\t\tclass=\"so-widget-sow-editor so-widget-sow-editor-base\"\n\t\t\t\n\t\t><h3 class=\"widget-title\">Das H\u00f6chstspannungsnetz<\/h3>\n<div class=\"siteorigin-widget-tinymce textwidget\">\n\t<p>Eigentlich k\u00f6nnt ihr euch die Reise des Stroms bis in euer Zuhause wie eine Fahrt in den Urlaub vorstellen. Da hei\u00dft es erst einmal, ab auf die Autobahn und Kilometer machen. Das Gegenst\u00fcck zur Autobahn im Stromnetz ist das H\u00f6chstspannungs- oder auch \u00dcbertragungsnetz \u2013 sozusagen die oberste Ebene der Stromversorgung. Hier speisen Gro\u00dfkraftwerke und Offshore-Windparks mit 220 und 380 kV ein. Die gro\u00dfen Mengen an Strom werden dann \u00fcber gro\u00dfe Distanzen transportiert. \u00dcber diese Netzebene sind wir au\u00dferdem mit den Stromnetzen unserer Nachbarl\u00e4nder verbunden. Zust\u00e4ndig sind auf dieser Ebene die \u00dcbertragungsnetzbetreiber <a href=\"https:\/\/www.amprion.net\/\">Amprion<\/a> (z.B. auch im Osnabr\u00fccker Land), <a href=\"https:\/\/www.tennet.eu\/de\">TenneT<\/a>, <a href=\"https:\/\/www.transnetbw.de\/de\">TransnetBW<\/a> und <a href=\"https:\/\/www.50hertz.com\/de\/\">50Hertz<\/a>.<\/p>\n<\/div>\n<\/div><\/div><div id=\"panel-12706-1-0-1\" class=\"so-panel widget widget_sow-editor\" data-index=\"3\" ><div\n\t\t\t\n\t\t\tclass=\"so-widget-sow-editor so-widget-sow-editor-base\"\n\t\t\t\n\t\t>\n<div class=\"siteorigin-widget-tinymce textwidget\">\n\t<div id=\"attachment_12709\" style=\"width: 760px\" class=\"wp-caption alignnone\"><img aria-describedby=\"caption-attachment-12709\" decoding=\"async\" class=\"size-medium wp-image-12709\" src=\"https:\/\/www.stadtwerke-osnabrueck.de\/blog\/wp-content\/uploads\/2023\/09\/Ebene-1_zugesch-750x207.png\" alt=\"Das \u00dcbertragungsnetz\" width=\"750\" height=\"207\" srcset=\"https:\/\/www.stadtwerke-osnabrueck.de\/blog\/wp-content\/uploads\/2023\/09\/Ebene-1_zugesch-750x207.png 750w, https:\/\/www.stadtwerke-osnabrueck.de\/blog\/wp-content\/uploads\/2023\/09\/Ebene-1_zugesch-768x212.png 768w, https:\/\/www.stadtwerke-osnabrueck.de\/blog\/wp-content\/uploads\/2023\/09\/Ebene-1_zugesch-1536x424.png 1536w, https:\/\/www.stadtwerke-osnabrueck.de\/blog\/wp-content\/uploads\/2023\/09\/Ebene-1_zugesch.png 1749w\" sizes=\"(max-width: 750px) 100vw, 750px\" \/><p id=\"caption-attachment-12709\" class=\"wp-caption-text\">Das \u00dcbertragungsnetz (Quelle: VKU)<\/p><\/div>\n<\/div>\n<\/div><\/div><div id=\"panel-12706-1-0-2\" class=\"so-panel widget widget_sow-editor\" data-index=\"4\" ><div\n\t\t\t\n\t\t\tclass=\"so-widget-sow-editor so-widget-sow-editor-base\"\n\t\t\t\n\t\t><h3 class=\"widget-title\">Das Hochspannungsnetz<\/h3>\n<div class=\"siteorigin-widget-tinymce textwidget\">\n\t<p>Runter von der Autobahn geht\u2019s f\u00fcr den Strom \u00fcber Umspannwerke. Hier wird die Spannung auf 110 kV gedrosselt, damit es dann \u00fcber das Hochspannungsnetz, oder auch Verteilnetz, weitergehen kann: der Bundesstra\u00dfe im Stromnetz. Sie verbindet Regionen und Ballungsr\u00e4ume miteinander. Hier sind au\u00dferdem sehr gro\u00dfe Industriebetriebe und auch die Bahn angeschlossen. Gro\u00dfe Erdgas- und Wasserkraftwerke speisen ihren Strom auf dieser Ebene ein. Auch hier sind die \u00dcbertragungsnetzbetreiber zust\u00e4ndig.<\/p>\n<\/div>\n<\/div><\/div><div id=\"panel-12706-1-0-3\" class=\"so-panel widget widget_sow-editor\" data-index=\"5\" ><div\n\t\t\t\n\t\t\tclass=\"so-widget-sow-editor so-widget-sow-editor-base\"\n\t\t\t\n\t\t>\n<div class=\"siteorigin-widget-tinymce textwidget\">\n\t<div id=\"attachment_12713\" style=\"width: 760px\" class=\"wp-caption alignnone\"><img aria-describedby=\"caption-attachment-12713\" decoding=\"async\" class=\"size-medium wp-image-12713\" src=\"https:\/\/www.stadtwerke-osnabrueck.de\/blog\/wp-content\/uploads\/2023\/09\/Ebene-3_zugeschn-750x211.png\" alt=\"Das Hochspannungsnetz\" width=\"750\" height=\"211\" srcset=\"https:\/\/www.stadtwerke-osnabrueck.de\/blog\/wp-content\/uploads\/2023\/09\/Ebene-3_zugeschn-750x211.png 750w, https:\/\/www.stadtwerke-osnabrueck.de\/blog\/wp-content\/uploads\/2023\/09\/Ebene-3_zugeschn-768x216.png 768w, https:\/\/www.stadtwerke-osnabrueck.de\/blog\/wp-content\/uploads\/2023\/09\/Ebene-3_zugeschn-1536x432.png 1536w, https:\/\/www.stadtwerke-osnabrueck.de\/blog\/wp-content\/uploads\/2023\/09\/Ebene-3_zugeschn.png 1686w\" sizes=\"(max-width: 750px) 100vw, 750px\" \/><p id=\"caption-attachment-12713\" class=\"wp-caption-text\">Das Hochspannungsnetz (Quelle: VKU)<\/p><\/div>\n<\/div>\n<\/div><\/div><div id=\"panel-12706-1-0-4\" class=\"so-panel widget widget_sow-editor\" data-index=\"6\" ><div\n\t\t\t\n\t\t\tclass=\"so-widget-sow-editor so-widget-sow-editor-base\"\n\t\t\t\n\t\t><h3 class=\"widget-title\">Das Mittelspannungsnetz<\/h3>\n<div class=\"siteorigin-widget-tinymce textwidget\">\n\t<p>Auf seiner Reise kommt der Strom nun, wiederum \u00fcber ein Umspannwerk, auf die \u201eLandstra\u00dfe\u201c: Das Mittelspannungsnetz. Es bringt den Strom zu den regionalen Trafo-H\u00e4uschen, die ihr auch in Osnabr\u00fcck an der ein oder anderen Stelle sehen k\u00f6nnt. Au\u00dferdem kommt mit ihm der Strom in Krankenh\u00e4user und Fabriken und z.B. Windparks wie auf dem Piesberg speisen hier ein. Ab dieser Netzebene sind die Netzbetreiber vor Ort zust\u00e4ndig. Im Stadtgebiet und Teilen der Region Osnabr\u00fcck ist das unsere Tochtergesellschaft, die <a href=\"https:\/\/www.swo-netz.de\/\">SWO Netz<\/a>.<\/p>\n<\/div>\n<\/div><\/div><div id=\"panel-12706-1-0-5\" class=\"so-panel widget widget_sow-editor\" data-index=\"7\" ><div\n\t\t\t\n\t\t\tclass=\"so-widget-sow-editor so-widget-sow-editor-base\"\n\t\t\t\n\t\t>\n<div class=\"siteorigin-widget-tinymce textwidget\">\n\t<div id=\"attachment_12714\" style=\"width: 760px\" class=\"wp-caption alignnone\"><img aria-describedby=\"caption-attachment-12714\" decoding=\"async\" class=\"size-medium wp-image-12714\" src=\"https:\/\/www.stadtwerke-osnabrueck.de\/blog\/wp-content\/uploads\/2023\/09\/Ebene-5_zugeschn-750x239.png\" alt=\"Das Mittelspannungsnetz\" width=\"750\" height=\"239\" srcset=\"https:\/\/www.stadtwerke-osnabrueck.de\/blog\/wp-content\/uploads\/2023\/09\/Ebene-5_zugeschn-750x239.png 750w, https:\/\/www.stadtwerke-osnabrueck.de\/blog\/wp-content\/uploads\/2023\/09\/Ebene-5_zugeschn-768x245.png 768w, https:\/\/www.stadtwerke-osnabrueck.de\/blog\/wp-content\/uploads\/2023\/09\/Ebene-5_zugeschn-1536x490.png 1536w, https:\/\/www.stadtwerke-osnabrueck.de\/blog\/wp-content\/uploads\/2023\/09\/Ebene-5_zugeschn.png 1758w\" sizes=\"(max-width: 750px) 100vw, 750px\" \/><p id=\"caption-attachment-12714\" class=\"wp-caption-text\">Das Mittelspannungsnetz (Quelle: VKU)<\/p><\/div>\n<\/div>\n<\/div><\/div><div id=\"panel-12706-1-0-6\" class=\"so-panel widget widget_sow-editor\" data-index=\"8\" ><div\n\t\t\t\n\t\t\tclass=\"so-widget-sow-editor so-widget-sow-editor-base\"\n\t\t\t\n\t\t><h3 class=\"widget-title\">Das Niederspannungsnetz<\/h3>\n<div class=\"siteorigin-widget-tinymce textwidget\">\n\t<p>Fast da: Jetzt biegt der Strom im Trafo-H\u00e4uschen auf die Zielstra\u00dfe ein \u2013 z.B. die Stra\u00dfe vor eurer Haust\u00fcr: Das Niederspannungsnetz. Es \u00fcbernimmt mit einer Spannung von 230-400 V die Feinverteilung in jeden Haushalt, Gewerbe- und kleinere Industriebetriebe, die Verwaltung etc.<\/p>\n<\/div>\n<\/div><\/div><div id=\"panel-12706-1-0-7\" class=\"so-panel widget widget_sow-editor\" data-index=\"9\" ><div\n\t\t\t\n\t\t\tclass=\"so-widget-sow-editor so-widget-sow-editor-base\"\n\t\t\t\n\t\t>\n<div class=\"siteorigin-widget-tinymce textwidget\">\n\t<div id=\"attachment_12715\" style=\"width: 760px\" class=\"wp-caption alignnone\"><img aria-describedby=\"caption-attachment-12715\" decoding=\"async\" class=\"size-medium wp-image-12715\" src=\"https:\/\/www.stadtwerke-osnabrueck.de\/blog\/wp-content\/uploads\/2023\/09\/Ebene-7_zugeschn-750x257.png\" alt=\"Das Niederspannungsnetz\" width=\"750\" height=\"257\" srcset=\"https:\/\/www.stadtwerke-osnabrueck.de\/blog\/wp-content\/uploads\/2023\/09\/Ebene-7_zugeschn-750x257.png 750w, https:\/\/www.stadtwerke-osnabrueck.de\/blog\/wp-content\/uploads\/2023\/09\/Ebene-7_zugeschn-768x264.png 768w, https:\/\/www.stadtwerke-osnabrueck.de\/blog\/wp-content\/uploads\/2023\/09\/Ebene-7_zugeschn-1536x527.png 1536w, https:\/\/www.stadtwerke-osnabrueck.de\/blog\/wp-content\/uploads\/2023\/09\/Ebene-7_zugeschn.png 1696w\" sizes=\"(max-width: 750px) 100vw, 750px\" \/><p id=\"caption-attachment-12715\" class=\"wp-caption-text\">Das Niederspannungsnetz (Quelle: VKU)<\/p><\/div>\n<\/div>\n<\/div><\/div><div id=\"panel-12706-1-0-8\" class=\"so-panel widget widget_sow-editor panel-last-child\" data-index=\"10\" ><div class=\"so-rounded panel-widget-style panel-widget-style-for-12706-1-0-8\" ><div\n\t\t\t\n\t\t\tclass=\"so-widget-sow-editor so-widget-sow-editor-base\"\n\t\t\t\n\t\t>\n<div class=\"siteorigin-widget-tinymce textwidget\">\n\t<p>Klingt erst einmal nach einem guten System \u2013 und das war es auch \u00fcber Jahrzehnte. Was sich durch die Energiewende grundlegend ver\u00e4ndert, seht ihr im Beitrag \u201e<a href=\"https:\/\/www.stadtwerke-osnabrueck.de\/blog\/2023\/09\/28\/stromnetz-der-zukunft\/\">Stromnetz der Zukunft<\/a>\u201c.<\/p>\n<\/div>\n<\/div><\/div><\/div><\/div><\/div><\/div>","protected":false},"excerpt":{"rendered":"<p>In der Diskussion um die Energiewende h\u00f6ren wir es immer wieder: Unser Stromnetz muss fit f\u00fcr die Zukunft gemacht werden. Aber warum eigentlich? Wie ist das Netz denn aktuell aufgebaut? Wir schauen uns die unterschiedlichen Ebenen an. Eigentlich k\u00f6nnt ihr euch die Reise des Stroms bis in euer Zuhause wie eine Fahrt in den Urlaub [&hellip;]<\/p>\n","protected":false},"author":15,"featured_media":12718,"comment_status":"open","ping_status":"closed","sticky":false,"template":"","format":"standard","meta":{"footnotes":""},"categories":[1],"tags":[48,188,520,34],"class_list":["post-12706","post","type-post","status-publish","format-standard","has-post-thumbnail","hentry","category-allgemein","tag-energie","tag-netzbetreiber","tag-netze","tag-strom"],"aioseo_notices":[],"_links":{"self":[{"href":"https:\/\/www.stadtwerke-osnabrueck.de\/blog\/wp-json\/wp\/v2\/posts\/12706","targetHints":{"allow":["GET"]}}],"collection":[{"href":"https:\/\/www.stadtwerke-osnabrueck.de\/blog\/wp-json\/wp\/v2\/posts"}],"about":[{"href":"https:\/\/www.stadtwerke-osnabrueck.de\/blog\/wp-json\/wp\/v2\/types\/post"}],"author":[{"embeddable":true,"href":"https:\/\/www.stadtwerke-osnabrueck.de\/blog\/wp-json\/wp\/v2\/users\/15"}],"replies":[{"embeddable":true,"href":"https:\/\/www.stadtwerke-osnabrueck.de\/blog\/wp-json\/wp\/v2\/comments?post=12706"}],"version-history":[{"count":0,"href":"https:\/\/www.stadtwerke-osnabrueck.de\/blog\/wp-json\/wp\/v2\/posts\/12706\/revisions"}],"wp:featuredmedia":[{"embeddable":true,"href":"https:\/\/www.stadtwerke-osnabrueck.de\/blog\/wp-json\/wp\/v2\/media\/12718"}],"wp:attachment":[{"href":"https:\/\/www.stadtwerke-osnabrueck.de\/blog\/wp-json\/wp\/v2\/media?parent=12706"}],"wp:term":[{"taxonomy":"category","embeddable":true,"href":"https:\/\/www.stadtwerke-osnabrueck.de\/blog\/wp-json\/wp\/v2\/categories?post=12706"},{"taxonomy":"post_tag","embeddable":true,"href":"https:\/\/www.stadtwerke-osnabrueck.de\/blog\/wp-json\/wp\/v2\/tags?post=12706"}],"curies":[{"name":"wp","href":"https:\/\/api.w.org\/{rel}","templated":true}]}}