{"id":12328,"date":"2023-06-13T10:04:04","date_gmt":"2023-06-13T08:04:04","guid":{"rendered":"https:\/\/www.stadtwerke-osnabrueck.de\/blog\/?p=12328"},"modified":"2023-07-18T13:41:27","modified_gmt":"2023-07-18T11:41:27","slug":"alles-ok-beim-grundwasser","status":"publish","type":"post","link":"https:\/\/www.stadtwerke-osnabrueck.de\/blog\/2023\/06\/13\/alles-ok-beim-grundwasser\/","title":{"rendered":"Alles ok beim Grundwasser?"},"content":{"rendered":"<p><strong>Die trockenen Sommer der vergangenen Jahre haben Spuren hinterlassen \u2013 sichtbare und unsichtbare: Viele Stadtb\u00e4ume haben die Hitzeperioden nicht \u00fcberstanden und so manche Osnabr\u00fccker:innen sahen sich zum ersten Mal mit Rasensprengverboten konfrontiert. Ist nach dem eher regnerischen Winter und Fr\u00fchjahr nun wieder alles in Ordnung beim Thema Grundwasser? Wir haben bei Martin Richter von der <a href=\"https:\/\/www.swo-netz.de\/\">SWO Netz<\/a> nachgefragt.<\/strong><\/p>\n<h3><strong>Ein kleiner R\u00fcckblick: Die vergangenen Sommer waren ja deutlich trockener als die der Vorjahre. Welche Auswirkungen habt ihr feststellen k\u00f6nnen?<\/strong><\/h3>\n<p>Die deutlichste Auswirkung, die wir gemessen haben, sind die t\u00e4glichen Abgabemengen. W\u00e4hrend wir bis zum Jahr 2017 an Sommertagen nur recht selten t\u00e4gliche Abgabemengen von mehr als 40.000m\u00b3 verzeichnet haben, hat sich dies seit 2017 ge\u00e4ndert. Vor allem in den Sommern 2018 und 2019 waren die Spitzenverbr\u00e4uche so hoch, wie wir es vorher nicht gekannt haben. Ein Beispiel: 2015 wurde die 40.000er-Marke einmal \u00fcberschritten. 2019 war dies an 14 Tagen der Fall,&nbsp; mit dem Rekord von 46.811m\u00b3 am 25. Juni 2019. Bei Mengen dieser Gr\u00f6\u00dfenordnung \u00fcber einen l\u00e4ngeren Zeitraum hinweg kommt unsere Technik irgendwann an ihre Grenzen.<\/p>\n<p>Man muss aber auch sagen, dass bei den Menschen in den vergangenen beiden Jahren ein Umdenken stattgefunden zu haben scheint. Die Zahl der Spitzentage hat sich seither wieder verringert.<\/p>\n<h3><strong>Woran kann das liegen?<\/strong><\/h3>\n<p>Das ist nat\u00fcrlich schwer zu sagen. Aber sicherlich hat es etwas damit zu tun, dass wir gemeinsam mit den anderen Wasserversorgern in der Region sowie Stadt und Landkreis Osnabr\u00fcck immer wieder an die Menschen appelliert haben, sorg- und sparsam mit dem kostbaren Trinkwasser umzugehen. Die Menschen sehen aber nat\u00fcrlich auch in den Nachrichten, dass Trockenheit ein Ph\u00e4nomen ist, das nicht nur unsere Region betrifft und wie im Fall von Norditalien auch zu gravierenden Problemen f\u00fchren kann.<\/p>\n<p>Au\u00dferdem gab es in den vergangenen Jahren schon recht fr\u00fch Allgemeinverf\u00fcgungen von Stadt und Landkreis Osnabr\u00fcck, die beispielsweise das Rasensprengen zwischen 12 und 18 Uhr oder die Wasserentnahme aus Fl\u00fcssen und B\u00e4chen untersagt haben.<\/p>\n<h3><strong>Und wie sieht es mit dem Grundwasser aus?<\/strong><\/h3>\n<div id=\"attachment_12332\" style=\"width: 330px\" class=\"wp-caption alignright\"><img decoding=\"async\" aria-describedby=\"caption-attachment-12332\" class=\" wp-image-12332\" src=\"https:\/\/www.stadtwerke-osnabrueck.de\/blog\/wp-content\/uploads\/2023\/06\/DSC_7413-750x500.jpg\" alt=\"Mitarbeiterin und Mitarbeiter an einem Brunnen.\" width=\"320\" height=\"213\" srcset=\"https:\/\/www.stadtwerke-osnabrueck.de\/blog\/wp-content\/uploads\/2023\/06\/DSC_7413-750x500.jpg 750w, https:\/\/www.stadtwerke-osnabrueck.de\/blog\/wp-content\/uploads\/2023\/06\/DSC_7413-768x512.jpg 768w, https:\/\/www.stadtwerke-osnabrueck.de\/blog\/wp-content\/uploads\/2023\/06\/DSC_7413-272x182.jpg 272w, https:\/\/www.stadtwerke-osnabrueck.de\/blog\/wp-content\/uploads\/2023\/06\/DSC_7413.jpg 1500w\" sizes=\"(max-width: 320px) 100vw, 320px\" \/><p id=\"caption-attachment-12332\" class=\"wp-caption-text\">Mitarbeiterin und Mitarbeiter an einem Brunnen.<\/p><\/div>\n<p>Das ist eine Frage, die man so pauschal nur ganz schwer beantworten kann. Wir haben in unseren Trinkwassergewinnungsgebieten Hunderte Messstellen, mit denen wir laufend den jeweiligen Grundwasserspiegel beobachten. Wie dieser aussieht, h\u00e4ngt allerdings von sehr vielen Faktoren ab. Welche Boden- und Gesteinsschichten liegen hier vor? Gibt es in der N\u00e4he einen Brunnen? Wie waren die konkreten und kleinr\u00e4umigen Witterungsverh\u00e4ltnisse vor Ort?<\/p>\n<p>Klar ist aber auch, dass die Trockenjahre, in denen es ja auch niederschlagsarme Winter gegeben hat, ihre Auswirkungen haben. Es ist ja vor allem der Winterniederschlag, der entscheidend f\u00fcr die Grundwasserneubildung ist. Daher messen wir witterungsbedingt vergleichsweise niedrige Grundwasserst\u00e4nde in unseren Gewinnungsgebieten.<\/p>\n<h3><strong>Aber nun hat es doch in den vergangenen Monaten ausgiebig geregnet. Hat sich das Grundwasser denn nun quasi wieder erholt?<\/strong><\/h3>\n<p>Keinesfalls. Es ist ja ganz einfach zu sagen: Nur weil es drei Monate etwas mehr als \u00fcblich geregnet hat, haben sich die Grundwasserleiter und die Wasserst\u00e4nde nach den f\u00fcnf Trockenjahren noch l\u00e4ngst nicht regeneriert.<\/p>\n<h3><strong>Also keine Entwarnung? M\u00fcssen wir weiterhin sorg- und sparsam mit dem Trinkwasser umgehen?<\/strong><\/h3>\n<p>Ja, nat\u00fcrlich! Wir werben ja schon seit Jahren f\u00fcr einen sorg- und sparsamen Umgang mit der kostbaren Ressource Wasser. Die vergangenen Jahre haben gezeigt, dass der Klimawandel Extremwetterereignisse wie Trockenperioden mit sich bringt. Wir als Trinkwasserversorger f\u00fcr die Region stellen uns darauf ein, indem wir massiv in unsere Infrastruktur investieren werden.<\/p>\n<h3><strong>Was hei\u00dft denn sorg- und sparsamer Umgang eigentlich konkret?<\/strong><\/h3>\n<div id=\"attachment_12313\" style=\"width: 402px\" class=\"wp-caption alignright\"><img decoding=\"async\" aria-describedby=\"caption-attachment-12313\" class=\" wp-image-12313\" src=\"https:\/\/www.stadtwerke-osnabrueck.de\/blog\/wp-content\/uploads\/2023\/06\/Header-Trockenheit-Garten-Tipps-750x500.jpg\" alt=\"Frau gie\u00dft in ihrem Schrebergarten\" width=\"392\" height=\"261\" srcset=\"https:\/\/www.stadtwerke-osnabrueck.de\/blog\/wp-content\/uploads\/2023\/06\/Header-Trockenheit-Garten-Tipps-750x500.jpg 750w, https:\/\/www.stadtwerke-osnabrueck.de\/blog\/wp-content\/uploads\/2023\/06\/Header-Trockenheit-Garten-Tipps-768x512.jpg 768w, https:\/\/www.stadtwerke-osnabrueck.de\/blog\/wp-content\/uploads\/2023\/06\/Header-Trockenheit-Garten-Tipps-272x182.jpg 272w, https:\/\/www.stadtwerke-osnabrueck.de\/blog\/wp-content\/uploads\/2023\/06\/Header-Trockenheit-Garten-Tipps.jpg 1500w\" sizes=\"(max-width: 392px) 100vw, 392px\" \/><p id=\"caption-attachment-12313\" class=\"wp-caption-text\">Frau gie\u00dft in ihrem Schrebergarten<\/p><\/div>\n<p>Grunds\u00e4tzlich muss sich nat\u00fcrlich niemand Sorgen machen, dass kein Wasser mehr f\u00fcr den normalen t\u00e4glichen Bedarf da ist. Aber gerade in den erw\u00e4hnten Trockenperioden hat es ja nicht ohne Grund Rasensprengverbote gegeben. Wir alle m\u00fcssen uns fragen, ob wir in solchen Extremwetterperioden wirklich mehrfach in der Woche den eigenen Pool bef\u00fcllen m\u00fcssen? Und noch ein Hinweis zu den Rasensprengverboten: Den Rasen in der Mittags- und Nachmittagshitze zu w\u00e4ssern, macht eh keinen Sinn, weil das meiste Wasser verdunstet.<\/p>\n<p>Sinnvoll ist es allemal, sich Gedanken dar\u00fcber zu machen, wie man das Regenwasser speichern kann \u2013 beispielsweise mit Zisternen oder Regentonnen. Und auch bei der Gartengestaltung ist es ratsam, sich dar\u00fcber zu informieren, welche Pflanzen vielleicht etwas resilienter sind (mehr zum Wassersparen im Garten erfahren Sie <a title=\"Wasser sparen im Garten\" href=\"https:\/\/www.stadtwerke-osnabrueck.de\/blog\/2023\/06\/13\/wasser-sparen-im-garten\/\">hier<\/a>).<\/p>\n<p><strong>Sie m\u00f6chten mehr \u00fcber den Wasserkreislauf in Osnabr\u00fcck erfahren? Die Infos finden Sie auf unserer <a href=\"https:\/\/www.stadtwerke-osnabrueck.de\/unternehmen\/verantwortung-wasserkreislauf-wasserschutz\">Website<\/a>.<\/strong><\/p>\n","protected":false},"excerpt":{"rendered":"<p>Die trockenen Sommer der vergangenen Jahre haben Spuren hinterlassen \u2013 sichtbare und unsichtbare: Viele Stadtb\u00e4ume haben die Hitzeperioden nicht \u00fcberstanden und so manche Osnabr\u00fccker:innen sahen sich zum ersten Mal mit Rasensprengverboten konfrontiert. Ist nach dem eher regnerischen Winter und Fr\u00fchjahr nun wieder alles in Ordnung beim Thema Grundwasser? Wir haben bei Martin Richter von der [&hellip;]<\/p>\n","protected":false},"author":42,"featured_media":12331,"comment_status":"open","ping_status":"closed","sticky":false,"template":"","format":"standard","meta":{"footnotes":""},"categories":[100],"tags":[12,9,23,381,524],"class_list":["post-12328","post","type-post","status-publish","format-standard","has-post-thumbnail","hentry","category-zoom","tag-mitarbeiter","tag-osnabrueck","tag-trinkwasser","tag-versorgung","tag-versorgungssicherheit"],"aioseo_notices":[],"_links":{"self":[{"href":"https:\/\/www.stadtwerke-osnabrueck.de\/blog\/wp-json\/wp\/v2\/posts\/12328","targetHints":{"allow":["GET"]}}],"collection":[{"href":"https:\/\/www.stadtwerke-osnabrueck.de\/blog\/wp-json\/wp\/v2\/posts"}],"about":[{"href":"https:\/\/www.stadtwerke-osnabrueck.de\/blog\/wp-json\/wp\/v2\/types\/post"}],"author":[{"embeddable":true,"href":"https:\/\/www.stadtwerke-osnabrueck.de\/blog\/wp-json\/wp\/v2\/users\/42"}],"replies":[{"embeddable":true,"href":"https:\/\/www.stadtwerke-osnabrueck.de\/blog\/wp-json\/wp\/v2\/comments?post=12328"}],"version-history":[{"count":0,"href":"https:\/\/www.stadtwerke-osnabrueck.de\/blog\/wp-json\/wp\/v2\/posts\/12328\/revisions"}],"wp:featuredmedia":[{"embeddable":true,"href":"https:\/\/www.stadtwerke-osnabrueck.de\/blog\/wp-json\/wp\/v2\/media\/12331"}],"wp:attachment":[{"href":"https:\/\/www.stadtwerke-osnabrueck.de\/blog\/wp-json\/wp\/v2\/media?parent=12328"}],"wp:term":[{"taxonomy":"category","embeddable":true,"href":"https:\/\/www.stadtwerke-osnabrueck.de\/blog\/wp-json\/wp\/v2\/categories?post=12328"},{"taxonomy":"post_tag","embeddable":true,"href":"https:\/\/www.stadtwerke-osnabrueck.de\/blog\/wp-json\/wp\/v2\/tags?post=12328"}],"curies":[{"name":"wp","href":"https:\/\/api.w.org\/{rel}","templated":true}]}}