{"id":12236,"date":"2023-04-11T17:00:29","date_gmt":"2023-04-11T15:00:29","guid":{"rendered":"https:\/\/www.stadtwerke-osnabrueck.de\/blog\/?p=12236"},"modified":"2024-05-17T09:01:51","modified_gmt":"2024-05-17T07:01:51","slug":"so-klappts-mit-dem-eigenen-balkonkraftwerk","status":"publish","type":"post","link":"https:\/\/www.stadtwerke-osnabrueck.de\/blog\/2023\/04\/11\/so-klappts-mit-dem-eigenen-balkonkraftwerk\/","title":{"rendered":"So klappts mit dem eigenen Balkonkraftwerk"},"content":{"rendered":"<div id=\"pl-12236\"  class=\"panel-layout\" ><div id=\"pg-12236-0\"  class=\"panel-grid panel-no-style\" ><div id=\"pgc-12236-0-0\"  class=\"panel-grid-cell\" ><div id=\"panel-12236-0-0-0\" class=\"so-panel widget widget_sow-editor panel-first-child panel-last-child\" data-index=\"0\" ><div\n\t\t\t\n\t\t\tclass=\"so-widget-sow-editor so-widget-sow-editor-base\"\n\t\t\t\n\t\t>\n<div class=\"siteorigin-widget-tinymce textwidget\">\n\t<p><em>UPDATE: Seit dem 16.5.24 gelten neue Regelungen f\u00fcr den Betrieb von sogenannten Balkonkraftwerken. Wir haben unseren Blog-Beitrag f\u00fcr euch angepasst.<\/em><\/p>\n<p><strong>Angesichts steigender Strompreise und dem gr\u00f6\u00dfer werdenden Bewusstsein f\u00fcr erneuerbare Energien werden immer mehr Osnabr\u00fcckerinnen und Osnabr\u00fccker zu Stromproduzenten. Denn ein eigenes Balkonkraftwerk ist recht unkompliziert zu installieren und zu betreiben. Einige Dinge m\u00fcssen Besitzerinnen und Besitzer einer Solaranlage aber dennoch beachten.<\/strong><strong> Wir haben die wichtigsten Infos f\u00fcr euch zusammengestellt.<\/strong><\/p>\n<p>Es muss nicht immer die gro\u00dfe L\u00f6sung sein: Gerade f\u00fcr Mieter:innen einer Etagenwohnung kann die Anschaffung einer kleinen Solaranlage durchaus lohnenswert sein - aber auch f\u00fcr Hausbesitzer:innen, die keine gro\u00dfe Anlage auf dem eigenen Dach einrichten k\u00f6nnen oder wollen. Egal ob auf der Garage, an der Balkonbr\u00fcstung oder auf der Terrasse \u2013 f\u00fcr ein bis zwei Solarmodule ist oft ausreichend Platz vorhanden. Auch im Niederspannungsnetz der SWO Netz k\u00f6nnen solche Anlagen <strong>mit einer Gesamtleistung von bis zu 800 Watt betrieben werden.<\/strong><\/p>\n<\/div>\n<\/div><\/div><\/div><\/div><div id=\"pg-12236-1\"  class=\"panel-grid panel-no-style\" ><div id=\"pgc-12236-1-0\"  class=\"panel-grid-cell\" ><div id=\"panel-12236-1-0-0\" class=\"so-panel widget widget_sow-editor panel-first-child\" data-index=\"1\" ><div\n\t\t\t\n\t\t\tclass=\"so-widget-sow-editor so-widget-sow-editor-base\"\n\t\t\t\n\t\t><h3 class=\"widget-title\">1. Meldepflicht nicht vergessen<\/h3>\n<div class=\"siteorigin-widget-tinymce textwidget\">\n\t<p>Bevor die Plug-in-Anlage aber in Betrieb gehen kann, sind einige Formalien notwendig.<\/p>\n<p>Seit dem <strong>16.05.2024<\/strong> m\u00fcssen steckerfertige (Plug-In) Erzeugungsanlagen nur noch im <a href=\"https:\/\/www.marktstammdatenregister.de\/MaStR\/\">Marktstammdatenregister<\/a> der Bundesregierung angemeldet werden. Eure Anmeldedaten werden an euren Netzbetreiber, in Osnabr\u00fcck also an die <a href=\"https:\/\/www.swo-netz.de\/\">SWO Netz<\/a>, \u00fcbermittelt. Wir pr\u00fcfen dann, ob euer Stromz\u00e4hler getauscht werden muss oder ob ihr schon eine moderne Messeinrichtung habt. Deswegen m\u00fcsst ihr bei der Anmeldung eure Stromz\u00e4hlernummer angeben.<\/p>\n<\/div>\n<\/div><\/div><div id=\"panel-12236-1-0-1\" class=\"so-panel widget widget_sow-editor\" data-index=\"2\" ><div\n\t\t\t\n\t\t\tclass=\"so-widget-sow-editor so-widget-sow-editor-base\"\n\t\t\t\n\t\t><h3 class=\"widget-title\">2. Sicherheit geht vor - auch bei kleinen Anlagen<\/h3>\n<div class=\"siteorigin-widget-tinymce textwidget\">\n\t<p>Wie bei allen technischen Anlagen spielt auch die Sicherheit eine gro\u00dfe Rolle \u2013 immerhin wird hier mit elektrischer Spannung hantiert. Daher muss die Anlage gem\u00e4\u00df den anerkannten Regeln installiert, angeschlossen und betrieben werden.<\/p>\n<p>\u201eVorgaben dazu findet man im Vorschriftenwerk der VDE. Hilfreich ist es in jedem Fall, die Arbeiten von einem Fachunternehmen ausf\u00fchren zu lassen\u201c, betont Netz-Fachmann Karl-Heinz Kasel.<\/p>\n<p>Hilfreich sind hier die <a href=\"https:\/\/www.vde.com\/de\/fnn\/themen\/tar\/tar-niederspannung\/erzeugungsanlagen-steckdose\" target=\"_blank\" rel=\"noopener\">FAQ des VDE | FNN<\/a>. Auch wenn es sich um eine sogenannte Plug-In-Anlage handelt, <strong>sollte man die PV-Module nicht einfach mit der normalen Schutzkontaktdose verbinden<\/strong>.<\/p>\n<blockquote>\n<p>\u00bbHier t\u00e4uscht der Begriff \u201asteckerfertig\u2018 ein wenig. Auch Plug-In-Anlagen sollten \u00fcber eine spezielle, ber\u00fchrungs- und verpolungssichere Steckvorrichtung verf\u00fcgen. Dies ist zwar in der Installation ein Mehraufwand, allerdings aus Sicherheitsgr\u00fcnden unbedingt zu beachten.\u00ab<\/p>\n<\/blockquote>\n<\/div>\n<\/div><\/div><div id=\"panel-12236-1-0-2\" class=\"so-panel widget widget_sow-editor\" data-index=\"3\" ><div\n\t\t\t\n\t\t\tclass=\"so-widget-sow-editor so-widget-sow-editor-base\"\n\t\t\t\n\t\t><h3 class=\"widget-title\">3. Und last but noch least: Welcher Z\u00e4hler f\u00fcr meine Anlage?<\/h3>\n<div class=\"siteorigin-widget-tinymce textwidget\">\n\t<p><strong>Ob nach der Installation von PV-Modulen auch ein neuer Stromz\u00e4hler eingebaut werden muss, ist individuell unterschiedlich und h\u00e4ngt vom bisher verbauten Z\u00e4hler ab<\/strong>.<\/p>\n<p>Ist noch ein \u201ealter\u201c, mechanischer Ferraris-Z\u00e4hler vorhanden, muss dieser gegen einen neuen ausgetauscht werden. Das ist kostenlos und wird von unserem Dienstleister smartOptimo \u00fcbernommen. Der meldet sich bei euch, um einen Termin zu vereinbaren. Wenn ihr f\u00fcr den Strom, den ihr selbst nicht nutzt, eine Einspeiseverg\u00fctung haben m\u00f6chtet, braucht ihr einen Zweirichtungsz\u00e4hler. Mit dem kann man nachvollziehen, wie viel Strom ihr ins \u00f6ffentliche Netz eingespeist habt. Wenn ihr auf die Einspeiseverg\u00fctung verzichten wollt, k\u00f6nnt ihr auch einen r\u00fccklaufgesperrten Drehstromz\u00e4hler nutzen.<\/p>\n<blockquote>\n<p><strong>Sind diese Punkte beachtet, kann es losgehen mit der eigenen Stromerzeugung auf Balkon, Dach oder Carport!<\/strong><\/p>\n<\/blockquote>\n<\/div>\n<\/div><\/div><div id=\"panel-12236-1-0-3\" class=\"so-panel widget widget_sow-editor panel-last-child\" data-index=\"4\" ><div\n\t\t\t\n\t\t\tclass=\"so-widget-sow-editor so-widget-sow-editor-base\"\n\t\t\t\n\t\t>\n<div class=\"siteorigin-widget-tinymce textwidget\">\n\t<div id=\"attachment_12248\" style=\"width: 760px\" class=\"wp-caption aligncenter\"><a href=\"https:\/\/www.stadtwerke-osnabrueck.de\/blog\/wp-content\/uploads\/2023\/04\/Balkonkraftwerk.jpg\" rel=\"lightbox\"><img aria-describedby=\"caption-attachment-12248\" decoding=\"async\" class=\"wp-image-12248 size-medium\" src=\"https:\/\/www.stadtwerke-osnabrueck.de\/blog\/wp-content\/uploads\/2023\/04\/Balkonkraftwerk-750x586.jpg\" alt=\"\" width=\"750\" height=\"586\" srcset=\"https:\/\/www.stadtwerke-osnabrueck.de\/blog\/wp-content\/uploads\/2023\/04\/Balkonkraftwerk-750x586.jpg 750w, https:\/\/www.stadtwerke-osnabrueck.de\/blog\/wp-content\/uploads\/2023\/04\/Balkonkraftwerk-768x600.jpg 768w, https:\/\/www.stadtwerke-osnabrueck.de\/blog\/wp-content\/uploads\/2023\/04\/Balkonkraftwerk.jpg 1333w\" sizes=\"(max-width: 750px) 100vw, 750px\" \/><\/a><p id=\"caption-attachment-12248\" class=\"wp-caption-text\">Egal ob am Balkongel\u00e4nder, auf der Terrasse oder wie hier auf der Gartenlaube - mit der richtigen Umsetzung kann\u00a0 Sonnenenergie \u00fcberall genutzt werden.<\/p><\/div>\n<\/div>\n<\/div><\/div><\/div><\/div><div id=\"pg-12236-2\"  class=\"panel-grid panel-has-style\" ><div class=\"panel-row-style panel-row-style-for-12236-2\" ><div id=\"pgc-12236-2-0\"  class=\"panel-grid-cell\" ><div id=\"panel-12236-2-0-0\" class=\"so-panel widget widget_sow-editor panel-first-child panel-last-child\" data-index=\"5\" ><div\n\t\t\t\n\t\t\tclass=\"so-widget-sow-editor so-widget-sow-editor-base\"\n\t\t\t\n\t\t><h3 class=\"widget-title\">Wichtige Links im \u00dcberblick:<\/h3>\n<div class=\"siteorigin-widget-tinymce textwidget\">\n\t<ul>\n<li>Hinweise vom Netzbetreiber SWO Netz zur Nutzung steckerfertiger PV-Erzeugungsanlagen: <a href=\"https:\/\/www.swo-netz.de\/anschluss-zaehler\/einspeisung-plugin-pv\" target=\"_blank\" rel=\"noopener\">Plug-In PV-Anlagen - SWO Netz (swo-netz.de)<\/a><\/li>\n<li>Fragen und Antworten des VDE (Verband der Elektronik Informationstechnik e.V.): <a href=\"https:\/\/www.vde.com\/de\/fnn\/themen\/tar\/tar-niederspannung\/erzeugungsanlagen-steckdose\" target=\"_blank\" rel=\"noopener\">Photovoltaikanlagen an der Steckdose - VDE FNN<\/a><\/li>\n<li>Marktstammregister der Bundesnetzagentur: <a href=\"https:\/\/www.marktstammdatenregister.de\/MaStR\" target=\"_blank\" rel=\"noopener\">Startseite | MaStR (marktstammdatenregister.de)<\/a><\/li>\n<\/ul>\n<\/div>\n<\/div><\/div><\/div><\/div><\/div><\/div>","protected":false},"excerpt":{"rendered":"<p>Angesichts steigender Strompreise und dem gr\u00f6\u00dfer werdenden Bewusstsein f\u00fcr erneuerbare Energien werden immer mehr Osnabr\u00fccker:innen zu Stromproduzenten. Denn ein eigenes Balkonkraftwerk ist recht unkompliziert zu installieren und zu betreiben. Einige Dinge m\u00fcssen Besitzer:innen einer Solaranlage aber dennoch beachten. Wir haben die wichtigsten Infos f\u00fcr euch zusammengestellt.<\/p>\n","protected":false},"author":3,"featured_media":12244,"comment_status":"open","ping_status":"closed","sticky":false,"template":"","format":"standard","meta":{"footnotes":""},"categories":[1],"tags":[48,661,389,287,125],"class_list":["post-12236","post","type-post","status-publish","format-standard","has-post-thumbnail","hentry","category-allgemein","tag-energie","tag-pvanlage","tag-solarenergie","tag-sonnenenergie","tag-swo-netz"],"aioseo_notices":[],"_links":{"self":[{"href":"https:\/\/www.stadtwerke-osnabrueck.de\/blog\/wp-json\/wp\/v2\/posts\/12236","targetHints":{"allow":["GET"]}}],"collection":[{"href":"https:\/\/www.stadtwerke-osnabrueck.de\/blog\/wp-json\/wp\/v2\/posts"}],"about":[{"href":"https:\/\/www.stadtwerke-osnabrueck.de\/blog\/wp-json\/wp\/v2\/types\/post"}],"author":[{"embeddable":true,"href":"https:\/\/www.stadtwerke-osnabrueck.de\/blog\/wp-json\/wp\/v2\/users\/3"}],"replies":[{"embeddable":true,"href":"https:\/\/www.stadtwerke-osnabrueck.de\/blog\/wp-json\/wp\/v2\/comments?post=12236"}],"version-history":[{"count":0,"href":"https:\/\/www.stadtwerke-osnabrueck.de\/blog\/wp-json\/wp\/v2\/posts\/12236\/revisions"}],"wp:featuredmedia":[{"embeddable":true,"href":"https:\/\/www.stadtwerke-osnabrueck.de\/blog\/wp-json\/wp\/v2\/media\/12244"}],"wp:attachment":[{"href":"https:\/\/www.stadtwerke-osnabrueck.de\/blog\/wp-json\/wp\/v2\/media?parent=12236"}],"wp:term":[{"taxonomy":"category","embeddable":true,"href":"https:\/\/www.stadtwerke-osnabrueck.de\/blog\/wp-json\/wp\/v2\/categories?post=12236"},{"taxonomy":"post_tag","embeddable":true,"href":"https:\/\/www.stadtwerke-osnabrueck.de\/blog\/wp-json\/wp\/v2\/tags?post=12236"}],"curies":[{"name":"wp","href":"https:\/\/api.w.org\/{rel}","templated":true}]}}