{"id":11902,"date":"2022-11-24T12:00:41","date_gmt":"2022-11-24T11:00:41","guid":{"rendered":"https:\/\/www.stadtwerke-osnabrueck.de\/blog\/?p=11902"},"modified":"2022-11-24T15:52:38","modified_gmt":"2022-11-24T14:52:38","slug":"smarte-verkehrszaehlung","status":"publish","type":"post","link":"https:\/\/www.stadtwerke-osnabrueck.de\/blog\/2022\/11\/24\/smarte-verkehrszaehlung\/","title":{"rendered":"Smarte Verkehrsz\u00e4hlung"},"content":{"rendered":"<div id=\"pl-11902\"  class=\"panel-layout\" ><div id=\"pg-11902-0\"  class=\"panel-grid panel-no-style\" ><div id=\"pgc-11902-0-0\"  class=\"panel-grid-cell\" ><div id=\"panel-11902-0-0-0\" class=\"so-panel widget widget_sow-editor panel-first-child panel-last-child\" data-index=\"0\" ><div\n\t\t\t\n\t\t\tclass=\"so-widget-sow-editor so-widget-sow-editor-base\"\n\t\t\t\n\t\t><h3 class=\"widget-title\">Ein Auto, ein Bus, zwei Fahrr\u00e4der - Smarte Verkehrsz\u00e4hlung in Osnabr\u00fcck dank LoRaWAN<\/h3>\n<div class=\"siteorigin-widget-tinymce textwidget\">\n\t<p>Wer in der n\u00e4chsten Zeit am Osnabr\u00fccker Wall entlangf\u00e4hrt, wird \u201egez\u00e4hlt\u201c: Seit einigen Tagen erfasst die <a href=\"http:\/\/www.osnabrueck.de\">Stadt Osnabr\u00fcck<\/a> an zwei gro\u00dfen Kreuzungen den Verkehr, insbesondere Fahrr\u00e4der. Vollst\u00e4ndig automatisiert und datenschutzkonform werden die Daten dank smarter Verkehrssensorik \u00fcber das <a title=\"LoRaWAN \u2013 Smartes Netzwerk f\u00fcr Osnabr\u00fcck\" href=\"https:\/\/www.stadtwerke-osnabrueck.de\/blog\/2020\/04\/29\/lorawan-smartes-netzwerk-fuer-osnabrueck\/\">LoRaWAN-Netz<\/a> \u00fcbertragen. Zwei Kameras am August-Bebel-Platz und eine weitere am Bucksturm z\u00e4hlen vorbeifahrende Objekte, ohne Bilder von Personen oder Kennzeichen aufzunehmen.<\/p>\n<\/div>\n<\/div><\/div><\/div><\/div><div id=\"pg-11902-1\"  class=\"panel-grid panel-no-style\" ><div id=\"pgc-11902-1-0\"  class=\"panel-grid-cell\" ><div id=\"panel-11902-1-0-0\" class=\"so-panel widget widget_sow-editor panel-first-child panel-last-child\" data-index=\"1\" ><div\n\t\t\t\n\t\t\tclass=\"so-widget-sow-editor so-widget-sow-editor-base\"\n\t\t\t\n\t\t>\n<div class=\"siteorigin-widget-tinymce textwidget\">\n\t<div id=\"attachment_11904\" style=\"width: 370px\" class=\"wp-caption aligncenter\"><img aria-describedby=\"caption-attachment-11904\" decoding=\"async\" class=\"wp-image-11904 size-thumbnail\" src=\"https:\/\/www.stadtwerke-osnabrueck.de\/blog\/wp-content\/uploads\/2022\/11\/MicrosoftTeams-image-11-360x360.jpg\" alt=\"\" width=\"360\" height=\"360\" \/><p id=\"caption-attachment-11904\" class=\"wp-caption-text\">Mit einem Hubsteiger werden die Sensoren an der Ampelanlage am August-Bebel-Platz angebracht.<\/p><\/div>\n<\/div>\n<\/div><\/div><\/div><div id=\"pgc-11902-1-1\"  class=\"panel-grid-cell\" ><div id=\"panel-11902-1-1-0\" class=\"so-panel widget widget_sow-editor panel-first-child panel-last-child\" data-index=\"2\" ><div\n\t\t\t\n\t\t\tclass=\"so-widget-sow-editor so-widget-sow-editor-base\"\n\t\t\t\n\t\t>\n<div class=\"siteorigin-widget-tinymce textwidget\">\n\t<div id=\"attachment_11905\" style=\"width: 370px\" class=\"wp-caption aligncenter\"><img aria-describedby=\"caption-attachment-11905\" decoding=\"async\" class=\"wp-image-11905 size-thumbnail\" src=\"https:\/\/www.stadtwerke-osnabrueck.de\/blog\/wp-content\/uploads\/2022\/11\/Stadt-OS-Luca-Bauer-Kamera-Verkehrszaehlung-360x360.jpg\" alt=\"\" width=\"360\" height=\"360\" \/><p id=\"caption-attachment-11905\" class=\"wp-caption-text\">So sehen die Kameras aus, die den Verkehr z\u00e4hlen.<\/p><\/div>\n<\/div>\n<\/div><\/div><\/div><\/div><div id=\"pg-11902-2\"  class=\"panel-grid panel-no-style\" ><div id=\"pgc-11902-2-0\"  class=\"panel-grid-cell\" ><div id=\"panel-11902-2-0-0\" class=\"so-panel widget widget_sow-editor panel-first-child panel-last-child\" data-index=\"3\" ><div\n\t\t\t\n\t\t\tclass=\"so-widget-sow-editor so-widget-sow-editor-base\"\n\t\t\t\n\t\t><h3 class=\"widget-title\">K\u00fcnstliche Intelligenz erkennt Objekte<\/h3>\n<div class=\"siteorigin-widget-tinymce textwidget\">\n\t<p>Eine KI-basierte (KI steht f\u00fcr k\u00fcnstliche Intelligenz) Mustererkennung bestimmt die Art der rollenden Fahrzeuge und kann sie definierten Objektklassen zuordnen. So erkennt das System, ob gerade ein Fahrrad, ein LKW oder ein Auto vorbeigefahren ist. Das ist der gro\u00dfe Vorteil gegen\u00fcber anderen Techniken wie Induktionsschleifen oder radarbasierten Systemen, die zwar Mengen erfassen, aber keine Unterscheidung zwischen den verschiedenen Verkehrsteilnehmern machen k\u00f6nnen. Das gro\u00dfe Ziel hinter der Z\u00e4hlung: Am August-Bebel-Platz soll der Verkehr f\u00fcr Zweir\u00e4der im Zuge der geplanten Umbauma\u00dfnahmen sicherer und komfortabler gestaltet werden. Die Verkehrsz\u00e4hlung ist ein wesentlicher Teil der Verkehrsplanung, schafft datenbasierte Entscheidungsgrundlagen und soll langfristig Verkehrsfl\u00fcsse optimieren.<\/p>\n<\/div>\n<\/div><\/div><\/div><\/div><div id=\"pg-11902-3\"  class=\"panel-grid panel-no-style\" ><div id=\"pgc-11902-3-0\"  class=\"panel-grid-cell\" ><div id=\"panel-11902-3-0-0\" class=\"so-panel widget widget_sow-editor panel-first-child panel-last-child\" data-index=\"4\" ><div\n\t\t\t\n\t\t\tclass=\"so-widget-sow-editor so-widget-sow-editor-base\"\n\t\t\t\n\t\t><h3 class=\"widget-title\">Wer macht\u2018s?<\/h3>\n<div class=\"siteorigin-widget-tinymce textwidget\">\n\t<div id=\"attachment_11906\" style=\"width: 370px\" class=\"wp-caption alignleft\"><img aria-describedby=\"caption-attachment-11906\" decoding=\"async\" class=\"wp-image-11906 size-thumbnail\" src=\"https:\/\/www.stadtwerke-osnabrueck.de\/blog\/wp-content\/uploads\/2022\/11\/Stadt-OS-Luca-Bauer-Team-Verkehrszaehlung-360x360.jpg\" alt=\"\" width=\"360\" height=\"360\" \/><p id=\"caption-attachment-11906\" class=\"wp-caption-text\">Das Team hat die smarte Verkehrssensorik gemeinsam umgesetzt: Simon Alf, peerOS GmbH, Martin Kuppelmayr, SWO Netz GmbH, und Jan Uhlenbrok, Stadt Osnabr\u00fcck.<\/p><\/div>\n<p>Die Verkehrssensorik wird gerade im Rahmen des <a title=\"Beteiligung von der Couch aus\" href=\"https:\/\/www.stadtwerke-osnabrueck.de\/blog\/2022\/08\/17\/beteiligung-von-der-couch-aus\/\">Smart Region Projekts<\/a>, an dem die Stadt Osnabr\u00fcck gemeinsam mit der <a href=\"http:\/\/www.swo-netz.de\">SWO Netz<\/a> und den <a href=\"http:\/\/www.swo.de\">Stadtwerken Osnabr\u00fcck<\/a> als Projektpartner wirkt, getestet. Technisch umgesetzt wurde die Sensorik in einer Kooperation der Osnabr\u00fccker Start-ups <a href=\"http:\/\/www.peeros.de\/\">peerOS GmbH<\/a> und <a href=\"https:\/\/iotec-gmbh.de\/\">IoTec GmbH<\/a>. Die SWO Netz stellt das <a title=\"LoRaWAN \u2013 Smartes Netzwerk f\u00fcr Osnabr\u00fcck\" href=\"https:\/\/www.stadtwerke-osnabrueck.de\/blog\/2020\/04\/29\/lorawan-smartes-netzwerk-fuer-osnabrueck\/\" target=\"_blank\" rel=\"noopener\">LoRaWAN-Netz<\/a> zur Verf\u00fcgung, \u00fcber welches die Daten auf ab dem 1.12. zur Verf\u00fcgung stehende <a href=\"https:\/\/datenplattform.osnabrueck.de\/\">Datenplattform der Stadt Osnabr\u00fcck<\/a> \u00fcbertragen werden.<\/p>\n<\/div>\n<\/div><\/div><\/div><\/div><div id=\"pg-11902-4\"  class=\"panel-grid panel-no-style\" ><div id=\"pgc-11902-4-0\"  class=\"panel-grid-cell\" ><div id=\"panel-11902-4-0-0\" class=\"so-panel widget widget_sow-editor panel-first-child panel-last-child\" data-index=\"5\" ><div class=\"panel-widget-style panel-widget-style-for-11902-4-0-0\" ><div\n\t\t\t\n\t\t\tclass=\"so-widget-sow-editor so-widget-sow-editor-base\"\n\t\t\t\n\t\t><h3 class=\"widget-title\">Mehr zu LoRaWAN<\/h3>\n<div class=\"siteorigin-widget-tinymce textwidget\">\n\t<p>Die smarte Verkehrssensorik ist ein weiterer Beleg f\u00fcr die enorme Anwendungsbreite von LoRaWAN. Weitere smarte Beispiele wie die <a title=\"\u00dcberwachung von Pumpwerken per LoRaWAN\" href=\"https:\/\/www.stadtwerke-osnabrueck.de\/blog\/2020\/10\/15\/ueberwachung-von-pumpwerken-per-lorawan\/\" target=\"_blank\" rel=\"noopener\">Digitalisierung der Grundwasser-Pegelmessung<\/a>, Monitoring von Lades\u00e4ulen &amp; Parkplatzbelegungen, CO2- &amp; Raumklima-Management finden Sie in den <a href=\"https:\/\/www.stadtwerke-osnabrueck.de\/geschaeftskunden\/lorawan-anwendungen-beispiele\">LoRaWAN-Anwendungsf\u00e4llen<\/a> auf unserer Website.<\/p>\n<\/div>\n<\/div><\/div><\/div><\/div><\/div><\/div>","protected":false},"excerpt":{"rendered":"<p>Wer in der n\u00e4chsten Zeit am Osnabr\u00fccker Wall entlangf\u00e4hrt, wird \u201egez\u00e4hlt\u201c: Seit einigen Tagen erfasst die Stadt Osnabr\u00fcck an zwei gro\u00dfen Kreuzungen den Verkehr, insbesondere Fahrr\u00e4der. Vollst\u00e4ndig automatisiert und datenschutzkonform werden die Daten dank smarter Verkehrssensorik \u00fcber das LoRaWAN-Netz \u00fcbertragen. Zwei Kameras am August-Bebel-Platz und eine weitere am Bucksturm z\u00e4hlen vorbeifahrende Objekte, ohne Bilder von [&hellip;]<\/p>\n","protected":false},"author":34,"featured_media":11941,"comment_status":"open","ping_status":"closed","sticky":false,"template":"","format":"standard","meta":{"footnotes":""},"categories":[1],"tags":[12,70,9,538,125],"class_list":["post-11902","post","type-post","status-publish","format-standard","has-post-thumbnail","hentry","category-allgemein","tag-mitarbeiter","tag-mobilitaet","tag-osnabrueck","tag-smart-city","tag-swo-netz"],"aioseo_notices":[],"_links":{"self":[{"href":"https:\/\/www.stadtwerke-osnabrueck.de\/blog\/wp-json\/wp\/v2\/posts\/11902","targetHints":{"allow":["GET"]}}],"collection":[{"href":"https:\/\/www.stadtwerke-osnabrueck.de\/blog\/wp-json\/wp\/v2\/posts"}],"about":[{"href":"https:\/\/www.stadtwerke-osnabrueck.de\/blog\/wp-json\/wp\/v2\/types\/post"}],"author":[{"embeddable":true,"href":"https:\/\/www.stadtwerke-osnabrueck.de\/blog\/wp-json\/wp\/v2\/users\/34"}],"replies":[{"embeddable":true,"href":"https:\/\/www.stadtwerke-osnabrueck.de\/blog\/wp-json\/wp\/v2\/comments?post=11902"}],"version-history":[{"count":0,"href":"https:\/\/www.stadtwerke-osnabrueck.de\/blog\/wp-json\/wp\/v2\/posts\/11902\/revisions"}],"wp:featuredmedia":[{"embeddable":true,"href":"https:\/\/www.stadtwerke-osnabrueck.de\/blog\/wp-json\/wp\/v2\/media\/11941"}],"wp:attachment":[{"href":"https:\/\/www.stadtwerke-osnabrueck.de\/blog\/wp-json\/wp\/v2\/media?parent=11902"}],"wp:term":[{"taxonomy":"category","embeddable":true,"href":"https:\/\/www.stadtwerke-osnabrueck.de\/blog\/wp-json\/wp\/v2\/categories?post=11902"},{"taxonomy":"post_tag","embeddable":true,"href":"https:\/\/www.stadtwerke-osnabrueck.de\/blog\/wp-json\/wp\/v2\/tags?post=11902"}],"curies":[{"name":"wp","href":"https:\/\/api.w.org\/{rel}","templated":true}]}}