{"id":11398,"date":"2022-10-18T09:00:24","date_gmt":"2022-10-18T07:00:24","guid":{"rendered":"https:\/\/www.stadtwerke-osnabrueck.de\/blog\/?p=11398"},"modified":"2026-03-04T07:46:48","modified_gmt":"2026-03-04T06:46:48","slug":"mission-glasraser-hier-schwebt-die-glasfasertechnik-nach-osnabrueck","status":"publish","type":"post","link":"https:\/\/www.stadtwerke-osnabrueck.de\/blog\/2022\/10\/18\/mission-glasraser-hier-schwebt-die-glasfasertechnik-nach-osnabrueck\/","title":{"rendered":"Mission Glasfaser: Hier schwebt die Glasfasertechnik nach Osnabr\u00fcck"},"content":{"rendered":"<div id=\"pl-11398\"  class=\"panel-layout\" ><div id=\"pg-11398-0\"  class=\"panel-grid panel-no-style\" ><div id=\"pgc-11398-0-0\"  class=\"panel-grid-cell\" ><div id=\"panel-11398-0-0-0\" class=\"so-panel widget widget_sow-editor panel-first-child panel-last-child\" data-index=\"0\" ><div\n\t\t\t\n\t\t\tclass=\"so-widget-sow-editor so-widget-sow-editor-base\"\n\t\t\t\n\t\t>\n<div class=\"siteorigin-widget-tinymce textwidget\">\n\t<p><strong>Seit einigen Monaten schreitet der Glasfaserausbau in Osnabr\u00fcck mit gro\u00dfen Schritten voran. Bisher hat die SWO Netz in den beiden ersten Ausbaugebieten vordere W\u00fcste und Sch\u00f6lerberg mit dem Bau des Verteilnetzes \u2013 im wahrsten Sinne des Wortes \u2013 die Basis f\u00fcr das schnelle Internet gelegt. Nun folgt die entsprechende Technik: die ersten beiden sogenannten FTTH-Co Standorte (fibre to the home \u2013 Central Office), die im Rahmen unserer Mission Glasfaser in Osnabr\u00fcck aufgestellt werden, sind angekommen.<\/strong><\/p>\n<p>Etwas gr\u00f6\u00dfer als eine Fertiggarage sind die Standorte, in denen jede Menge Glasfasertechnik steckt. Man k\u00f6nnte fast sagen, dass die FTTH-Co Standorte das Herzst\u00fcck des Glasfasernetzes bilden. Denn sie sind zentraler Knotenpunkt zwischen dem Backbone-Glasfasernetz (also der vorgelagerten Netzebene) und dem neuen Verteilnetz in Osnabr\u00fcck. Hier werden die Glasfasern auch mit Lichtsignalen belegt, mithilfe derer die Daten\u00fcbertragung erfolgt. Die Standorte lassen sich deshalb umgangssprachlich auch als Hauptverteiler bezeichnen: von hier aus werden die Glasfasern \u00fcber die kleineren Netzverteilern bis hin zu den Hausanschl\u00fcssen weitergeleitet.<\/p>\n<p>Wobei: Zum Zeitpunkt des Aufstellens sind die H\u00e4uschen noch leer. Der Einbau der eigentlichen Technik erfolgt erst sp\u00e4ter durch unseren Ausbaupartner <a href=\"http:\/\/wwww.glasfaser-nordwest.de\" target=\"_blank\" rel=\"noopener\">Glasfaser Nordwest<\/a>. Im ersten Schritt werden die Standorte sicher und millimetergenau mithilfe eines 130 Tonnen-Krans an ihren geplanten Platz verfrachtet. <strong>Zwei dieser Hauptverteiler, die gibt es bereits in Osnabr\u00fcck, drei weitere folgen im Rahmen des geplanten Ausbaus bis 2027.<\/strong><\/p>\n<\/div>\n<\/div><\/div><\/div><\/div><div id=\"pg-11398-1\"  class=\"panel-grid panel-no-style\" ><div id=\"pgc-11398-1-0\"  class=\"panel-grid-cell\" ><div id=\"panel-11398-1-0-0\" class=\"so-panel widget widget_sow-editor panel-first-child panel-last-child\" data-index=\"1\" ><div\n\t\t\t\n\t\t\tclass=\"so-widget-sow-editor so-widget-sow-editor-base\"\n\t\t\t\n\t\t><h3 class=\"widget-title\">Netzausbau so gut wie abgeschlossen, jetzt kommt die Technik<\/h3>\n<div class=\"siteorigin-widget-tinymce textwidget\">\n\t<p>In der Zwischenzeit ist der Ausbau des Verteilnetzes in den beiden Ausbaugebieten Sch\u00f6lerberg und vordere W\u00fcste so gut wie bzw. bereits komplett abgeschlossen. <strong>In der vorderen W\u00fcste sind die geplanten 18 Kilometer Glasfaserverteilnetz vollst\u00e4ndig verlegt, im Ausbaugebiet Sch\u00f6lerberg rund zwei Drittel insgesamt 30 Kilometern Verteilnetz. Durch die beiden FTTH Co-Standorte werden dann ins Zunkunft rund 20.000 Haushalte mit Glasfaser besorgt.<\/strong><\/p>\n<blockquote>\n<p>Mit dem Aufbau der FTTH-Co Standorte kann nach der passiven Infrastruktur nun auch die Aktivtechnik in Osnabr\u00fcck errichtet und die Glasfasern eingeblasen werden. Es dauert also nicht mehr lange, bis die ersten und hoffentlich dann bald alle Osnabr\u00fcckerinnen und Osnabr\u00fccker im schnellen und stabilen Glasfasernetz surfen k\u00f6nnen.<\/p>\n<\/blockquote>\n<\/div>\n<\/div><\/div><\/div><\/div><div id=\"pg-11398-2\"  class=\"panel-grid panel-no-style\" ><div id=\"pgc-11398-2-0\"  class=\"panel-grid-cell\" ><div id=\"panel-11398-2-0-0\" class=\"so-panel widget widget_sow-editor panel-first-child panel-last-child\" data-index=\"2\" ><div\n\t\t\t\n\t\t\tclass=\"so-widget-sow-editor so-widget-sow-editor-base\"\n\t\t\t\n\t\t>\n<div class=\"siteorigin-widget-tinymce textwidget\">\n\t<p><img decoding=\"async\" class=\"alignnone size-medium wp-image-11403\" src=\"https:\/\/www.stadtwerke-osnabrueck.de\/blog\/wp-content\/uploads\/2022\/10\/FTTH-CO-Wueste_01-558x750.jpg\" alt=\"\" width=\"558\" height=\"750\" srcset=\"https:\/\/www.stadtwerke-osnabrueck.de\/blog\/wp-content\/uploads\/2022\/10\/FTTH-CO-Wueste_01-558x750.jpg 558w, https:\/\/www.stadtwerke-osnabrueck.de\/blog\/wp-content\/uploads\/2022\/10\/FTTH-CO-Wueste_01-1190x1600.jpg 1190w, https:\/\/www.stadtwerke-osnabrueck.de\/blog\/wp-content\/uploads\/2022\/10\/FTTH-CO-Wueste_01-768x1032.jpg 768w, https:\/\/www.stadtwerke-osnabrueck.de\/blog\/wp-content\/uploads\/2022\/10\/FTTH-CO-Wueste_01-1143x1536.jpg 1143w, https:\/\/www.stadtwerke-osnabrueck.de\/blog\/wp-content\/uploads\/2022\/10\/FTTH-CO-Wueste_01.jpg 1488w\" sizes=\"(max-width: 558px) 100vw, 558px\" \/> <img decoding=\"async\" class=\"alignnone size-medium wp-image-11407\" src=\"https:\/\/www.stadtwerke-osnabrueck.de\/blog\/wp-content\/uploads\/2022\/10\/FTTHCO-Schoelerberg_02-750x563.jpg\" alt=\"\" width=\"750\" height=\"563\" srcset=\"https:\/\/www.stadtwerke-osnabrueck.de\/blog\/wp-content\/uploads\/2022\/10\/FTTHCO-Schoelerberg_02-750x563.jpg 750w, https:\/\/www.stadtwerke-osnabrueck.de\/blog\/wp-content\/uploads\/2022\/10\/FTTHCO-Schoelerberg_02-1920x1440.jpg 1920w, https:\/\/www.stadtwerke-osnabrueck.de\/blog\/wp-content\/uploads\/2022\/10\/FTTHCO-Schoelerberg_02-768x576.jpg 768w, https:\/\/www.stadtwerke-osnabrueck.de\/blog\/wp-content\/uploads\/2022\/10\/FTTHCO-Schoelerberg_02-1536x1152.jpg 1536w, https:\/\/www.stadtwerke-osnabrueck.de\/blog\/wp-content\/uploads\/2022\/10\/FTTHCO-Schoelerberg_02.jpg 2000w\" sizes=\"(max-width: 750px) 100vw, 750px\" \/><\/p>\n<p><img decoding=\"async\" class=\"alignnone size-medium wp-image-11405\" src=\"https:\/\/www.stadtwerke-osnabrueck.de\/blog\/wp-content\/uploads\/2022\/10\/FTTH-CO-Wueste_03-558x750.jpg\" alt=\"\" width=\"558\" height=\"750\" srcset=\"https:\/\/www.stadtwerke-osnabrueck.de\/blog\/wp-content\/uploads\/2022\/10\/FTTH-CO-Wueste_03-558x750.jpg 558w, https:\/\/www.stadtwerke-osnabrueck.de\/blog\/wp-content\/uploads\/2022\/10\/FTTH-CO-Wueste_03-1190x1600.jpg 1190w, https:\/\/www.stadtwerke-osnabrueck.de\/blog\/wp-content\/uploads\/2022\/10\/FTTH-CO-Wueste_03-768x1032.jpg 768w, https:\/\/www.stadtwerke-osnabrueck.de\/blog\/wp-content\/uploads\/2022\/10\/FTTH-CO-Wueste_03-1143x1536.jpg 1143w, https:\/\/www.stadtwerke-osnabrueck.de\/blog\/wp-content\/uploads\/2022\/10\/FTTH-CO-Wueste_03.jpg 1488w\" sizes=\"(max-width: 558px) 100vw, 558px\" \/> <img decoding=\"async\" class=\"alignnone size-medium wp-image-11406\" src=\"https:\/\/www.stadtwerke-osnabrueck.de\/blog\/wp-content\/uploads\/2022\/10\/FTTHCO-Schoelerberg_01-750x563.jpg\" alt=\"\" width=\"750\" height=\"563\" srcset=\"https:\/\/www.stadtwerke-osnabrueck.de\/blog\/wp-content\/uploads\/2022\/10\/FTTHCO-Schoelerberg_01-750x563.jpg 750w, https:\/\/www.stadtwerke-osnabrueck.de\/blog\/wp-content\/uploads\/2022\/10\/FTTHCO-Schoelerberg_01-1920x1440.jpg 1920w, https:\/\/www.stadtwerke-osnabrueck.de\/blog\/wp-content\/uploads\/2022\/10\/FTTHCO-Schoelerberg_01-768x576.jpg 768w, https:\/\/www.stadtwerke-osnabrueck.de\/blog\/wp-content\/uploads\/2022\/10\/FTTHCO-Schoelerberg_01-1536x1152.jpg 1536w, https:\/\/www.stadtwerke-osnabrueck.de\/blog\/wp-content\/uploads\/2022\/10\/FTTHCO-Schoelerberg_01.jpg 2000w\" sizes=\"(max-width: 750px) 100vw, 750px\" \/><\/p>\n<\/div>\n<\/div><\/div><\/div><\/div><div id=\"pg-11398-3\"  class=\"panel-grid panel-no-style\" ><div id=\"pgc-11398-3-0\"  class=\"panel-grid-cell\" ><div id=\"panel-11398-3-0-0\" class=\"so-panel widget widget_sow-editor panel-first-child panel-last-child\" data-index=\"3\" ><div class=\"panel-widget-style panel-widget-style-for-11398-3-0-0\" ><div\n\t\t\t\n\t\t\tclass=\"so-widget-sow-editor so-widget-sow-editor-base\"\n\t\t\t\n\t\t><h3 class=\"widget-title\">Weitere Infos zur Mission Glasfaser der SWO Netz<\/h3>\n<div class=\"siteorigin-widget-tinymce textwidget\">\n\t<p class=\"widget-title\">Alle Informationen zum Glasfaserausbau in Osnabr\u00fcck findet ihr unter\u00a0<a href=\"http:\/\/www.swo-netz.de\/missionglasraser\" target=\"_blank\" rel=\"noopener\">www.swo-netz.de\/missionglasfaser<\/a><\/p>\n<\/div>\n<\/div><\/div><\/div><\/div><\/div><\/div>","protected":false},"excerpt":{"rendered":"<p>Seit einigen Monaten schreitet der Glasfaserausbau in Osnabr\u00fcck mit gro\u00dfen Schritten voran. Bisher hat die SWO Netz in den beiden ersten Ausbaugebieten vordere W\u00fcste und Sch\u00f6lerberg mit dem Bau des Verteilnetzes \u2013 im wahrsten Sinne des Wortes \u2013 die Basis f\u00fcr das schnelle Internet gelegt. Nun folgt die entsprechende Technik: die ersten beiden sogenannten FTTH-Co Standorte sind angekommen. <\/p>\n","protected":false},"author":3,"featured_media":11402,"comment_status":"open","ping_status":"closed","sticky":false,"template":"","format":"standard","meta":{"footnotes":""},"categories":[100],"tags":[158,612,9,125],"class_list":["post-11398","post","type-post","status-publish","format-standard","has-post-thumbnail","hentry","category-zoom","tag-baustelle","tag-glasfaser","tag-osnabrueck","tag-swo-netz"],"aioseo_notices":[],"aioseo_head":"\n\t\t<!-- All in One SEO 5.0.0.1 - aioseo.com -->\n\t<meta name=\"description\" content=\"Ein wichtiger Meilenstein wurde jetzt beim Glasfaserausbau in Osnabr\u00fcck erreicht: In den ersten beiden Ausbaugebieten wurden die Hauptverteiler errichtet.\" \/>\n\t<meta name=\"robots\" content=\"max-snippet:-1, max-image-preview:large, max-video-preview:-1\" \/>\n\t<meta name=\"author\" content=\"Lisa Hoff\"\/>\n\t<meta name=\"keywords\" content=\"baustelle,glasfaser,osnabr\u00fcck,swo-netz\" \/>\n\t<link rel=\"canonical\" href=\"https:\/\/www.stadtwerke-osnabrueck.de\/blog\/2022\/10\/18\/mission-glasraser-hier-schwebt-die-glasfasertechnik-nach-osnabrueck\/\" \/>\n\t<meta name=\"generator\" content=\"All in One SEO (AIOSEO) 5.0.0.1\" \/>\n\t\t<meta property=\"og:locale\" content=\"de_DE\" \/>\n\t\t<meta property=\"og:site_name\" content=\"Stadtwerke Osnabr\u00fcck Blog\" \/>\n\t\t<meta property=\"og:type\" content=\"article\" \/>\n\t\t<meta property=\"og:title\" content=\"Mission Glasfaser: Hier schwebt die Glasfasertechnik nach Osnabr\u00fcck | Blog der Stadtwerke Osnabr\u00fcck\" \/>\n\t\t<meta property=\"og:description\" content=\"Ein wichtiger Meilenstein wurde jetzt beim Glasfaserausbau in Osnabr\u00fcck erreicht: In den ersten beiden Ausbaugebieten wurden die Hauptverteiler errichtet.\" \/>\n\t\t<meta property=\"og:url\" content=\"https:\/\/www.stadtwerke-osnabrueck.de\/blog\/2022\/10\/18\/mission-glasraser-hier-schwebt-die-glasfasertechnik-nach-osnabrueck\/\" \/>\n\t\t<meta property=\"og:image\" content=\"https:\/\/www.stadtwerke-osnabrueck.de\/blog\/wp-content\/uploads\/2022\/10\/FTTHCO-Schoelerberg_03.jpg\" \/>\n\t\t<meta property=\"og:image:secure_url\" content=\"https:\/\/www.stadtwerke-osnabrueck.de\/blog\/wp-content\/uploads\/2022\/10\/FTTHCO-Schoelerberg_03.jpg\" \/>\n\t\t<meta property=\"og:image:width\" content=\"2000\" \/>\n\t\t<meta property=\"og:image:height\" content=\"1500\" \/>\n\t\t<meta property=\"article:published_time\" content=\"2022-10-18T07:00:24+00:00\" \/>\n\t\t<meta property=\"article:modified_time\" content=\"2026-03-04T06:46:48+00:00\" \/>\n\t\t<meta property=\"article:publisher\" content=\"https:\/\/www.facebook.com\/stadtwerke.osnabrueck\" \/>\n\t\t<meta name=\"twitter:card\" content=\"summary\" \/>\n\t\t<meta name=\"twitter:site\" content=\"@stadtwerke_os\" \/>\n\t\t<meta name=\"twitter:title\" content=\"Mission Glasfaser: Hier schwebt die Glasfasertechnik nach Osnabr\u00fcck | Blog der Stadtwerke Osnabr\u00fcck\" \/>\n\t\t<meta name=\"twitter:description\" content=\"Ein wichtiger Meilenstein wurde jetzt beim Glasfaserausbau in Osnabr\u00fcck erreicht: In den ersten beiden Ausbaugebieten wurden die Hauptverteiler errichtet.\" \/>\n\t\t<meta name=\"twitter:image\" content=\"https:\/\/www.stadtwerke-osnabrueck.de\/blog\/wp-content\/uploads\/2022\/10\/FTTHCO-Schoelerberg_03-titel.jpg\" \/>\n\t\t<script type=\"application\/ld+json\" class=\"aioseo-schema\">\n\t\t\t{\"@context\":\"https:\\\/\\\/schema.org\",\"@graph\":[{\"@type\":\"Article\",\"@id\":\"https:\\\/\\\/www.stadtwerke-osnabrueck.de\\\/blog\\\/2022\\\/10\\\/18\\\/mission-glasraser-hier-schwebt-die-glasfasertechnik-nach-osnabrueck\\\/#article\",\"name\":\"Mission Glasfaser: Hier schwebt die Glasfasertechnik nach Osnabr\\u00fcck | Blog der Stadtwerke Osnabr\\u00fcck\",\"headline\":\"Mission Glasfaser: Hier schwebt die Glasfasertechnik nach Osnabr\\u00fcck\",\"author\":{\"@id\":\"https:\\\/\\\/www.stadtwerke-osnabrueck.de\\\/blog\\\/author\\\/lisa\\\/#author\"},\"publisher\":{\"@id\":\"https:\\\/\\\/www.stadtwerke-osnabrueck.de\\\/blog\\\/#organization\"},\"image\":{\"@type\":\"ImageObject\",\"url\":\"https:\\\/\\\/www.stadtwerke-osnabrueck.de\\\/blog\\\/wp-content\\\/uploads\\\/2022\\\/10\\\/FTTHCO-Schoelerberg_03-titel.jpg\",\"width\":1920,\"height\":640},\"datePublished\":\"2022-10-18T09:00:24+02:00\",\"dateModified\":\"2026-03-04T07:46:48+01:00\",\"inLanguage\":\"de-DE\",\"commentCount\":6,\"mainEntityOfPage\":{\"@id\":\"https:\\\/\\\/www.stadtwerke-osnabrueck.de\\\/blog\\\/2022\\\/10\\\/18\\\/mission-glasraser-hier-schwebt-die-glasfasertechnik-nach-osnabrueck\\\/#webpage\"},\"isPartOf\":{\"@id\":\"https:\\\/\\\/www.stadtwerke-osnabrueck.de\\\/blog\\\/2022\\\/10\\\/18\\\/mission-glasraser-hier-schwebt-die-glasfasertechnik-nach-osnabrueck\\\/#webpage\"},\"articleSection\":\"Zoom, Baustelle, Glasfaser, Osnabr\\u00fcck, SWO-NETZ\"},{\"@type\":\"BreadcrumbList\",\"@id\":\"https:\\\/\\\/www.stadtwerke-osnabrueck.de\\\/blog\\\/2022\\\/10\\\/18\\\/mission-glasraser-hier-schwebt-die-glasfasertechnik-nach-osnabrueck\\\/#breadcrumblist\",\"itemListElement\":[{\"@type\":\"ListItem\",\"@id\":\"https:\\\/\\\/www.stadtwerke-osnabrueck.de\\\/blog#listItem\",\"position\":1,\"name\":\"Blog\",\"item\":\"https:\\\/\\\/www.stadtwerke-osnabrueck.de\\\/blog\",\"nextItem\":{\"@type\":\"ListItem\",\"@id\":\"https:\\\/\\\/www.stadtwerke-osnabrueck.de\\\/blog\\\/kategorie\\\/zoom\\\/#listItem\",\"name\":\"Zoom\"}},{\"@type\":\"ListItem\",\"@id\":\"https:\\\/\\\/www.stadtwerke-osnabrueck.de\\\/blog\\\/kategorie\\\/zoom\\\/#listItem\",\"position\":2,\"name\":\"Zoom\",\"item\":\"https:\\\/\\\/www.stadtwerke-osnabrueck.de\\\/blog\\\/kategorie\\\/zoom\\\/\",\"nextItem\":{\"@type\":\"ListItem\",\"@id\":\"https:\\\/\\\/www.stadtwerke-osnabrueck.de\\\/blog\\\/2022\\\/10\\\/18\\\/mission-glasraser-hier-schwebt-die-glasfasertechnik-nach-osnabrueck\\\/#listItem\",\"name\":\"Mission Glasfaser: Hier schwebt die Glasfasertechnik nach Osnabr\\u00fcck\"},\"previousItem\":{\"@type\":\"ListItem\",\"@id\":\"https:\\\/\\\/www.stadtwerke-osnabrueck.de\\\/blog#listItem\",\"name\":\"Blog\"}},{\"@type\":\"ListItem\",\"@id\":\"https:\\\/\\\/www.stadtwerke-osnabrueck.de\\\/blog\\\/2022\\\/10\\\/18\\\/mission-glasraser-hier-schwebt-die-glasfasertechnik-nach-osnabrueck\\\/#listItem\",\"position\":3,\"name\":\"Mission Glasfaser: Hier schwebt die Glasfasertechnik nach Osnabr\\u00fcck\",\"previousItem\":{\"@type\":\"ListItem\",\"@id\":\"https:\\\/\\\/www.stadtwerke-osnabrueck.de\\\/blog\\\/kategorie\\\/zoom\\\/#listItem\",\"name\":\"Zoom\"}}]},{\"@type\":\"Organization\",\"@id\":\"https:\\\/\\\/www.stadtwerke-osnabrueck.de\\\/blog\\\/#organization\",\"name\":\"Stadtwerke Osnabr\\u00fcck\",\"url\":\"https:\\\/\\\/www.stadtwerke-osnabrueck.de\\\/blog\\\/\",\"telephone\":\"+4954120020\",\"logo\":{\"@type\":\"ImageObject\",\"url\":\"https:\\\/\\\/www.stadtwerke-osnabrueck.de\\\/blog\\\/wp-content\\\/uploads\\\/2022\\\/09\\\/Stadtwerke-Osnabrueck-Logoball.jpg\",\"@id\":\"https:\\\/\\\/www.stadtwerke-osnabrueck.de\\\/blog\\\/2022\\\/10\\\/18\\\/mission-glasraser-hier-schwebt-die-glasfasertechnik-nach-osnabrueck\\\/#organizationLogo\",\"width\":1000,\"height\":1000,\"caption\":\"Stadtwerke Osnabr\\u00fcck Logoball\"},\"image\":{\"@id\":\"https:\\\/\\\/www.stadtwerke-osnabrueck.de\\\/blog\\\/2022\\\/10\\\/18\\\/mission-glasraser-hier-schwebt-die-glasfasertechnik-nach-osnabrueck\\\/#organizationLogo\"},\"sameAs\":[\"https:\\\/\\\/www.instagram.com\\\/stadtwerke_osnabrueck\",\"https:\\\/\\\/www.youtube.com\\\/user\\\/StadtwerkeOsnabrueck\",\"https:\\\/\\\/www.linkedin.com\\\/company\\\/stadtwerke-osnabrueck\",\"https:\\\/\\\/de.wikipedia.org\\\/wiki\\\/Stadtwerke_Osnabrck\",\"https:\\\/\\\/www.stadtwerke-osnabrueck.de\\\/unternehmen\\\/newsletter\"]},{\"@type\":\"Person\",\"@id\":\"https:\\\/\\\/www.stadtwerke-osnabrueck.de\\\/blog\\\/author\\\/lisa\\\/#author\",\"url\":\"https:\\\/\\\/www.stadtwerke-osnabrueck.de\\\/blog\\\/author\\\/lisa\\\/\",\"name\":\"Lisa Hoff\",\"image\":{\"@type\":\"ImageObject\",\"@id\":\"https:\\\/\\\/www.stadtwerke-osnabrueck.de\\\/blog\\\/2022\\\/10\\\/18\\\/mission-glasraser-hier-schwebt-die-glasfasertechnik-nach-osnabrueck\\\/#authorImage\",\"url\":\"https:\\\/\\\/www.stadtwerke-osnabrueck.de\\\/blog\\\/wp-content\\\/uploads\\\/2022\\\/08\\\/lisa-hoff-360x360.jpg\",\"width\":96,\"height\":96,\"caption\":\"Lisa Hoff\"}},{\"@type\":\"WebPage\",\"@id\":\"https:\\\/\\\/www.stadtwerke-osnabrueck.de\\\/blog\\\/2022\\\/10\\\/18\\\/mission-glasraser-hier-schwebt-die-glasfasertechnik-nach-osnabrueck\\\/#webpage\",\"url\":\"https:\\\/\\\/www.stadtwerke-osnabrueck.de\\\/blog\\\/2022\\\/10\\\/18\\\/mission-glasraser-hier-schwebt-die-glasfasertechnik-nach-osnabrueck\\\/\",\"name\":\"Mission Glasfaser: Hier schwebt die Glasfasertechnik nach Osnabr\\u00fcck | Blog der Stadtwerke Osnabr\\u00fcck\",\"description\":\"Ein wichtiger Meilenstein wurde jetzt beim Glasfaserausbau in Osnabr\\u00fcck erreicht: In den ersten beiden Ausbaugebieten wurden die Hauptverteiler errichtet.\",\"inLanguage\":\"de-DE\",\"isPartOf\":{\"@id\":\"https:\\\/\\\/www.stadtwerke-osnabrueck.de\\\/blog\\\/#website\"},\"breadcrumb\":{\"@id\":\"https:\\\/\\\/www.stadtwerke-osnabrueck.de\\\/blog\\\/2022\\\/10\\\/18\\\/mission-glasraser-hier-schwebt-die-glasfasertechnik-nach-osnabrueck\\\/#breadcrumblist\"},\"author\":{\"@id\":\"https:\\\/\\\/www.stadtwerke-osnabrueck.de\\\/blog\\\/author\\\/lisa\\\/#author\"},\"creator\":{\"@id\":\"https:\\\/\\\/www.stadtwerke-osnabrueck.de\\\/blog\\\/author\\\/lisa\\\/#author\"},\"image\":{\"@type\":\"ImageObject\",\"url\":\"https:\\\/\\\/www.stadtwerke-osnabrueck.de\\\/blog\\\/wp-content\\\/uploads\\\/2022\\\/10\\\/FTTHCO-Schoelerberg_03-titel.jpg\",\"@id\":\"https:\\\/\\\/www.stadtwerke-osnabrueck.de\\\/blog\\\/2022\\\/10\\\/18\\\/mission-glasraser-hier-schwebt-die-glasfasertechnik-nach-osnabrueck\\\/#mainImage\",\"width\":1920,\"height\":640},\"primaryImageOfPage\":{\"@id\":\"https:\\\/\\\/www.stadtwerke-osnabrueck.de\\\/blog\\\/2022\\\/10\\\/18\\\/mission-glasraser-hier-schwebt-die-glasfasertechnik-nach-osnabrueck\\\/#mainImage\"},\"datePublished\":\"2022-10-18T09:00:24+02:00\",\"dateModified\":\"2026-03-04T07:46:48+01:00\"},{\"@type\":\"WebSite\",\"@id\":\"https:\\\/\\\/www.stadtwerke-osnabrueck.de\\\/blog\\\/#website\",\"url\":\"https:\\\/\\\/www.stadtwerke-osnabrueck.de\\\/blog\\\/\",\"name\":\"Blog der Stadtwerke Osnabr\\u00fcck\",\"inLanguage\":\"de-DE\",\"publisher\":{\"@id\":\"https:\\\/\\\/www.stadtwerke-osnabrueck.de\\\/blog\\\/#organization\"}}]}\n\t\t<\/script>\n\t\t<!-- All in One SEO -->\n\n","aioseo_head_json":{"title":"Mission Glasfaser: Hier schwebt die Glasfasertechnik nach Osnabr\u00fcck | Blog der Stadtwerke Osnabr\u00fcck","description":"Ein wichtiger Meilenstein wurde jetzt beim Glasfaserausbau in Osnabr\u00fcck erreicht: In den ersten beiden Ausbaugebieten wurden die Hauptverteiler errichtet.","canonical_url":"https:\/\/www.stadtwerke-osnabrueck.de\/blog\/2022\/10\/18\/mission-glasraser-hier-schwebt-die-glasfasertechnik-nach-osnabrueck\/","robots":"max-snippet:-1, max-image-preview:large, max-video-preview:-1","keywords":"baustelle,glasfaser,osnabr\u00fcck,swo-netz","webmasterTools":{"miscellaneous":""},"schema":{"@context":"https:\/\/schema.org","@graph":[{"@type":"Article","@id":"https:\/\/www.stadtwerke-osnabrueck.de\/blog\/2022\/10\/18\/mission-glasraser-hier-schwebt-die-glasfasertechnik-nach-osnabrueck\/#article","name":"Mission Glasfaser: Hier schwebt die Glasfasertechnik nach Osnabr\u00fcck | Blog der Stadtwerke Osnabr\u00fcck","headline":"Mission Glasfaser: Hier schwebt die Glasfasertechnik nach Osnabr\u00fcck","author":{"@id":"https:\/\/www.stadtwerke-osnabrueck.de\/blog\/author\/lisa\/#author"},"publisher":{"@id":"https:\/\/www.stadtwerke-osnabrueck.de\/blog\/#organization"},"image":{"@type":"ImageObject","url":"https:\/\/www.stadtwerke-osnabrueck.de\/blog\/wp-content\/uploads\/2022\/10\/FTTHCO-Schoelerberg_03-titel.jpg","width":1920,"height":640},"datePublished":"2022-10-18T09:00:24+02:00","dateModified":"2026-03-04T07:46:48+01:00","inLanguage":"de-DE","commentCount":6,"mainEntityOfPage":{"@id":"https:\/\/www.stadtwerke-osnabrueck.de\/blog\/2022\/10\/18\/mission-glasraser-hier-schwebt-die-glasfasertechnik-nach-osnabrueck\/#webpage"},"isPartOf":{"@id":"https:\/\/www.stadtwerke-osnabrueck.de\/blog\/2022\/10\/18\/mission-glasraser-hier-schwebt-die-glasfasertechnik-nach-osnabrueck\/#webpage"},"articleSection":"Zoom, Baustelle, Glasfaser, Osnabr\u00fcck, SWO-NETZ"},{"@type":"BreadcrumbList","@id":"https:\/\/www.stadtwerke-osnabrueck.de\/blog\/2022\/10\/18\/mission-glasraser-hier-schwebt-die-glasfasertechnik-nach-osnabrueck\/#breadcrumblist","itemListElement":[{"@type":"ListItem","@id":"https:\/\/www.stadtwerke-osnabrueck.de\/blog#listItem","position":1,"name":"Blog","item":"https:\/\/www.stadtwerke-osnabrueck.de\/blog","nextItem":{"@type":"ListItem","@id":"https:\/\/www.stadtwerke-osnabrueck.de\/blog\/kategorie\/zoom\/#listItem","name":"Zoom"}},{"@type":"ListItem","@id":"https:\/\/www.stadtwerke-osnabrueck.de\/blog\/kategorie\/zoom\/#listItem","position":2,"name":"Zoom","item":"https:\/\/www.stadtwerke-osnabrueck.de\/blog\/kategorie\/zoom\/","nextItem":{"@type":"ListItem","@id":"https:\/\/www.stadtwerke-osnabrueck.de\/blog\/2022\/10\/18\/mission-glasraser-hier-schwebt-die-glasfasertechnik-nach-osnabrueck\/#listItem","name":"Mission Glasfaser: Hier schwebt die Glasfasertechnik nach Osnabr\u00fcck"},"previousItem":{"@type":"ListItem","@id":"https:\/\/www.stadtwerke-osnabrueck.de\/blog#listItem","name":"Blog"}},{"@type":"ListItem","@id":"https:\/\/www.stadtwerke-osnabrueck.de\/blog\/2022\/10\/18\/mission-glasraser-hier-schwebt-die-glasfasertechnik-nach-osnabrueck\/#listItem","position":3,"name":"Mission Glasfaser: Hier schwebt die Glasfasertechnik nach Osnabr\u00fcck","previousItem":{"@type":"ListItem","@id":"https:\/\/www.stadtwerke-osnabrueck.de\/blog\/kategorie\/zoom\/#listItem","name":"Zoom"}}]},{"@type":"Organization","@id":"https:\/\/www.stadtwerke-osnabrueck.de\/blog\/#organization","name":"Stadtwerke Osnabr\u00fcck","url":"https:\/\/www.stadtwerke-osnabrueck.de\/blog\/","telephone":"+4954120020","logo":{"@type":"ImageObject","url":"https:\/\/www.stadtwerke-osnabrueck.de\/blog\/wp-content\/uploads\/2022\/09\/Stadtwerke-Osnabrueck-Logoball.jpg","@id":"https:\/\/www.stadtwerke-osnabrueck.de\/blog\/2022\/10\/18\/mission-glasraser-hier-schwebt-die-glasfasertechnik-nach-osnabrueck\/#organizationLogo","width":1000,"height":1000,"caption":"Stadtwerke Osnabr\u00fcck Logoball"},"image":{"@id":"https:\/\/www.stadtwerke-osnabrueck.de\/blog\/2022\/10\/18\/mission-glasraser-hier-schwebt-die-glasfasertechnik-nach-osnabrueck\/#organizationLogo"},"sameAs":["https:\/\/www.instagram.com\/stadtwerke_osnabrueck","https:\/\/www.youtube.com\/user\/StadtwerkeOsnabrueck","https:\/\/www.linkedin.com\/company\/stadtwerke-osnabrueck","https:\/\/de.wikipedia.org\/wiki\/Stadtwerke_Osnabrck","https:\/\/www.stadtwerke-osnabrueck.de\/unternehmen\/newsletter"]},{"@type":"Person","@id":"https:\/\/www.stadtwerke-osnabrueck.de\/blog\/author\/lisa\/#author","url":"https:\/\/www.stadtwerke-osnabrueck.de\/blog\/author\/lisa\/","name":"Lisa Hoff","image":{"@type":"ImageObject","@id":"https:\/\/www.stadtwerke-osnabrueck.de\/blog\/2022\/10\/18\/mission-glasraser-hier-schwebt-die-glasfasertechnik-nach-osnabrueck\/#authorImage","url":"https:\/\/www.stadtwerke-osnabrueck.de\/blog\/wp-content\/uploads\/2022\/08\/lisa-hoff-360x360.jpg","width":96,"height":96,"caption":"Lisa Hoff"}},{"@type":"WebPage","@id":"https:\/\/www.stadtwerke-osnabrueck.de\/blog\/2022\/10\/18\/mission-glasraser-hier-schwebt-die-glasfasertechnik-nach-osnabrueck\/#webpage","url":"https:\/\/www.stadtwerke-osnabrueck.de\/blog\/2022\/10\/18\/mission-glasraser-hier-schwebt-die-glasfasertechnik-nach-osnabrueck\/","name":"Mission Glasfaser: Hier schwebt die Glasfasertechnik nach Osnabr\u00fcck | Blog der Stadtwerke Osnabr\u00fcck","description":"Ein wichtiger Meilenstein wurde jetzt beim Glasfaserausbau in Osnabr\u00fcck erreicht: In den ersten beiden Ausbaugebieten wurden die Hauptverteiler errichtet.","inLanguage":"de-DE","isPartOf":{"@id":"https:\/\/www.stadtwerke-osnabrueck.de\/blog\/#website"},"breadcrumb":{"@id":"https:\/\/www.stadtwerke-osnabrueck.de\/blog\/2022\/10\/18\/mission-glasraser-hier-schwebt-die-glasfasertechnik-nach-osnabrueck\/#breadcrumblist"},"author":{"@id":"https:\/\/www.stadtwerke-osnabrueck.de\/blog\/author\/lisa\/#author"},"creator":{"@id":"https:\/\/www.stadtwerke-osnabrueck.de\/blog\/author\/lisa\/#author"},"image":{"@type":"ImageObject","url":"https:\/\/www.stadtwerke-osnabrueck.de\/blog\/wp-content\/uploads\/2022\/10\/FTTHCO-Schoelerberg_03-titel.jpg","@id":"https:\/\/www.stadtwerke-osnabrueck.de\/blog\/2022\/10\/18\/mission-glasraser-hier-schwebt-die-glasfasertechnik-nach-osnabrueck\/#mainImage","width":1920,"height":640},"primaryImageOfPage":{"@id":"https:\/\/www.stadtwerke-osnabrueck.de\/blog\/2022\/10\/18\/mission-glasraser-hier-schwebt-die-glasfasertechnik-nach-osnabrueck\/#mainImage"},"datePublished":"2022-10-18T09:00:24+02:00","dateModified":"2026-03-04T07:46:48+01:00"},{"@type":"WebSite","@id":"https:\/\/www.stadtwerke-osnabrueck.de\/blog\/#website","url":"https:\/\/www.stadtwerke-osnabrueck.de\/blog\/","name":"Blog der Stadtwerke Osnabr\u00fcck","inLanguage":"de-DE","publisher":{"@id":"https:\/\/www.stadtwerke-osnabrueck.de\/blog\/#organization"}}]},"og:locale":"de_DE","og:site_name":"Stadtwerke Osnabr\u00fcck Blog","og:type":"article","og:title":"Mission Glasfaser: Hier schwebt die Glasfasertechnik nach Osnabr\u00fcck | Blog der Stadtwerke Osnabr\u00fcck","og:description":"Ein wichtiger Meilenstein wurde jetzt beim Glasfaserausbau in Osnabr\u00fcck erreicht: In den ersten beiden Ausbaugebieten wurden die Hauptverteiler errichtet.","og:url":"https:\/\/www.stadtwerke-osnabrueck.de\/blog\/2022\/10\/18\/mission-glasraser-hier-schwebt-die-glasfasertechnik-nach-osnabrueck\/","og:image":"https:\/\/www.stadtwerke-osnabrueck.de\/blog\/wp-content\/uploads\/2022\/10\/FTTHCO-Schoelerberg_03.jpg","og:image:secure_url":"https:\/\/www.stadtwerke-osnabrueck.de\/blog\/wp-content\/uploads\/2022\/10\/FTTHCO-Schoelerberg_03.jpg","og:image:width":2000,"og:image:height":1500,"article:published_time":"2022-10-18T07:00:24+00:00","article:modified_time":"2026-03-04T06:46:48+00:00","article:publisher":"https:\/\/www.facebook.com\/stadtwerke.osnabrueck","twitter:card":"summary","twitter:site":"@stadtwerke_os","twitter:title":"Mission Glasfaser: Hier schwebt die Glasfasertechnik nach Osnabr\u00fcck | Blog der Stadtwerke Osnabr\u00fcck","twitter:description":"Ein wichtiger Meilenstein wurde jetzt beim Glasfaserausbau in Osnabr\u00fcck erreicht: In den ersten beiden Ausbaugebieten wurden die Hauptverteiler errichtet.","twitter:image":"https:\/\/www.stadtwerke-osnabrueck.de\/blog\/wp-content\/uploads\/2022\/10\/FTTHCO-Schoelerberg_03-titel.jpg"},"aioseo_meta_data":{"post_id":"11398","title":null,"description":"Ein wichtiger Meilenstein wurde jetzt beim Glasfaserausbau in Osnabr\u00fcck erreicht: In den ersten beiden Ausbaugebieten wurden die Hauptverteiler errichtet.","keywords":null,"keyphrases":{"focus":{"keyphrase":"","score":0,"analysis":{"keyphraseInTitle":{"score":0,"maxScore":9,"error":1}}},"additional":[]},"primary_term":null,"canonical_url":null,"og_title":null,"og_description":null,"og_object_type":"default","og_image_type":"custom_image","og_image_url":"https:\/\/www.stadtwerke-osnabrueck.de\/blog\/wp-content\/uploads\/2022\/10\/FTTHCO-Schoelerberg_03.jpg","og_image_width":"2000","og_image_height":"1500","og_image_custom_url":"https:\/\/www.stadtwerke-osnabrueck.de\/blog\/wp-content\/uploads\/2022\/10\/FTTHCO-Schoelerberg_03.jpg","og_image_custom_fields":null,"og_video":"","og_custom_url":null,"og_article_section":null,"og_article_tags":null,"twitter_use_og":false,"twitter_card":"default","twitter_image_type":"default","twitter_image_url":null,"twitter_image_custom_url":null,"twitter_image_custom_fields":null,"twitter_title":null,"twitter_description":null,"schema":{"blockGraphs":[],"customGraphs":[],"default":{"data":{"Article":{"id":"#aioseo-article-63f39c034efce","slug":"article","graphName":"Article","label":"Artikel","properties":{"type":"BlogPosting","name":"#post_title","headline":"#post_title","description":"#post_excerpt","image":"","keywords":"","author":{"name":"#author_name","url":"#author_url"},"dates":{"include":true,"datePublished":"","dateModified":""}}},"Course":[],"Dataset":[],"FAQPage":[],"Movie":[],"Person":[],"Product":[],"ProductReview":[],"Car":[],"Recipe":[],"Service":[],"SoftwareApplication":[],"WebPage":[]},"graphName":"Article","isEnabled":true},"graphs":[]},"schema_type":"default","schema_type_options":"{\"article\":{\"articleType\":\"BlogPosting\"},\"course\":{\"name\":\"\",\"description\":\"\",\"provider\":\"\"},\"faq\":{\"pages\":[]},\"product\":{\"reviews\":[]},\"recipe\":{\"ingredients\":[],\"instructions\":[],\"keywords\":[]},\"software\":{\"reviews\":[],\"operatingSystems\":[]},\"webPage\":{\"webPageType\":\"WebPage\"},\"blockGraphs\":[]}","pillar_content":false,"robots_default":true,"robots_noindex":false,"robots_noarchive":false,"robots_nosnippet":false,"robots_nofollow":false,"robots_noimageindex":false,"robots_noodp":false,"robots_notranslate":false,"robots_max_snippet":"-1","robots_max_videopreview":"-1","robots_max_imagepreview":"large","priority":null,"frequency":"default","location":null,"local_seo":null,"breadcrumb_settings":null,"limit_modified_date":false,"ai":{"faqs":[],"keyPoints":[],"titles":[],"descriptions":[],"socialPosts":{"email":[],"linkedin":[],"twitter":[],"facebook":[],"instagram":[]}},"created":"2022-10-05 10:19:50","updated":"2026-03-04 06:46:48","seo_analyzer_scan_date":null,"focus_keyword":null,"additional_keywords":null,"truseo_locale":null},"aioseo_breadcrumb":"<div class=\"aioseo-breadcrumbs\"><span class=\"aioseo-breadcrumb\">\n\t\t\t<a href=\"https:\/\/www.stadtwerke-osnabrueck.de\/blog\" title=\"Blog\">Blog<\/a>\n\t\t<\/span><span class=\"aioseo-breadcrumb-separator\">&rsaquo;<\/span><span class=\"aioseo-breadcrumb\">\n\t\t\t<a href=\"https:\/\/www.stadtwerke-osnabrueck.de\/blog\/kategorie\/zoom\/\" title=\"Zoom\">Zoom<\/a>\n\t\t<\/span><span class=\"aioseo-breadcrumb-separator\">&rsaquo;<\/span><span class=\"aioseo-breadcrumb\">\n\t\t\tMission Glasfaser: Hier schwebt die Glasfasertechnik nach Osnabr\u00fcck\n\t\t<\/span><\/div>","aioseo_breadcrumb_json":[{"label":"Blog","link":"https:\/\/www.stadtwerke-osnabrueck.de\/blog"},{"label":"Zoom","link":"https:\/\/www.stadtwerke-osnabrueck.de\/blog\/kategorie\/zoom\/"},{"label":"Mission Glasfaser: Hier schwebt die Glasfasertechnik nach Osnabr\u00fcck","link":"https:\/\/www.stadtwerke-osnabrueck.de\/blog\/2022\/10\/18\/mission-glasraser-hier-schwebt-die-glasfasertechnik-nach-osnabrueck\/"}],"_links":{"self":[{"href":"https:\/\/www.stadtwerke-osnabrueck.de\/blog\/wp-json\/wp\/v2\/posts\/11398","targetHints":{"allow":["GET"]}}],"collection":[{"href":"https:\/\/www.stadtwerke-osnabrueck.de\/blog\/wp-json\/wp\/v2\/posts"}],"about":[{"href":"https:\/\/www.stadtwerke-osnabrueck.de\/blog\/wp-json\/wp\/v2\/types\/post"}],"author":[{"embeddable":true,"href":"https:\/\/www.stadtwerke-osnabrueck.de\/blog\/wp-json\/wp\/v2\/users\/3"}],"replies":[{"embeddable":true,"href":"https:\/\/www.stadtwerke-osnabrueck.de\/blog\/wp-json\/wp\/v2\/comments?post=11398"}],"version-history":[{"count":3,"href":"https:\/\/www.stadtwerke-osnabrueck.de\/blog\/wp-json\/wp\/v2\/posts\/11398\/revisions"}],"predecessor-version":[{"id":13988,"href":"https:\/\/www.stadtwerke-osnabrueck.de\/blog\/wp-json\/wp\/v2\/posts\/11398\/revisions\/13988"}],"wp:featuredmedia":[{"embeddable":true,"href":"https:\/\/www.stadtwerke-osnabrueck.de\/blog\/wp-json\/wp\/v2\/media\/11402"}],"wp:attachment":[{"href":"https:\/\/www.stadtwerke-osnabrueck.de\/blog\/wp-json\/wp\/v2\/media?parent=11398"}],"wp:term":[{"taxonomy":"category","embeddable":true,"href":"https:\/\/www.stadtwerke-osnabrueck.de\/blog\/wp-json\/wp\/v2\/categories?post=11398"},{"taxonomy":"post_tag","embeddable":true,"href":"https:\/\/www.stadtwerke-osnabrueck.de\/blog\/wp-json\/wp\/v2\/tags?post=11398"}],"curies":[{"name":"wp","href":"https:\/\/api.w.org\/{rel}","templated":true}]}}