{"id":11012,"date":"2022-08-17T15:55:37","date_gmt":"2022-08-17T13:55:37","guid":{"rendered":"https:\/\/www.stadtwerke-osnabrueck.de\/blog\/?p=11012"},"modified":"2024-01-11T15:57:23","modified_gmt":"2024-01-11T14:57:23","slug":"beteiligung-von-der-couch-aus","status":"publish","type":"post","link":"https:\/\/www.stadtwerke-osnabrueck.de\/blog\/2022\/08\/17\/beteiligung-von-der-couch-aus\/","title":{"rendered":"Beteiligung von der Couch aus"},"content":{"rendered":"<div id=\"pl-11012\"  class=\"panel-layout\" ><div id=\"pg-11012-0\"  class=\"panel-grid panel-no-style\" ><div id=\"pgc-11012-0-0\"  class=\"panel-grid-cell\" ><div id=\"panel-11012-0-0-0\" class=\"so-panel widget widget_sow-editor panel-first-child\" data-index=\"0\" ><div\n\t\t\t\n\t\t\tclass=\"so-widget-sow-editor so-widget-sow-editor-base\"\n\t\t\t\n\t\t>\n<div class=\"siteorigin-widget-tinymce textwidget\">\n\t<p><strong>Ein neues Portal bietet den B\u00fcrger:innen Osnabr\u00fccks k\u00fcnftig die M\u00f6glichkeit, ihre Stadt aktiv mitzugestalten \u2013 und das digital von \u00fcberall, auch von der Couch aus. Unter https:\/\/beteiligung.osnabrueck.de\/ kann jede und jeder ab sofort an Umfragen oder Abstimmungen teilnehmen, sich \u00fcber die vorgestellten Projekte und Ma\u00dfnahmen der Stadt Osnabr\u00fcck informieren und Anregungen f\u00fcr ausgew\u00e4hlte Projekte mit anderen Interessierten diskutieren. <\/strong><\/p>\n<p><strong>Dazu haben wir mit Jan Uhlenbrok vom st\u00e4dtischen Referat f\u00fcr Nachhaltige Stadtentwicklung gesprochen. Er ist Projektleiter\u00a0 und geh\u00f6rt zum Smart City-Team.<\/strong><\/p>\n<\/div>\n<\/div><\/div><div id=\"panel-11012-0-0-1\" class=\"so-panel widget widget_sow-editor\" data-index=\"1\" ><div\n\t\t\t\n\t\t\tclass=\"so-widget-sow-editor so-widget-sow-editor-base\"\n\t\t\t\n\t\t><h3 class=\"widget-title\">Wer geh\u00f6rt zum \"Smart Region\"- Team und was f\u00fcr ein Projekt ist das genau?<\/h3>\n<div class=\"siteorigin-widget-tinymce textwidget\">\n\t<p><strong>Jan Uhlenbrok:<\/strong> Das Osnabr\u00fccker Smart City Team besteht aus den folgenden Personen und den thematischen Schwerpunkten: Anna-Lena Meiners (Stadtentwicklung), Luca Elena Bauer \u00a0(Vernetzung und Kommunikation) und mir, Jan Uhlenbrok (Technik und Strategie).<\/p>\n<p>Erg\u00e4nzt wird unser Team durch Ulrich Nuxoll (Stadtwerke Osnabr\u00fcck, Prozessmanager) und Martin Kuppelmayr (SWO Netz, Leiter IoT und Urban Data).<\/p>\n<p><img decoding=\"async\" class=\" wp-image-11014 alignleft\" src=\"https:\/\/www.stadtwerke-osnabrueck.de\/blog\/wp-content\/uploads\/2022\/08\/Teamfoto-Smart-Region-750x500.jpg\" alt=\"\" width=\"711\" height=\"474\" srcset=\"https:\/\/www.stadtwerke-osnabrueck.de\/blog\/wp-content\/uploads\/2022\/08\/Teamfoto-Smart-Region-750x500.jpg 750w, https:\/\/www.stadtwerke-osnabrueck.de\/blog\/wp-content\/uploads\/2022\/08\/Teamfoto-Smart-Region-768x512.jpg 768w, https:\/\/www.stadtwerke-osnabrueck.de\/blog\/wp-content\/uploads\/2022\/08\/Teamfoto-Smart-Region-1536x1024.jpg 1536w, https:\/\/www.stadtwerke-osnabrueck.de\/blog\/wp-content\/uploads\/2022\/08\/Teamfoto-Smart-Region-272x182.jpg 272w, https:\/\/www.stadtwerke-osnabrueck.de\/blog\/wp-content\/uploads\/2022\/08\/Teamfoto-Smart-Region.jpg 1920w\" sizes=\"(max-width: 711px) 100vw, 711px\" \/><\/p>\n<p>Das Projektteam ist zust\u00e4ndig f\u00fcr die Durchf\u00fchrung des \u201eSmart Region\u201c \u2013 Projektes. Gemeinsam mit den <a href=\"http:\/\/www.swo.de\">Stadtwerken Osnabr\u00fcck<\/a> und der <a href=\"http:\/\/www.swo-netz.de\">SWO Netz GmbH<\/a> erh\u00e4lt die <a href=\"http:\/\/www.osnabrueck.de\">Stadt Osnabr\u00fcck<\/a> daf\u00fcr bis Mitte 2028 knapp 3,4 Millionen Euro F\u00f6rdermittel, um Digitalisierung im Sinne einer nachhaltigen integrierten Stadtentwicklung voranzutreiben. Seit Juli 2021 wird gemeinsam mit vielen lokalen Partnerinnen und Partnern daran gearbeitet, fach- und sektoren\u00fcbergreifende Chancen, Potenziale und Hemmnisse der Digitalisierung f\u00fcr verschiedenste Lebensbereiche zu identifizieren und das bisherige Instrumentarium der Stadtentwicklung strategisch um neue, innovative Komponenten zu erweitern.<\/p>\n<p>Wie der Projektname bereits suggeriert, behalten wir dabei stets die Region im Blick, denn Digitalisierung macht nicht an der Stadtgrenze halt. Unser Wissen, unsere Technologien und unsere Netzwerke geben wir daher kontinuierlich an die Region weiter.<em>\u00a0<\/em><\/p>\n<\/div>\n<\/div><\/div><div id=\"panel-11012-0-0-2\" class=\"so-panel widget widget_sow-editor\" data-index=\"2\" ><div\n\t\t\t\n\t\t\tclass=\"so-widget-sow-editor so-widget-sow-editor-base\"\n\t\t\t\n\t\t><h3 class=\"widget-title\">Seit wann arbeitet das Team an diesem Projekt?<\/h3>\n<div class=\"siteorigin-widget-tinymce textwidget\">\n\t<p><strong>Jan:<\/strong> Die Idee, Meinungen von B\u00fcrgerinnen und B\u00fcrgern bei wichtigen Stadtentwicklungsvorhaben zu beteiligen, besteht bei der Stadt Osnabr\u00fcck schon l\u00e4nger. Es fehlten allerdings Zeit und Mittel, um ein Format wie das jetzige Online-Beteiligungsportal umzusetzen. Das F\u00f6rderprojekt \"Smart Region\" macht dies nun m\u00f6glich, so dass das Projekt Mitte 2021 starten konnte und die Plattform jetzt ein gutes Jahr sp\u00e4ter an den Start gehen konnte. \u00dcbrigens, mehr Informationen zum Projekt \"Smart Region\" gibt es hier: <a href=\"https:\/\/www.smart-city-os.de\" target=\"_blank\" rel=\"noopener\">https:\/\/www.smart-city-os.de<\/a><\/p>\n<\/div>\n<\/div><\/div><div id=\"panel-11012-0-0-3\" class=\"so-panel widget widget_sow-editor\" data-index=\"3\" ><div\n\t\t\t\n\t\t\tclass=\"so-widget-sow-editor so-widget-sow-editor-base\"\n\t\t\t\n\t\t><h3 class=\"widget-title\">Ist es ein allgemeines Beteiligungsportal oder soll es da vor allem um Anregungen f\u00fcr die smarte Stadt von morgen gehen? <\/h3>\n<div class=\"siteorigin-widget-tinymce textwidget\">\n\t<p><strong>Jan:<\/strong> Auf dem Beteiligungsportal k\u00f6nnen alle \u2013 f\u00fcr die Stadt wichtigen Themen \u2013 diskutiert werden. Am Anfang steht zun\u00e4chst der Themenkomplex <a href=\"https:\/\/www.stadtwerke-osnabrueck.de\/blog\/2020\/04\/29\/lorawan-smartes-netzwerk-fuer-osnabrueck\/\">Smart City<\/a> im Vordergrund. Grunds\u00e4tzlich k\u00f6nnen alle der Stadt zugeh\u00f6rigen Unternehmen das Portal nutzen, um B\u00fcrgerinnen und B\u00fcrger bei wichtigen Fragen mit einzubeziehen. Dazu fanden bereits Informationstreffen statt, u.a. mit den Stadtwerken.<\/p>\n<p>&nbsp;<\/p>\n<\/div>\n<\/div><\/div><div id=\"panel-11012-0-0-4\" class=\"so-panel widget widget_sow-editor\" data-index=\"4\" ><div\n\t\t\t\n\t\t\tclass=\"so-widget-sow-editor so-widget-sow-editor-base\"\n\t\t\t\n\t\t><h3 class=\"widget-title\">Beim Blick ins Portal f\u00e4llt ein Button zum Abstimmen auf? Was k\u00f6nnen die B\u00fcrger:innen damit machen?<\/h3>\n<div class=\"siteorigin-widget-tinymce textwidget\">\n\t<p><strong>Jan:<\/strong> Wie bei Facebook k\u00f6nnen andere Nutzerinnen und Nutzer einem Beitrag Zustimmung verleihen und den Beitrag damit eine erh\u00f6hte Relevanz zukommen lassen. Wenn das Beteiligungsportal stark genutzt wird, ist so auf einen Blick zu sehen, welche Beitr\u00e4ge die h\u00f6chste Relevanz haben.<\/p>\n<\/div>\n<\/div><\/div><div id=\"panel-11012-0-0-5\" class=\"so-panel widget widget_sow-editor\" data-index=\"5\" ><div\n\t\t\t\n\t\t\tclass=\"so-widget-sow-editor so-widget-sow-editor-base\"\n\t\t\t\n\t\t><h3 class=\"widget-title\">Was w\u00e4ren typische Beispiele f\u00fcr Beteiligungen?<\/h3>\n<div class=\"siteorigin-widget-tinymce textwidget\">\n\t<p><strong><img decoding=\"async\" class=\" wp-image-11021 alignright\" src=\"https:\/\/www.stadtwerke-osnabrueck.de\/blog\/wp-content\/uploads\/2022\/08\/Smart-City-Icon-3-750x388.jpg\" alt=\"\" width=\"493\" height=\"255\" srcset=\"https:\/\/www.stadtwerke-osnabrueck.de\/blog\/wp-content\/uploads\/2022\/08\/Smart-City-Icon-3-750x388.jpg 750w, https:\/\/www.stadtwerke-osnabrueck.de\/blog\/wp-content\/uploads\/2022\/08\/Smart-City-Icon-3-768x398.jpg 768w, https:\/\/www.stadtwerke-osnabrueck.de\/blog\/wp-content\/uploads\/2022\/08\/Smart-City-Icon-3.jpg 809w\" sizes=\"(max-width: 493px) 100vw, 493px\" \/>Jan:<\/strong>\u00a0Die M\u00f6glichkeiten zur Beteiligung sind so vielf\u00e4ltig wie die Projekte selbst. Themenfelder, die wir behandeln werden, sind zum Beispiel Mobilit\u00e4t und Umwelt. Wichtig ist, dass unterschiedliche Rahmenbedingungen die Handlungsm\u00f6glichkeiten und damit auch die M\u00f6glichkeit zur Beteiligung einschr\u00e4nken k\u00f6nnen. So schlie\u00dfen zum Beispiel rechtliche Rahmenbedingungen einen Entscheidungsspielraum mitunter aus oder schr\u00e4nken diesen ein. Auch Aspekte wie der Umwelt- und Klimaschutz oder finanzielle Rahmenbedingungen spielen dabei eine Rolle.<\/p>\n<p>&nbsp;<\/p>\n<\/div>\n<\/div><\/div><div id=\"panel-11012-0-0-6\" class=\"so-panel widget widget_sow-editor\" data-index=\"6\" ><div\n\t\t\t\n\t\t\tclass=\"so-widget-sow-editor so-widget-sow-editor-base\"\n\t\t\t\n\t\t><h3 class=\"widget-title\">Welche Funktionen bietet die Plattform im Sinne der Beteiligung aller B\u00fcrger:innen?<\/h3>\n<div class=\"siteorigin-widget-tinymce textwidget\">\n\t<p><strong><img decoding=\"async\" class=\"wp-image-11020 alignright\" src=\"https:\/\/www.stadtwerke-osnabrueck.de\/blog\/wp-content\/uploads\/2022\/08\/Smart-City-Icon-2-750x321.jpg\" alt=\"\" width=\"446\" height=\"191\" srcset=\"https:\/\/www.stadtwerke-osnabrueck.de\/blog\/wp-content\/uploads\/2022\/08\/Smart-City-Icon-2-750x321.jpg 750w, https:\/\/www.stadtwerke-osnabrueck.de\/blog\/wp-content\/uploads\/2022\/08\/Smart-City-Icon-2-768x328.jpg 768w, https:\/\/www.stadtwerke-osnabrueck.de\/blog\/wp-content\/uploads\/2022\/08\/Smart-City-Icon-2.jpg 837w\" sizes=\"(max-width: 446px) 100vw, 446px\" \/>Jan:<\/strong> Die Plattform bietet f\u00fcnf verschiedene Funktionen an, von denen \u201eDiskussion\u201c eine ist. Bislang ist nur diese freigeschaltet, aber weitere Funktionen sind vorgesehen. Hier ein paar Beispiele:<\/p>\n<ul>\n<li>Diskussion: B\u00fcrgerinnen und B\u00fcrger k\u00f6nnen in einem Online-Forum miteinander diskutieren.<\/li>\n<li>Vorschlag: Vorschl\u00e4ge k\u00f6nnen aus der Bev\u00f6lkerung eingereicht und Unterst\u00fctzerinnen und Unterst\u00fctzer gesucht werden.<\/li>\n<li>Abstimmung: Seitens der Stadt werden M\u00f6glichkeiten zur Abstimmung, z.B. \u00fcber geplante Vorhaben, angeboten.<\/li>\n<li>B\u00fcrgerhaushalt: Bei bestimmten Budgets k\u00f6nnen B\u00fcrgerinnen und B\u00fcrger mitentscheiden, wie diese verteilt werden.<\/li>\n<li>Gemeinsames Erarbeiten: Dokumente k\u00f6nnen kommentiert und gemeinsam bearbeitet werden.<\/li>\n<\/ul>\n<p>Neben uns k\u00f6nnen alle B\u00fcrgerinnen und B\u00fcrger Diskussionen er\u00f6ffnen und Vorschl\u00e4ge erstellen. Damit kann also prinzipiell jede Fragestellung aufgeworfen werden. Das Selbsterstellen ist aber momentan noch abgeschaltet. Jetzt am Anfang moderieren wir s\u00e4mtliche Abl\u00e4ufe und die Kommunikation auf der Plattform inklusive der Er\u00f6ffnung von Diskussionsbeitr\u00e4gen.<\/p>\n<\/div>\n<\/div><\/div><div id=\"panel-11012-0-0-7\" class=\"so-panel widget widget_sow-editor\" data-index=\"7\" ><div\n\t\t\t\n\t\t\tclass=\"so-widget-sow-editor so-widget-sow-editor-base\"\n\t\t\t\n\t\t><h3 class=\"widget-title\">Was passiert dann mit den Diskussionsbeitr\u00e4gen? Werden die in der Verwaltung\/dem Stadt-Konzern verteilt?<\/h3>\n<div class=\"siteorigin-widget-tinymce textwidget\">\n\t<p><strong>Jan:<\/strong> Ja. Die R\u00fcckmeldungen werden an die Fachkolleginnen und -kollegen weitergeleitet.<\/p>\n<\/div>\n<\/div><\/div><div id=\"panel-11012-0-0-8\" class=\"so-panel widget widget_sow-editor\" data-index=\"8\" ><div\n\t\t\t\n\t\t\tclass=\"so-widget-sow-editor so-widget-sow-editor-base\"\n\t\t\t\n\t\t><h3 class=\"widget-title\">Gibt es Schnittstellen zu den altbew\u00e4hrten Beteiligungsformaten wie z.B. B\u00fcrgerforen?<\/h3>\n<div class=\"siteorigin-widget-tinymce textwidget\">\n\t<p><strong>Jan:<\/strong> Die sehr gut etablierten und angenommenen B\u00fcrgerforen k\u00f6nnen um die digitale Beteiligung erweitert werden. So k\u00f6nnen wir Menschen einbeziehen, die nicht vor Ort an einem Forum teilnehmen k\u00f6nnen oder sich nicht trauen, in einem pers\u00f6nlichen Format ihre Meinung zu formulieren.<\/p>\n<\/div>\n<\/div><\/div><div id=\"panel-11012-0-0-9\" class=\"so-panel widget widget_sow-editor\" data-index=\"9\" ><div\n\t\t\t\n\t\t\tclass=\"so-widget-sow-editor so-widget-sow-editor-base\"\n\t\t\t\n\t\t><h3 class=\"widget-title\">Was macht diesen Weg besonders attraktiv f\u00fcr die B\u00fcrger:innen?<\/h3>\n<div class=\"siteorigin-widget-tinymce textwidget\">\n\t<p><strong><img decoding=\"async\" class=\" wp-image-11019 alignright\" src=\"https:\/\/www.stadtwerke-osnabrueck.de\/blog\/wp-content\/uploads\/2022\/08\/Smart-City-Icon-1-750x405.jpg\" alt=\"\" width=\"578\" height=\"312\" srcset=\"https:\/\/www.stadtwerke-osnabrueck.de\/blog\/wp-content\/uploads\/2022\/08\/Smart-City-Icon-1-750x405.jpg 750w, https:\/\/www.stadtwerke-osnabrueck.de\/blog\/wp-content\/uploads\/2022\/08\/Smart-City-Icon-1-768x415.jpg 768w, https:\/\/www.stadtwerke-osnabrueck.de\/blog\/wp-content\/uploads\/2022\/08\/Smart-City-Icon-1.jpg 846w\" sizes=\"(max-width: 578px) 100vw, 578px\" \/>Jan:<\/strong> Auf dem Beteiligungsportal bieten wir die M\u00f6glichkeit, sich ganz bequem und ohne gro\u00dfen Aufwand von Zuhause oder unterwegs aus an Stadtentwicklungsvorhaben in Osnabr\u00fcck zu beteiligen. Die Beteiligung ist also zeitlich und \u00f6rtlich unabh\u00e4ngig. Zudem k\u00f6nnen mit dem Online-Angebot insgesamt mehr Beteiligungsangebote geschaffen werden.<\/p>\n<p>\u00dcbrigens, unter <a href=\"https:\/\/beteiligung.osnabrueck.de\/erste-schritte\">Erste Schritte<\/a> ist alles nochmal genau erkl\u00e4rt: Wie melde ich mich an? Wie kann ich mich beteiligen? Was passiert mit meiner Meinung?<\/p>\n<\/div>\n<\/div><\/div><div id=\"panel-11012-0-0-10\" class=\"so-panel widget widget_sow-editor panel-last-child\" data-index=\"10\" ><div class=\"panel-widget-style panel-widget-style-for-11012-0-0-10\" ><div\n\t\t\t\n\t\t\tclass=\"so-widget-sow-editor so-widget-sow-editor-base\"\n\t\t\t\n\t\t>\n<div class=\"siteorigin-widget-tinymce textwidget\">\n\t<h3>Mehr zum Projekt \"Smart Region\" findet sich unter: <a href=\"https:\/\/www.smart-city-os.de\/\">https:\/\/www.smart-city-os.de\/<\/a><\/h3>\n<p>Damit Digitalisierung nicht zum Selbstzweck wird, ist das Projekt als offener, partizipativer Prozess konzipiert, der allen Interessierten Osnabr\u00fcckerinnen und Osnabr\u00fcckern, die M\u00f6glichkeit gibt, aktiv an der Gestaltung ihrer (digitalen) Umwelt mitzuwirken. \u00a0In einer zweij\u00e4hrigen Strategiephase wird bis Mitte 2023 unter Beteiligung der gesamten Stadtgesellschaft eine gemeinsame \u201eSmart-City-Strategie\u201c erarbeitet. Die Strategie gibt an, wie Osnabr\u00fcck in den n\u00e4chsten Jahren technologisch fortschrittlicher und damit nachhaltiger, lebens- und liebenswerter f\u00fcr seine Bewohnerinnen und Bewohner wird. Gemeinsam werden Ideen gesammelt, Prinzipien definiert und erste Projekte umgesetzt. In einer darauffolgenden 5-j\u00e4hrigen Umsetzungsphase, geht es darum, die erarbeiteten Strategien in die Tat umzusetzen. Die Umsetzungsphase bietet eine Art \u201cExperimentierfeld\u201d um innovative, digitale Technologien im kleinen Rahmen auszuprobieren und zu pr\u00fcfen, ob Sie sich f\u00fcr eine langfristige Umsetzung eignen. Auch in dieser Phase gibt es f\u00fcr alle Interessierten vielf\u00e4ltige M\u00f6glichkeiten das Projekt mit eigenen Ideen und F\u00e4higkeiten tatkr\u00e4ftig zu unterst\u00fctzen.<\/p>\n<\/div>\n<\/div><\/div><\/div><\/div><\/div><\/div>","protected":false},"excerpt":{"rendered":"<p>Ein neues Portal bietet den B\u00fcrger:innen Osnabr\u00fccks k\u00fcnftig die M\u00f6glichkeit, ihre Stadt aktiv mitzugestalten \u2013 und das digital von \u00fcberall, auch von der Couch aus. Unter https:\/\/beteiligung.osnabrueck.de\/ kann jede und jeder ab sofort an Umfragen oder Abstimmungen teilnehmen, sich \u00fcber die vorgestellten Projekte und Ma\u00dfnahmen der Stadt Osnabr\u00fcck informieren und Anregungen f\u00fcr ausgew\u00e4hlte Projekte mit [&hellip;]<\/p>\n","protected":false},"author":4,"featured_media":11016,"comment_status":"open","ping_status":"closed","sticky":false,"template":"","format":"standard","meta":{"footnotes":""},"categories":[1,99],"tags":[9,538,125],"class_list":["post-11012","post","type-post","status-publish","format-standard","has-post-thumbnail","hentry","category-allgemein","category-finden-wir-gut","tag-osnabrueck","tag-smart-city","tag-swo-netz"],"aioseo_notices":[],"_links":{"self":[{"href":"https:\/\/www.stadtwerke-osnabrueck.de\/blog\/wp-json\/wp\/v2\/posts\/11012","targetHints":{"allow":["GET"]}}],"collection":[{"href":"https:\/\/www.stadtwerke-osnabrueck.de\/blog\/wp-json\/wp\/v2\/posts"}],"about":[{"href":"https:\/\/www.stadtwerke-osnabrueck.de\/blog\/wp-json\/wp\/v2\/types\/post"}],"author":[{"embeddable":true,"href":"https:\/\/www.stadtwerke-osnabrueck.de\/blog\/wp-json\/wp\/v2\/users\/4"}],"replies":[{"embeddable":true,"href":"https:\/\/www.stadtwerke-osnabrueck.de\/blog\/wp-json\/wp\/v2\/comments?post=11012"}],"version-history":[{"count":0,"href":"https:\/\/www.stadtwerke-osnabrueck.de\/blog\/wp-json\/wp\/v2\/posts\/11012\/revisions"}],"wp:featuredmedia":[{"embeddable":true,"href":"https:\/\/www.stadtwerke-osnabrueck.de\/blog\/wp-json\/wp\/v2\/media\/11016"}],"wp:attachment":[{"href":"https:\/\/www.stadtwerke-osnabrueck.de\/blog\/wp-json\/wp\/v2\/media?parent=11012"}],"wp:term":[{"taxonomy":"category","embeddable":true,"href":"https:\/\/www.stadtwerke-osnabrueck.de\/blog\/wp-json\/wp\/v2\/categories?post=11012"},{"taxonomy":"post_tag","embeddable":true,"href":"https:\/\/www.stadtwerke-osnabrueck.de\/blog\/wp-json\/wp\/v2\/tags?post=11012"}],"curies":[{"name":"wp","href":"https:\/\/api.w.org\/{rel}","templated":true}]}}