{"id":10715,"date":"2022-04-20T09:37:16","date_gmt":"2022-04-20T07:37:16","guid":{"rendered":"https:\/\/www.stadtwerke-osnabrueck.de\/blog\/?p=10715"},"modified":"2023-07-04T12:53:37","modified_gmt":"2023-07-04T10:53:37","slug":"bauen-fuer-die-mission-glasraser-heute-hier-morgen-dort","status":"publish","type":"post","link":"https:\/\/www.stadtwerke-osnabrueck.de\/blog\/2022\/04\/20\/bauen-fuer-die-mission-glasraser-heute-hier-morgen-dort\/","title":{"rendered":"Bauen f\u00fcr die Mission Glasfaser: Heute hier, morgen dort"},"content":{"rendered":"<div id=\"pl-10715\"  class=\"panel-layout\" ><div id=\"pg-10715-0\"  class=\"panel-grid panel-no-style\" ><div id=\"pgc-10715-0-0\"  class=\"panel-grid-cell\" ><div id=\"panel-10715-0-0-0\" class=\"so-panel widget widget_sow-editor panel-first-child\" data-index=\"0\" ><div\n\t\t\t\n\t\t\tclass=\"so-widget-sow-editor so-widget-sow-editor-base\"\n\t\t\t\n\t\t>\n<div class=\"siteorigin-widget-tinymce textwidget\">\n\t<p><strong>Es geht los: Der fl\u00e4chendeckende Glasfaserausbau in Osnabr\u00fcck ist gestartet. Seit Kurzem hei\u00dft es in den Gebieten vordere W\u00fcste und Sch\u00f6lerberg immer h\u00e4ufiger: Wir bauen hier f\u00fcr die Mission Glasfaser! \u201eNoch mehr Baustellen?!\u201d, m\u00f6gen sich jetzt viele denken. Wir sagen JA, denn so ganz ohne Tiefbauma\u00dfnahmen ist das Surfen im schnellen Internet nicht m\u00f6glich. Und trotzdem unterscheidet sich der Glasfaserausbau von der ein oder anderen sonstigen Bauma\u00dfnahme der SWO Netz. Wir erkl\u00e4ren, warum...<\/strong><\/p>\n<p>\u201eHaben die nicht gestern noch in einer anderen Stra\u00dfe gebaut?\u201d Mit \u201edie\u201d meine ich das Tiefbauunternehmen, das f\u00fcr die SWO Netz im Glasfaserausbaugebiet vordere W\u00fcste unterwegs ist. Diese Frage habe ich mir tats\u00e4chlich schon des \u00d6fteren gestellt, denn ich bin regelm\u00e4\u00dfig mit dem Fahrrad in der vorderen W\u00fcste unterwegs. Und jedes Mal wird an einer anderen Stelle Glasfaser verlegt oder auch an mehreren Orten gleichzeitig. Grund genug mal bei meinen Kolleg:innen aus der Projektsteuerung nachzufragen.<\/p>\n<\/div>\n<\/div><\/div><div id=\"panel-10715-0-0-1\" class=\"so-panel widget widget_sow-editor panel-last-child\" data-index=\"1\" ><div\n\t\t\t\n\t\t\tclass=\"so-widget-sow-editor so-widget-sow-editor-base\"\n\t\t\t\n\t\t>\n<div class=\"siteorigin-widget-tinymce textwidget\">\n\t<blockquote>\n<p>\u00bbGlasfaserleitungen k\u00f6nnen im Vergleich zu anderen Versorgungsleitungen wie Strom- oder Wasserleitungen relativ schnell verlegt werden, da sie nicht so tief liegen wie andere Leitungen\u00ab, erkl\u00e4rt mir Jan Minne, zust\u00e4ndig f\u00fcr den Glasfaserausbau in der vorderen W\u00fcste und im Sch\u00f6lerberg.<\/p>\n<\/blockquote>\n<p>So kann es auch vorkommen, dass in einigen Stra\u00dfen morgens eine Baustelle errichtet und abends bereits wieder verschlossen wird. \u201eDie Anwohner:innen werden von uns vorab per Postwurfsendung \u00fcber die geplanten Ma\u00dfnahmen informiert. Aber so mancher bekommt die Baustelle gar nicht so richtig mit, weil diese dann schon direkt in die n\u00e4chste Stra\u00dfe gewandert ist\u201c, schmunzelt der Fachmann.<\/p>\n<\/div>\n<\/div><\/div><\/div><\/div><div id=\"pg-10715-1\"  class=\"panel-grid panel-no-style\" ><div id=\"pgc-10715-1-0\"  class=\"panel-grid-cell\" ><div id=\"panel-10715-1-0-0\" class=\"so-panel widget widget_sow-editor panel-first-child panel-last-child\" data-index=\"2\" ><div\n\t\t\t\n\t\t\tclass=\"so-widget-sow-editor so-widget-sow-editor-base\"\n\t\t\t\n\t\t>\n<div class=\"siteorigin-widget-tinymce textwidget\">\n\t<p><a href=\"https:\/\/www.stadtwerke-osnabrueck.de\/blog\/wp-content\/uploads\/2022\/04\/Baustelle-Mission-Glasraser.jpg\" rel=\"lightbox\"><img decoding=\"async\" class=\"aligncenter wp-image-10720 size-large\" src=\"https:\/\/www.stadtwerke-osnabrueck.de\/blog\/wp-content\/uploads\/2022\/04\/Baustelle-Mission-Glasraser-1920x1280.jpg\" alt=\"Mission Glasraser\" width=\"1600\" height=\"1067\" srcset=\"https:\/\/www.stadtwerke-osnabrueck.de\/blog\/wp-content\/uploads\/2022\/04\/Baustelle-Mission-Glasraser-1920x1280.jpg 1920w, https:\/\/www.stadtwerke-osnabrueck.de\/blog\/wp-content\/uploads\/2022\/04\/Baustelle-Mission-Glasraser-750x500.jpg 750w, https:\/\/www.stadtwerke-osnabrueck.de\/blog\/wp-content\/uploads\/2022\/04\/Baustelle-Mission-Glasraser-768x512.jpg 768w, https:\/\/www.stadtwerke-osnabrueck.de\/blog\/wp-content\/uploads\/2022\/04\/Baustelle-Mission-Glasraser-1536x1024.jpg 1536w, https:\/\/www.stadtwerke-osnabrueck.de\/blog\/wp-content\/uploads\/2022\/04\/Baustelle-Mission-Glasraser-272x182.jpg 272w, https:\/\/www.stadtwerke-osnabrueck.de\/blog\/wp-content\/uploads\/2022\/04\/Baustelle-Mission-Glasraser.jpg 2000w\" sizes=\"(max-width: 1600px) 100vw, 1600px\" \/><\/a><\/p>\n<p>&nbsp;<\/p>\n<\/div>\n<\/div><\/div><\/div><\/div><div id=\"pg-10715-2\"  class=\"panel-grid panel-no-style\" ><div id=\"pgc-10715-2-0\"  class=\"panel-grid-cell\" ><div id=\"panel-10715-2-0-0\" class=\"so-panel widget widget_sow-editor panel-first-child panel-last-child\" data-index=\"3\" ><div\n\t\t\t\n\t\t\tclass=\"so-widget-sow-editor so-widget-sow-editor-base\"\n\t\t\t\n\t\t>\n<div class=\"siteorigin-widget-tinymce textwidget\">\n\t<p>Die Arbeiten finden \u00fcberwiegend in den Gehwegbereichen statt, sodass es kaum zu Verkehrsbehinderungen kommt: <strong>\u201eDaf\u00fcr ist nur ein kleiner, schmaler Graben notwendig, in den die sogenannten Rohrverb\u00e4nde, diese bekannten orangenen Rohre, hineingelegt werden\u201c<\/strong>, so Jan Minne weiter. \u201eDie eigentlichen Glasfaserkabel werden erst nachtr\u00e4glich mit Druckluft eingeblasen.\u201c<\/p>\n<p>Ein weiterer Vorteil: Tiefbauarbeiten im \u00f6ffentlichen Raum sind so nur einmal notwendig. \u201eSelbst wenn zu einem sp\u00e4teren Zeitpunkt weitere H\u00e4user ans Glasfasernetz angeschlossen werden, m\u00fcssen wir den Gehweg daf\u00fcr nicht noch einmal \u00f6ffnen.\u201c <strong>In manchen Stra\u00dfen seien sogar gar keine Tiefbauarbeiten erforderlich, sagt der Experte: \u201eIm Zuge fr\u00fcherer Bauma\u00dfnahmen wurden in einigen Stra\u00dfen bereits vorsorglich Leerrohre f\u00fcr die sp\u00e4teren Glasfaserleitungen mit verlegt. Die k\u00f6nnen wir dann idealerweise direkt nutzen.\u201c<\/strong><\/p>\n<p>Aber auch wenn die Baustellen f\u00fcr den Glasfaserausbau nicht so aufwendig sind als so manch andere Bauma\u00dfnahme, kann es nat\u00fcrlich zu kurzzeitigen Einschr\u00e4nkungen kommen. \u201eUnser Ziel ist es, die Anwohner:innen so gut wie m\u00f6glich \u00fcber die geplanten Ma\u00dfnahmen zu informieren\u201c, sagt Jan Minne.<\/p>\n<blockquote><p>\u00bbWir haben eine <a href=\"https:\/\/www.swo-netz.de\/netze-anlagen\/telekommunikation-glasfaser-ausbaugebiete\" target=\"_blank\" rel=\"noopener\">Ausbaukarte\u00a0<\/a>entwickelt, die wir regelm\u00e4\u00dfig aktualisieren und in der der aktuelle Baustatus eingesehen werden kann. Dar\u00fcber hinaus informieren wir alle Anwohner:innen vorab per Postwurfsendung: Wir bauen hier f\u00fcr die Mission Glasfaser.\u00ab<\/p><\/blockquote>\n<\/div>\n<\/div><\/div><\/div><\/div><div id=\"pg-10715-3\"  class=\"panel-grid panel-no-style\" ><div id=\"pgc-10715-3-0\"  class=\"panel-grid-cell\" ><div id=\"panel-10715-3-0-0\" class=\"so-panel widget widget_sow-editor panel-first-child panel-last-child\" data-index=\"4\" ><div class=\"panel-widget-style panel-widget-style-for-10715-3-0-0\" ><div\n\t\t\t\n\t\t\tclass=\"so-widget-sow-editor so-widget-sow-editor-base\"\n\t\t\t\n\t\t><h3 class=\"widget-title\">Weitere Infos zur Mission Glasfaser der SWO Netz<\/h3>\n<div class=\"siteorigin-widget-tinymce textwidget\">\n\t<p>Alle Informationen zum Glasfaserausbau in Osnabr\u00fcck findet ihr unter <a href=\"http:\/\/www.swo-netz.de\/missionglasraser\" target=\"_blank\" rel=\"noopener\">www.swo-netz.de\/missionglasfaser<\/a><\/p>\n<\/div>\n<\/div><\/div><\/div><\/div><\/div><\/div>","protected":false},"excerpt":{"rendered":"<p>Es geht los: Der fl\u00e4chendeckende Glasfaserausbau in Osnabr\u00fcck ist gestartet. Seit Kurzem hei\u00dft es in den Gebieten vordere W\u00fcste und Sch\u00f6lerberg immer h\u00e4ufiger: Wir bauen hier f\u00fcr die Mission Glasfaser! Doch der Glasfaserausbau unterscheidet sich in dem ein oder anderen Punkt von sonstigen Bauma\u00dfnahme der SWO Netz. Wir erkl\u00e4ren, warum&#8230;<\/p>\n","protected":false},"author":3,"featured_media":10721,"comment_status":"open","ping_status":"closed","sticky":false,"template":"","format":"standard","meta":{"footnotes":""},"categories":[100],"tags":[612,9,125,381],"class_list":["post-10715","post","type-post","status-publish","format-standard","has-post-thumbnail","hentry","category-zoom","tag-glasfaser","tag-osnabrueck","tag-swo-netz","tag-versorgung"],"aioseo_notices":[],"_links":{"self":[{"href":"https:\/\/www.stadtwerke-osnabrueck.de\/blog\/wp-json\/wp\/v2\/posts\/10715","targetHints":{"allow":["GET"]}}],"collection":[{"href":"https:\/\/www.stadtwerke-osnabrueck.de\/blog\/wp-json\/wp\/v2\/posts"}],"about":[{"href":"https:\/\/www.stadtwerke-osnabrueck.de\/blog\/wp-json\/wp\/v2\/types\/post"}],"author":[{"embeddable":true,"href":"https:\/\/www.stadtwerke-osnabrueck.de\/blog\/wp-json\/wp\/v2\/users\/3"}],"replies":[{"embeddable":true,"href":"https:\/\/www.stadtwerke-osnabrueck.de\/blog\/wp-json\/wp\/v2\/comments?post=10715"}],"version-history":[{"count":0,"href":"https:\/\/www.stadtwerke-osnabrueck.de\/blog\/wp-json\/wp\/v2\/posts\/10715\/revisions"}],"wp:featuredmedia":[{"embeddable":true,"href":"https:\/\/www.stadtwerke-osnabrueck.de\/blog\/wp-json\/wp\/v2\/media\/10721"}],"wp:attachment":[{"href":"https:\/\/www.stadtwerke-osnabrueck.de\/blog\/wp-json\/wp\/v2\/media?parent=10715"}],"wp:term":[{"taxonomy":"category","embeddable":true,"href":"https:\/\/www.stadtwerke-osnabrueck.de\/blog\/wp-json\/wp\/v2\/categories?post=10715"},{"taxonomy":"post_tag","embeddable":true,"href":"https:\/\/www.stadtwerke-osnabrueck.de\/blog\/wp-json\/wp\/v2\/tags?post=10715"}],"curies":[{"name":"wp","href":"https:\/\/api.w.org\/{rel}","templated":true}]}}