{"id":10342,"date":"2021-09-15T13:32:08","date_gmt":"2021-09-15T11:32:08","guid":{"rendered":"https:\/\/www.stadtwerke-osnabrueck.de\/blog\/?p=10342"},"modified":"2022-10-18T13:48:02","modified_gmt":"2022-10-18T11:48:02","slug":"selbstbestimmt-wohnen-in-der-eversheide","status":"publish","type":"post","link":"https:\/\/www.stadtwerke-osnabrueck.de\/blog\/2021\/09\/15\/selbstbestimmt-wohnen-in-der-eversheide\/","title":{"rendered":"Selbstbestimmt Wohnen in der Eversheide"},"content":{"rendered":"<div id=\"pl-10342\"  class=\"panel-layout\" ><div id=\"pg-10342-0\"  class=\"panel-grid panel-no-style\" ><div id=\"pgc-10342-0-0\"  class=\"panel-grid-cell\" ><div id=\"panel-10342-0-0-0\" class=\"so-panel widget widget_sow-headline panel-first-child panel-last-child\" data-index=\"0\" ><div\n\t\t\t\n\t\t\tclass=\"so-widget-sow-headline so-widget-sow-headline-default-eb58c90b4a68-10342\"\n\t\t\t\n\t\t><div class=\"sow-headline-container \">\n\t\t\t\t\t\t\t<h2 class=\"sow-headline\">\n\t\t\t\t\t\tWie die WiO junge behinderte Menschen mit passendem Wohnraum unterst\u00fctzt\t\t\t\t\t\t<\/h2>\n\t\t\t\t\t\t\t\t\t\t\t<div class=\"decoration\">\n\t\t\t\t\t\t<div class=\"decoration-inside\"><\/div>\n\t\t\t\t\t<\/div>\n\t\t\t\t\t<\/div>\n<\/div><\/div><\/div><\/div><div id=\"pg-10342-1\"  class=\"panel-grid panel-no-style\" ><div id=\"pgc-10342-1-0\"  class=\"panel-grid-cell\" ><div id=\"panel-10342-1-0-0\" class=\"so-panel widget widget_sow-editor panel-first-child panel-last-child\" data-index=\"1\" ><div\n\t\t\t\n\t\t\tclass=\"so-widget-sow-editor so-widget-sow-editor-base\"\n\t\t\t\n\t\t>\n<div class=\"siteorigin-widget-tinymce textwidget\">\n\t<p><strong>Es ist in vielerlei Hinsicht ein Vorzeigeprojekt der noch jungen <a href=\"https:\/\/www.stadtwerke-osnabrueck.de\/wohnen\/wio-wohnen-in-osnabrueck\">kommunalen Wohnungsgesellschaft WiO<\/a>: die Gro\u00dfe Eversheide am s\u00fcdlichen Rand des Eversburger Friedhofes. Vier Mehrfamilienh\u00e4user mit Platz f\u00fcr rund 145 Wohnungen will die WiO hier in den kommenden gut drei Jahren errichten. Darunter auch Wohnungen f\u00fcr junge Erwachsene mit hohem Unterst\u00fctzungs- und Pflegebedarf. Bei der Planung dieser Selbstbestimmten Wohngemeinschaften (kurz: SBWG) kooperiert die WiO mit der Lebenshilfe Osnabr\u00fcck.<\/strong><\/p>\n<p>Claudia Meyer ist Leiterin der Lebenshilfe-Gesch\u00e4ftsstelle und Expertin zum Thema Wohnen f\u00fcr behinderte Menschen. Die \u201chier\u201d hat mir ihr \u00fcber Selbstbestimmte Wohngemeinschaften gesprochen.<\/p>\n<p>&nbsp;<\/p>\n<\/div>\n<\/div><\/div><\/div><\/div><div id=\"pg-10342-2\"  class=\"panel-grid panel-no-style\" ><div id=\"pgc-10342-2-0\"  class=\"panel-grid-cell\" ><div id=\"panel-10342-2-0-0\" class=\"so-panel widget widget_sow-editor panel-first-child panel-last-child\" data-index=\"2\" ><div\n\t\t\t\n\t\t\tclass=\"so-widget-sow-editor so-widget-sow-editor-base\"\n\t\t\t\n\t\t>\n<div class=\"siteorigin-widget-tinymce textwidget\">\n\t<p><strong><img decoding=\"async\" class=\"alignleft wp-image-10346 size-thumbnail\" src=\"https:\/\/www.stadtwerke-osnabrueck.de\/blog\/wp-content\/uploads\/2021\/10\/364_Lebenshilfe_OS_Claudia_Meyer-360x360.jpg\" alt=\"\" width=\"360\" height=\"360\" \/>\u2666 Redaktion: Frau Meyer, was versteht man unter einer SBWG?<\/strong><\/p>\n<p><strong>Claudia Meyer: <\/strong>Selbstbestimmte Wohngemeinschaften sind eine moderne und innovative Erg\u00e4nzung zu den klassischen Wohnangeboten \u2013 wie das Wohnheim oder die ambulant erbrachten Unterst\u00fctzungsleistungen in einer eigenen Wohnung. In einer Selbstbestimmten Wohngemeinschaft finden sich behinderte Menschen zusammen, die gemeinsam wohnen wollen. Jede Person erh\u00e4lt daf\u00fcr individuelle Unterst\u00fctzung, damit ein gemeinschaftliches Wohnen m\u00f6glich wird.<\/p>\n<p>Das Leben ist wie in einer WG: Jede Person ist Mieter und hat ihr eigenes Zimmer als R\u00fcckzugsort. Daneben gibt es gemeinschaftlich genutzte R\u00e4ume wie K\u00fcche und Wohnzimmer. Der Fokus liegt auf Selbstbestimmung und Teilhabe: Alle Pflege- und Unterst\u00fctzungsleistungen k\u00f6nnen individuell und gemeinschaftlich beauftragt und in Anspruch genommen werden (\u201cPoolen\u201d). Au\u00dferdem k\u00f6nnen die Mieterinnen und Mieter selbst \u00fcber die allt\u00e4glichen Abl\u00e4ufe in der WG entscheiden und dar\u00fcber bestimmen.<\/p>\n<p><strong><br \/>\n\u2666 Redaktion: Warum sind solche Selbstbestimmten Wohngemeinschaften aktuell so nachgefragt?<\/strong><\/p>\n<p><strong>Claudia Meyer:<\/strong> Es findet derzeit ein enormer Wandel statt. Das sp\u00fcren wir auch in unserer Beratung. Behinderte Menschen und deren Familienangeh\u00f6rigen stellen sich viel fr\u00fcher und bewusster die Frage: Wo und wie werde ich bzw. mein Kind k\u00fcnftig leben? Noch vor einigen Jahren war der Weg vorgezeichnet: Behinderte Menschen blieben in der elterlichen h\u00e4uslichen Umgebung oder zogen ins Heim. Es gab kaum andere Wohnangebote. Heute treffen wir auf engagierte Eltern, die neue und innovative Wohnm\u00f6glichkeiten f\u00fcr ihre heranwachsenden oder auch l\u00e4ngst erwachsenen behinderten Kinder suchen. Und das ist gro\u00dfartig!<\/p>\n<p><strong>\u2666 Redaktion: Wie unterst\u00fctzt die Lebenshilfe die behinderten Menschen und ihre Angeh\u00f6rigen dabei?<\/strong><\/p>\n<p><strong>Claudia Meyer:<\/strong> Indem wir beraten und netzwerken. Als Selbsthilfeverein bringen wir die Familien zusammen, begleiten den Austausch untereinander, informieren \u2013 und unterst\u00fctzen an den Stellen, wo es erforderlich und sinnvoll ist. Wie zum Beispiel bei der geplanten Selbstbestimmten Wohngemeinschaft in der Gro\u00dfen Eversheide.<\/p>\n<p><strong>\u2666 Redaktion: Welche Rolle nimmt die Lebenshilfe denn bei diesem Projekt konkret ein?<\/strong><\/p>\n<p><strong>Claudia Meyer:<\/strong> Mit dem Wissen, dass der Bedarf an innovativen Wohnm\u00f6glichkeiten f\u00fcr junge behinderte Menschen gro\u00df ist, sind wir proaktiv an die WiO herangetreten \u2013 und zwar mit einem Vorschlag, der sich in Osnabr\u00fcck bereits bew\u00e4hrt hat. Am Sedanplatz in Osnabr\u00fcck gibt es bereits seit Ende 2019 eine wunderbar funktionierende Selbstbestimmte Wohngemeinschaft, in der sechs junge M\u00e4nner mit Unterst\u00fctzungsbedarf zusammenleben. Das Konstrukt dahinter: Wir als Lebenshilfe sind der Ankermieter der gesamten Wohnung und vermieten den Wohnraum an die sechs Bewohner unter.<\/p>\n<p><img decoding=\"async\" class=\"alignnone wp-image-10349 size-full\" src=\"https:\/\/www.stadtwerke-osnabrueck.de\/blog\/wp-content\/uploads\/2021\/10\/Logo-Lebenshilfe.png\" alt=\"\" width=\"473\" height=\"107\" \/><\/p>\n<p>Das ist f\u00fcr beide Seiten von Vorteil: Der Eigent\u00fcmer hat mit uns lediglich einen Ansprechpartner, der dauerhafte Mieteinnahmen garantiert. Die interessierten zuk\u00fcnftigen Mieterinnen und Mieter bekommen wiederum wertvolle Unterst\u00fctzung bei der Suche und Miete eines geeigneten Wohnraums f\u00fcr eine SBWG.<\/p>\n<p><strong>\u2666 Redaktion: S<\/strong><strong>oll dies<\/strong><strong>es Konstrukt auch auf die S<\/strong><strong>elbstbestimmte Wohngemeinschaft in der Eversheide \u00fcbertragen werden?<\/strong><\/p>\n<p><strong>Claudia Meyer: <\/strong>Ja \u2013 und wir sind der WiO f\u00fcr die Offenheit und wunderbare Zusammenarbeit sehr dankbar. Es ist beeindruckend, mit welch hohem Engagement die WiO-Verantwortlichen unseren Vorschlag nicht nur aufgenommen, sondern mit uns gemeinsam vorangetrieben haben. Mit dieser Unterst\u00fctzung bin ich zuversichtlich, dass noch weitere SBWGs in Wohnprojekten der WiO entstehen werden. Der Bedarf ist jedenfalls vorhanden \u2013 und die Kompetenz und der Wille bei der WiO auch.<\/p>\n<\/div>\n<\/div><\/div><\/div><\/div><div id=\"pg-10342-3\"  class=\"panel-grid panel-no-style\" ><div id=\"pgc-10342-3-0\"  class=\"panel-grid-cell\" ><div id=\"panel-10342-3-0-0\" class=\"so-panel widget widget_sow-editor panel-first-child panel-last-child\" data-index=\"3\" ><div class=\"panel-widget-style panel-widget-style-for-10342-3-0-0\" ><div\n\t\t\t\n\t\t\tclass=\"so-widget-sow-editor so-widget-sow-editor-base\"\n\t\t\t\n\t\t>\n<div class=\"siteorigin-widget-tinymce textwidget\">\n\t<p><strong>Zur Person:<\/strong><\/p>\n<p>Claudia Meyer ist Leiterin der Gesch\u00e4ftsstelle sowie der EUTB-Beratungsstelle der Lebenshilfe Osnabr\u00fcck. Sie ist Diplom-Heilp\u00e4dagogin und Moderatorin in Pers\u00f6nlicher Zukunftsplanung, ausgebildet in Biografiearbeit und mit langj\u00e4hriger Beratungserfahrung im Bereich Wohnen von Menschen mit Lernschwierigkeiten.<\/p>\n<p><strong>Lebenshilfe Osnabr\u00fcck e.V.<\/strong><\/p>\n<p>Die Lebenshilfe Osnabr\u00fcck e.V. besteht seit 1963 und versteht sich als Selbsthilfevereinigung f\u00fcr behinderte Menschen und deren Angeh\u00f6rige. Zu den Angeboten z\u00e4hlen u.a. die Betreuung durch den Familienentlastenden Dienst (FED), die erg\u00e4nzende unabh\u00e4ngige Teilhabeberatung (EUTB) sowie die Informations- und Netzwerkarbeit f\u00fcr mehr Teilhabe und Inklusion. Mehr Informationen unter <a href=\"http:\/\/www.lebenshilfe-osnabrueck.de\">www.lebenshilfe-osnabrueck.de<\/a>.<\/p>\n<\/div>\n<\/div><\/div><\/div><\/div><\/div><\/div>","protected":false},"excerpt":{"rendered":"<p>Es ist in vielerlei Hinsicht ein Vorzeigeprojekt der noch jungen kommunalen Wohnungsgesellschaft WiO: die Gro\u00dfe Eversheide am s\u00fcdlichen Rand des Eversburger Friedhofes. Vier Mehrfamilienh\u00e4user mit Platz f\u00fcr rund 145 Wohnungen will die WiO hier in den kommenden gut drei Jahren errichten. Darunter auch Wohnungen f\u00fcr junge Erwachsene mit hohem Unterst\u00fctzungs- und Pflegebedarf. Bei der Planung [&hellip;]<\/p>\n","protected":false},"author":4,"featured_media":10343,"comment_status":"open","ping_status":"closed","sticky":false,"template":"","format":"standard","meta":{"footnotes":""},"categories":[1,101],"tags":[9,645,579],"class_list":["post-10342","post","type-post","status-publish","format-standard","has-post-thumbnail","hentry","category-allgemein","category-hautnah","tag-osnabrueck","tag-vielfalt","tag-wohnen"],"aioseo_notices":[],"_links":{"self":[{"href":"https:\/\/www.stadtwerke-osnabrueck.de\/blog\/wp-json\/wp\/v2\/posts\/10342","targetHints":{"allow":["GET"]}}],"collection":[{"href":"https:\/\/www.stadtwerke-osnabrueck.de\/blog\/wp-json\/wp\/v2\/posts"}],"about":[{"href":"https:\/\/www.stadtwerke-osnabrueck.de\/blog\/wp-json\/wp\/v2\/types\/post"}],"author":[{"embeddable":true,"href":"https:\/\/www.stadtwerke-osnabrueck.de\/blog\/wp-json\/wp\/v2\/users\/4"}],"replies":[{"embeddable":true,"href":"https:\/\/www.stadtwerke-osnabrueck.de\/blog\/wp-json\/wp\/v2\/comments?post=10342"}],"version-history":[{"count":0,"href":"https:\/\/www.stadtwerke-osnabrueck.de\/blog\/wp-json\/wp\/v2\/posts\/10342\/revisions"}],"wp:featuredmedia":[{"embeddable":true,"href":"https:\/\/www.stadtwerke-osnabrueck.de\/blog\/wp-json\/wp\/v2\/media\/10343"}],"wp:attachment":[{"href":"https:\/\/www.stadtwerke-osnabrueck.de\/blog\/wp-json\/wp\/v2\/media?parent=10342"}],"wp:term":[{"taxonomy":"category","embeddable":true,"href":"https:\/\/www.stadtwerke-osnabrueck.de\/blog\/wp-json\/wp\/v2\/categories?post=10342"},{"taxonomy":"post_tag","embeddable":true,"href":"https:\/\/www.stadtwerke-osnabrueck.de\/blog\/wp-json\/wp\/v2\/tags?post=10342"}],"curies":[{"name":"wp","href":"https:\/\/api.w.org\/{rel}","templated":true}]}}