{"id":1032,"date":"2016-04-03T11:50:24","date_gmt":"2016-04-03T09:50:24","guid":{"rendered":"https:\/\/www.stadtwerke-osnabrueck.de\/blog\/?p=1032"},"modified":"2025-05-15T09:08:44","modified_gmt":"2025-05-15T07:08:44","slug":"osnabruecker-hafen-100-jahre-jubilaeum","status":"publish","type":"post","link":"https:\/\/www.stadtwerke-osnabrueck.de\/blog\/2016\/04\/03\/osnabruecker-hafen-100-jahre-jubilaeum\/","title":{"rendered":"Unser Osnabr\u00fccker Hafen wird 100 Jahre"},"content":{"rendered":"<div id=\"pl-1032\"  class=\"panel-layout\" ><div id=\"pg-1032-0\"  class=\"panel-grid panel-no-style\" ><div id=\"pgc-1032-0-0\"  class=\"panel-grid-cell\" ><div id=\"panel-1032-0-0-0\" class=\"so-panel widget widget_sow-editor panel-first-child\" data-index=\"0\" ><div\n\t\t\t\n\t\t\tclass=\"so-widget-sow-editor so-widget-sow-editor-base\"\n\t\t\t\n\t\t>\n<div class=\"siteorigin-widget-tinymce textwidget\">\n\t<h2>Die Geschichte des Hafenbaus<\/h2>\n<p>G\u00e4nzlich unspektakul\u00e4r ging es zu, als am 3. April 1916, mittags um 12 Uhr, der Schleppkahn \u201eMinden 52\u201c in den <a href=\"https:\/\/www.stadtwerke-osnabrueck.de\/geschaeftskunden\/eisenbahn-hafen\/hafen-osnabrueck\" target=\"_blank\" rel=\"noopener noreferrer\">Osnabr\u00fccker Hafen<\/a> einlief und sich einige M\u00e4nner wenig sp\u00e4ter daran machten die Ladung zu l\u00f6schen. Das Binnenschiff war mit 475 Tonnen Hafer von Bremen \u00fcber Minden gekommen und sein Eintreffen gilt bis heute als offizielle Er\u00f6ffnung des Jahrhundertbauwerks. Angesichts des qu\u00e4lend langwierigen Verfahrens, schwer zu ertragender Kompromisse und eines erheblichen finanziellen Aufwands, darf man wohl annehmen, dass die Osnabr\u00fccker sich die Inbetriebnahme \u201eihres\u201c Hafens anders vorgestellt hatten.<\/p>\n<\/div>\n<\/div><\/div><div id=\"panel-1032-0-0-1\" class=\"so-panel widget widget_sow-editor\" data-index=\"1\" ><div\n\t\t\t\n\t\t\tclass=\"so-widget-sow-editor so-widget-sow-editor-base\"\n\t\t\t\n\t\t>\n<div class=\"siteorigin-widget-tinymce textwidget\">\n\t<div id=\"attachment_1049\" style=\"width: 760px\" class=\"wp-caption alignleft\"><a href=\"https:\/\/www.stadtwerke-osnabrueck.de\/blog\/wp-content\/uploads\/2016\/04\/schleppkahn-minden-52.jpg\" rel=\"lightbox\"><img aria-describedby=\"caption-attachment-1049\" decoding=\"async\" class=\"wp-image-1049 size-medium\" src=\"https:\/\/www.stadtwerke-osnabrueck.de\/blog\/wp-content\/uploads\/2016\/04\/schleppkahn-minden-52-750x532.jpg\" alt=\"Der Schleppkahn \u201eMinden 52\u201c Hafen Osnabr\u00fcck\" width=\"750\" height=\"532\" srcset=\"https:\/\/www.stadtwerke-osnabrueck.de\/blog\/wp-content\/uploads\/2016\/04\/schleppkahn-minden-52-750x532.jpg 750w, https:\/\/www.stadtwerke-osnabrueck.de\/blog\/wp-content\/uploads\/2016\/04\/schleppkahn-minden-52-768x544.jpg 768w, https:\/\/www.stadtwerke-osnabrueck.de\/blog\/wp-content\/uploads\/2016\/04\/schleppkahn-minden-52.jpg 855w\" sizes=\"(max-width: 750px) 100vw, 750px\" \/><\/a><p id=\"caption-attachment-1049\" class=\"wp-caption-text\">Der Schleppkahn \u201eMinden 52\u201c am 3. April 1916 im Osnabr\u00fccker Hafen. (Bild Medienzentrum Osnabr\u00fcck)<\/p><\/div>\n<\/div>\n<\/div><\/div><div id=\"panel-1032-0-0-2\" class=\"so-panel widget widget_sow-editor\" data-index=\"2\" ><div\n\t\t\t\n\t\t\tclass=\"so-widget-sow-editor so-widget-sow-editor-base\"\n\t\t\t\n\t\t><h3 class=\"widget-title\">\u00bbEinfallstor f\u00fcr billige Getreideimporte\u00ab<\/h3>\n<div class=\"siteorigin-widget-tinymce textwidget\">\n\t<p>Bereits der Entscheidung zum Bau des Mittellandkanals waren erbitterte politische Auseinandersetzungen vorausgegangen. Der Kanal, dessen Realisierung sich Wilhelm II auf die Fahnen geschrieben hatte, sollte das rheinisch-westf\u00e4lische Industrierevier mit dem Osten Deutschlands und der Hauptstadt Berlin verbinden. Doch was f\u00fcr den deutschen Kaiser ein modernes Infrastrukturprojekt von nationaler Bedeutung war, sahen adelige ostelbische Agrarproduzenten als Einfalltor f\u00fcr billige Getreideimporte nach Mittel- und Ostdeutschland. Unterst\u00fctzt vom einflussreichen \u201eBund der Landwirte\u201c gelang es den Gro\u00dfgrundbesitzern zahlreiche Politiker auf ihre Seite zu ziehen. Die Folge war, dass Abgeordnete der Konservativen und des Zentrums am 16. August 1899 im preu\u00dfischen Abgeordnetenhaus mehrheitlich gegen das Kanalbauprojekt stimmten.<\/p>\n<\/div>\n<\/div><\/div><div id=\"panel-1032-0-0-3\" class=\"so-panel widget widget_sow-editor\" data-index=\"3\" ><div\n\t\t\t\n\t\t\tclass=\"so-widget-sow-editor so-widget-sow-editor-base\"\n\t\t\t\n\t\t><h3 class=\"widget-title\">Kanalgegner unter den Abgeordneten<\/h3>\n<div class=\"siteorigin-widget-tinymce textwidget\">\n\t<div id=\"attachment_1050\" style=\"width: 429px\" class=\"wp-caption alignright\"><a href=\"https:\/\/www.stadtwerke-osnabrueck.de\/blog\/wp-content\/uploads\/2016\/04\/wachsbleiche.jpg\" rel=\"lightbox\"><img aria-describedby=\"caption-attachment-1050\" decoding=\"async\" class=\"wp-image-1050\" src=\"https:\/\/www.stadtwerke-osnabrueck.de\/blog\/wp-content\/uploads\/2016\/04\/wachsbleiche-750x535.jpg\" alt=\"Wachsbleiche Hafen Osnabr\u00fcck\" width=\"419\" height=\"299\" srcset=\"https:\/\/www.stadtwerke-osnabrueck.de\/blog\/wp-content\/uploads\/2016\/04\/wachsbleiche-750x535.jpg 750w, https:\/\/www.stadtwerke-osnabrueck.de\/blog\/wp-content\/uploads\/2016\/04\/wachsbleiche-768x548.jpg 768w, https:\/\/www.stadtwerke-osnabrueck.de\/blog\/wp-content\/uploads\/2016\/04\/wachsbleiche.jpg 961w\" sizes=\"(max-width: 419px) 100vw, 419px\" \/><\/a><p id=\"caption-attachment-1050\" class=\"wp-caption-text\">Die alte Wachsbleiche an der Hase mit dem Zugang von der Bramscher Stra\u00dfe; infolge der Flussbegradigung verschwand dieser idyllische Ort.<br \/> (Fotograf: Rudolf Lichtenberg, 1911, Museum Industriekultur Osnabr\u00fcck)<\/p><\/div>\n<p>In Osnabr\u00fcck l\u00f6ste die Nachricht Best\u00fcrzung aus und der Jahresbericht der hiesigen Handelskammer vermerkte: \u201eWir k\u00f6nnten es daher nur als Ungl\u00fcck bezeichnen, wenn die bei der bisherigen Beratung der Mittellandkanal-Vorlage seitens der Widersacher derselben betriebene Verhetzung weitere Kreise z\u00f6ge.\u201c Wilhelm II, der die Zustimmung zum Kanalprojekt zu einer Frage der Loyalit\u00e4t gemacht hatte, trug sich mit dem Gedanken, das Parlament aufzul\u00f6sen. Schlie\u00dflich wurden 18 Landr\u00e4te und zwei Regierungspr\u00e4sidenten in den einstweiligen Ruhestand versetzt, die als Abgeordnete gegen das Kanalbauprojekt gestimmt hatten. Die Gegner des Kanalprojektes, von derartigen Ma\u00dfnahmen wenig beeindruckt, lehnten 1901 auch die zweite Kanalvorlage ab, obwohl diese weitgehende Zugest\u00e4ndnisse enthielt. Nach diesem neuerlichen Scheitern und aufgrund von Differenzen mit Wilhelm II in Fragen des Kanalbaus, musste Johannes Miquel, Oberb\u00fcrgermeister von Osnabr\u00fcck in den Jahren 1865-1870 und 1876-1880, und seit 1890 preu\u00dfischer Finanzminister, im Mai 1901 den Hut nehmen.<\/p>\n<\/div>\n<\/div><\/div><div id=\"panel-1032-0-0-4\" class=\"so-panel widget widget_sow-editor\" data-index=\"4\" ><div\n\t\t\t\n\t\t\tclass=\"so-widget-sow-editor so-widget-sow-editor-base\"\n\t\t\t\n\t\t><h3 class=\"widget-title\">Zwei Schleusen und 14,5 Kilometer Stichkanal<\/h3>\n<div class=\"siteorigin-widget-tinymce textwidget\">\n\t<p>Erst mit der Verabschiedung des preu\u00dfischen Wasserstra\u00dfengesetzes am 1. April 1905 konnte unter der Bezeichnung \u201eEms-Weser-Kanal\u201c das Projekt in Angriff genommen werden. Allerdings wurde \u2013 entgegen der eigentlichen Zweckbestimmung \u2013 der Kanal nur bis zum Misburger Hafen bei Hannover gebaut, die Kanalgegner hatten sich durchgesetzt.<br \/>\nDer erste Abschnitt des Mittellandkanals, der Abzweig vom Dortmund-Ems-Kanal bei Bergesh\u00f6vede bis Minden, wurde 1915 fertiggestellt. Jahre zuvor hatten die Arbeiten am 14,5 Kilometer langen Stichkanal begonnen, der den Osnabr\u00fccker Hafen mit dem Mittellandkanal bei Bramsche verbinden sollte. Da der Wasserspiegel des Mittellandkanals bei + 50,30 m NN lag, dessen H\u00f6he im Stadthafen aber + 59,80 m betrug, war der H\u00f6henunterschied mithilfe zweier Schleusen zu \u00fcberwinden. Zw\u00f6lf der insgesamt 14,5 Kilometer des Stichkanals erstellte das Osnabr\u00fccker Unternehmen Gebr\u00fcder Echterhoff mithilfe von hunderten Arbeitern, Dampflokomobilen, Feldbahnen und Eimerkettenbaggern. <\/p>\n<\/div>\n<\/div><\/div><div id=\"panel-1032-0-0-5\" class=\"so-panel widget widget_sow-editor\" data-index=\"5\" ><div\n\t\t\t\n\t\t\tclass=\"so-widget-sow-editor so-widget-sow-editor-base\"\n\t\t\t\n\t\t><h3 class=\"widget-title\">Die Bauarbeiten beginnen <\/h3>\n<div class=\"siteorigin-widget-tinymce textwidget\">\n\t<p>Mit der Verlegung der Flussl\u00e4ufe von Hase und Nette begannen 1912 die Arbeiten am Osnabr\u00fccker Hafen. Es folgten das Ausheben des Hafenbeckens und die \u201eAufh\u00f6hung\u201c des in der Haseniederung gelegenen Hafengel\u00e4ndes, Arbeiten, bei denen die Firma Echterhoff rund zwei Millionen Kubikmeter Erde zu bewegen hatte. Obwohl zun\u00e4chst gr\u00f6\u00dfer geplant, entstand nur ein Hafenbecken von 880 Meter L\u00e4nge, das f\u00fcr den Umschlag auf beiden Seiten Gleisanschl\u00fcsse erhielt. Am 1. November 1915 konnte die Hafenbahn offiziell in Betrieb genommen werden. <\/p>\n<\/div>\n<\/div><\/div><div id=\"panel-1032-0-0-6\" class=\"so-panel widget widget_sow-editor\" data-index=\"6\" ><div\n\t\t\t\n\t\t\tclass=\"so-widget-sow-editor so-widget-sow-editor-base\"\n\t\t\t\n\t\t>\n<div class=\"siteorigin-widget-tinymce textwidget\">\n\t<div id=\"attachment_1051\" style=\"width: 363px\" class=\"wp-caption alignleft\"><a href=\"https:\/\/www.stadtwerke-osnabrueck.de\/blog\/wp-content\/uploads\/2016\/04\/bau-des-hafenbeckens.jpg\" rel=\"lightbox\"><img aria-describedby=\"caption-attachment-1051\" decoding=\"async\" class=\"wp-image-1051\" src=\"https:\/\/www.stadtwerke-osnabrueck.de\/blog\/wp-content\/uploads\/2016\/04\/bau-des-hafenbeckens-750x553.jpg\" alt=\"Bau des Hafenbeckens Hafen Osnabr\u00fcck\" width=\"353\" height=\"260\" srcset=\"https:\/\/www.stadtwerke-osnabrueck.de\/blog\/wp-content\/uploads\/2016\/04\/bau-des-hafenbeckens-750x553.jpg 750w, https:\/\/www.stadtwerke-osnabrueck.de\/blog\/wp-content\/uploads\/2016\/04\/bau-des-hafenbeckens-768x567.jpg 768w, https:\/\/www.stadtwerke-osnabrueck.de\/blog\/wp-content\/uploads\/2016\/04\/bau-des-hafenbeckens.jpg 850w\" sizes=\"(max-width: 353px) 100vw, 353px\" \/><\/a><p id=\"caption-attachment-1051\" class=\"wp-caption-text\">Bau des Hafenbeckens. Links ist die Ausbuchtung f\u00fcr das Wendebecken zu sehen.<br \/> (Fotograf: Rudolf Lichtenberg, 1912\/13, Museum Industriekultur Osnabr\u00fcck)<\/p><\/div>\n<p>Mit diesen Arbeiten ging ein ausgedehnter Stra\u00dfenbau einher, der sich nicht auf die unmittelbar f\u00fcr den Hafen neu anzulegenden Stra\u00dfen beschr\u00e4nkte, er umfasste auch die Anbindung des neuen Gewerbegebietes an das vorhandene Stra\u00dfensystem. Bis 1915 waren an Baukosten rund 2,7 Millionen Reichsmark aufgewendet worden, die Gesamtausgaben beliefen sich 1922 auf 6 Millionen. Die Summe von 2 Millionen, die f\u00fcr das Anlegen des Hafens urspr\u00fcnglich veranschlagt worden war, hatte sich demnach enorm erh\u00f6ht, wobei der im August 1914 ausgebrochene Erste Weltkrieg zur Kostensteigerung nicht unerheblich beitrug.<\/p>\n<\/div>\n<\/div><\/div><div id=\"panel-1032-0-0-7\" class=\"so-panel widget widget_sow-editor\" data-index=\"7\" ><div\n\t\t\t\n\t\t\tclass=\"so-widget-sow-editor so-widget-sow-editor-base\"\n\t\t\t\n\t\t>\n<div class=\"siteorigin-widget-tinymce textwidget\">\n\t<p>Als der von einem Dampfschlepper gezogene Lastkahn \u201eMinden 52\u201c in den Hafen einlief, war der gr\u00f6\u00dfte Teil der Anlage fertiggestellt, darunter eine lange Reihe von Holzschuppen und ein massives Speichergeb\u00e4ude am n\u00f6rdlichen Ladeufer. F\u00fcr den Umschlag standen zwei Gleise der Hafenbahn und ein elektrischer Portal-Drehkran zur Verf\u00fcgung, der am 3. April 1916 die erste Ladung in S\u00e4cken und mittels einer Palette aus dem Schiff hob. Am n\u00e4chsten Tag schrieb dar\u00fcber das Osnabr\u00fccker Tageblatt: \u201eEin wichtiger Tag ist mit R\u00fccksicht auf die Zeitlage in aller Stille vergangen, der es wert ist, in die Annalen der Stadt Osnabr\u00fcck vermerkt zu werden.\u201c Zumindest ein Fotograf hatte die Bedeutung dieses Moments erkannt und ihn auf die Platte gebannt, die es heute noch gibt.<\/p>\n<\/div>\n<\/div><\/div><div id=\"panel-1032-0-0-8\" class=\"so-panel widget widget_sow-editor\" data-index=\"8\" ><div class=\"hafen-gallery panel-widget-style panel-widget-style-for-1032-0-0-8\" ><div\n\t\t\t\n\t\t\tclass=\"so-widget-sow-editor so-widget-sow-editor-base\"\n\t\t\t\n\t\t>\n<div class=\"siteorigin-widget-tinymce textwidget\">\n\t\n\t\t<style type=\"text\/css\">\n\t\t\t#gallery-1 {\n\t\t\t\tmargin: auto;\n\t\t\t}\n\t\t\t#gallery-1 .gallery-item {\n\t\t\t\tfloat: left;\n\t\t\t\tmargin-top: 10px;\n\t\t\t\ttext-align: center;\n\t\t\t\twidth: 50%;\n\t\t\t}\n\t\t\t#gallery-1 img {\n\t\t\t\tborder: 2px solid #cfcfcf;\n\t\t\t}\n\t\t\t#gallery-1 .gallery-caption {\n\t\t\t\tmargin-left: 0;\n\t\t\t}\n\t\t\t\/* see gallery_shortcode() in wp-includes\/media.php *\/\n\t\t<\/style>\n\t\t<div id='gallery-1' class='gallery galleryid-1032 gallery-columns-2 gallery-size-thumbnail'><dl class='gallery-item'>\n\t\t\t<dt class='gallery-icon landscape'>\n\t\t\t\t<a href='https:\/\/www.stadtwerke-osnabrueck.de\/blog\/wp-content\/uploads\/2016\/04\/binnenschiff.jpg' rel=\"lightbox\"><img decoding=\"async\" width=\"360\" height=\"360\" src=\"https:\/\/www.stadtwerke-osnabrueck.de\/blog\/wp-content\/uploads\/2016\/04\/binnenschiff-360x360.jpg\" class=\"attachment-thumbnail size-thumbnail\" alt=\"Binnenschiff Hafen Osnabr\u00fcck\" aria-describedby=\"gallery-1-1047\" \/><\/a>\n\t\t\t<\/dt>\n\t\t\t\t<dd class='wp-caption-text gallery-caption' id='gallery-1-1047'>\n\t\t\t\tLebhafter Umschlag im Osnabr\u00fccker Hafen. Im Hintergrund links sind die Ladekr\u00e4ne zu sehen, mit denen per Binnenschiff angeliefertes Erz f\u00fcr die Georgsmarienh\u00fctte verladen wurde. Um 1925.\n\t\t\t\t<\/dd><\/dl><dl class='gallery-item'>\n\t\t\t<dt class='gallery-icon landscape'>\n\t\t\t\t<a href='https:\/\/www.stadtwerke-osnabrueck.de\/blog\/wp-content\/uploads\/2016\/04\/hafenbahn.jpg' rel=\"lightbox\"><img decoding=\"async\" width=\"360\" height=\"360\" src=\"https:\/\/www.stadtwerke-osnabrueck.de\/blog\/wp-content\/uploads\/2016\/04\/hafenbahn-360x360.jpg\" class=\"attachment-thumbnail size-thumbnail\" alt=\"Hafenbahn Hafen Osnabr\u00fcck\" aria-describedby=\"gallery-1-1043\" \/><\/a>\n\t\t\t<\/dt>\n\t\t\t\t<dd class='wp-caption-text gallery-caption' id='gallery-1-1043'>\n\t\t\t\tDie Aufnahme von Rudolf Lichtenberg entstand im M\u00e4rz 1920 und zeigt die Br\u00fccke \u00fcber die Hase an der Wachsbleiche, die im Verlauf der Hafenbahn gebaut werden musste. Um die Gleise des Hafenbahnhofes an das etwa 5m h\u00f6her gelegene Gleisnetz der Staatsbahn anschlie\u00dfen zu k\u00f6nnen, war zuvor eine Rampe mit einem Gef\u00e4lle von 1:75 zwischen Wachsbleiche und Hasetorbr\u00fccke angelegt worden. Die Hafenbahn fuhr seit dem 1. November 1915. Zun\u00e4chst kamen geliehene Dampfloks der Staatsbahn zum Einsatz, die aber f\u00fcr den Rangierbetrieb nicht geeignet waren. 1918 schaffte die Hafenverwaltung die erste eigene Lok an. Es war eine Akku-Lok der AEG, die hier beim Rangieren aufgenommen wurde. Um 1918.\n\t\t\t\t<\/dd><\/dl><br style=\"clear: both\" \/><dl class='gallery-item'>\n\t\t\t<dt class='gallery-icon landscape'>\n\t\t\t\t<a href='https:\/\/www.stadtwerke-osnabrueck.de\/blog\/wp-content\/uploads\/2016\/04\/akkumulatorenlokomotive.jpg' rel=\"lightbox\"><img decoding=\"async\" width=\"360\" height=\"360\" src=\"https:\/\/www.stadtwerke-osnabrueck.de\/blog\/wp-content\/uploads\/2016\/04\/akkumulatorenlokomotive-360x360.jpg\" class=\"attachment-thumbnail size-thumbnail\" alt=\"Akkumulatorenlokomotive Hafen Osnabr\u00fcck\" aria-describedby=\"gallery-1-1046\" \/><\/a>\n\t\t\t<\/dt>\n\t\t\t\t<dd class='wp-caption-text gallery-caption' id='gallery-1-1046'>\n\t\t\t\tDie Aufnahme von Rudolf Lichtenberg zeigt eine Ansicht des Osnabr\u00fccker Stadthafens mit der Akkumulatorenlokomotive der Hafenverwaltung. Im Hintergrund ist das Geb\u00e4ude der Osnabr\u00fccker Lagerhausgesellschaft zu sehen. 1920.\n\t\t\t\t<\/dd><\/dl><dl class='gallery-item'>\n\t\t\t<dt class='gallery-icon landscape'>\n\t\t\t\t<a href='https:\/\/www.stadtwerke-osnabrueck.de\/blog\/wp-content\/uploads\/2016\/04\/erzverladekraene.jpg' rel=\"lightbox\"><img decoding=\"async\" width=\"360\" height=\"360\" src=\"https:\/\/www.stadtwerke-osnabrueck.de\/blog\/wp-content\/uploads\/2016\/04\/erzverladekraene-360x360.jpg\" class=\"attachment-thumbnail size-thumbnail\" alt=\"Erzverladekraene Hafen Osnabr\u00fcck\" aria-describedby=\"gallery-1-1044\" \/><\/a>\n\t\t\t<\/dt>\n\t\t\t\t<dd class='wp-caption-text gallery-caption' id='gallery-1-1044'>\n\t\t\t\tErzverladekr\u00e4ne. Rechts stehen \u201eK\u00fcbelwagen\u201c bereit, die mit dem angelieferten Erz gef\u00fcllt wurden. Mit den Wagen konnten auf der Georgsmarienh\u00fctte die Hoch\u00f6fen beschickt werden. 1935.\n\t\t\t\t<\/dd><\/dl><br style=\"clear: both\" \/><dl class='gallery-item'>\n\t\t\t<dt class='gallery-icon landscape'>\n\t\t\t\t<a href='https:\/\/www.stadtwerke-osnabrueck.de\/blog\/wp-content\/uploads\/2016\/04\/ausflugsboote.jpg' rel=\"lightbox\"><img decoding=\"async\" width=\"360\" height=\"360\" src=\"https:\/\/www.stadtwerke-osnabrueck.de\/blog\/wp-content\/uploads\/2016\/04\/ausflugsboote-360x360.jpg\" class=\"attachment-thumbnail size-thumbnail\" alt=\"Ausflugsboote Hafen Osnabr\u00fcck\" aria-describedby=\"gallery-1-1045\" \/><\/a>\n\t\t\t<\/dt>\n\t\t\t\t<dd class='wp-caption-text gallery-caption' id='gallery-1-1045'>\n\t\t\t\tDiese Aufnahme zeigt eine ganz besondere Szenerie des Osnabr\u00fccker Hafens. Sind auf sonstigen Fotografien durchweg K\u00e4hne, Dampflokomotiven, Portalkr\u00e4ne und Industrieanlagen zu sehen, bewegen sich hier auch zwei Ausflugsboote im Hafenbecken. In ihnen sitzen Kinder wie Erwachsene und genie\u00dfen das Wetter und den Ausblick in Richtung Osnabr\u00fccker Innenstadt. Damals war hier sogar noch das Schwimmen erlaubt. Um 1920.\n\t\t\t\t<\/dd><\/dl><dl class='gallery-item'>\n\t\t\t<dt class='gallery-icon landscape'>\n\t\t\t\t<a href='https:\/\/www.stadtwerke-osnabrueck.de\/blog\/wp-content\/uploads\/2016\/04\/schleuse-haste.jpg' rel=\"lightbox\"><img decoding=\"async\" width=\"360\" height=\"360\" src=\"https:\/\/www.stadtwerke-osnabrueck.de\/blog\/wp-content\/uploads\/2016\/04\/schleuse-haste-360x360.jpg\" class=\"attachment-thumbnail size-thumbnail\" alt=\"Schleuse Haste\" aria-describedby=\"gallery-1-1048\" \/><\/a>\n\t\t\t<\/dt>\n\t\t\t\t<dd class='wp-caption-text gallery-caption' id='gallery-1-1048'>\n\t\t\t\tSchleuse Haste. Da der Wasserspiegel des Mittellandkanals bei + 50,30 m NN lag, dessen H\u00f6he im Stadthafen aber + 59,80 m betrug, war der H\u00f6henunterschied im Verlauf des Osnabr\u00fccker Stichkanals mithilfe zweier Schleusen zu \u00fcberwinden. Um 1915.\n\t\t\t\t<\/dd><\/dl><br style=\"clear: both\" \/>\n\t\t<\/div>\n\n<\/div>\n<\/div><\/div><\/div><div id=\"panel-1032-0-0-9\" class=\"so-panel widget widget_sow-editor\" data-index=\"9\" ><div\n\t\t\t\n\t\t\tclass=\"so-widget-sow-editor so-widget-sow-editor-base\"\n\t\t\t\n\t\t>\n<div class=\"siteorigin-widget-tinymce textwidget\">\n\t<div class=\"lyte-wrapper\" title=\"100 Jahre Hafen Osnabr&uuml;ck: Die Geschichte des Hafenbaus\" style=\"width:853px;max-width:100%;margin:5px;\"><div class=\"lyMe\" id=\"WYL_2X2Qy9axtBY\" itemprop=\"video\" itemscope itemtype=\"https:\/\/schema.org\/VideoObject\"><div><meta itemprop=\"thumbnailUrl\" content=\"https:\/\/i.ytimg.com\/vi\/2X2Qy9axtBY\/hqdefault.jpg\" \/><meta itemprop=\"embedURL\" content=\"https:\/\/www.youtube.com\/embed\/2X2Qy9axtBY\" \/><meta itemprop=\"duration\" content=\"PT3M7S\" \/><meta itemprop=\"uploadDate\" content=\"2016-11-17T13:56:15Z\" \/><\/div><div id=\"lyte_2X2Qy9axtBY\" data-src=\"https:\/\/i.ytimg.com\/vi\/2X2Qy9axtBY\/hqdefault.jpg\" class=\"pL\"><div class=\"tC\"><div class=\"tT\" itemprop=\"name\">100 Jahre Hafen Osnabr\u00fcck: Die Geschichte des Hafenbaus<\/div><\/div><div class=\"play\"><\/div><div class=\"ctrl\"><div class=\"Lctrl\"><\/div><div class=\"Rctrl\"><\/div><\/div><\/div><noscript><a href=\"https:\/\/youtu.be\/2X2Qy9axtBY\" rel=\"nofollow\"><img decoding=\"async\" src=\"https:\/\/i.ytimg.com\/vi\/2X2Qy9axtBY\/0.jpg\" rel=\"lightbox\" alt=\"100 Jahre Hafen Osnabr&uuml;ck: Die Geschichte des Hafenbaus\" width=\"853\" height=\"460\" \/><br \/>Dieses Video auf YouTube ansehen<\/a><\/noscript><meta itemprop=\"description\" content=\"Am 3. April 1916 lief der von einem Dampfschlepper gezogene Lastkahn \u201eMinden 52\u201c in den Hafen Osnabr\u00fcck ein. Der Hafen hatte dadurch ganz unspektakul\u00e4r seinen Betrieb aufgenommen. Mehr unter: https:\/\/www.stadtwerke-osnabrueck.de\/blog\/2016\/04\/03\/osnabruecker-hafen-100-jahre-jubilaeum\/\"><\/div><\/div><div class=\"lL\" style=\"max-width:100%;width:853px;margin:5px;\"><\/div><\/p>\n<\/div>\n<\/div><\/div><div id=\"panel-1032-0-0-10\" class=\"so-panel widget widget_sow-editor\" data-index=\"10\" ><div\n\t\t\t\n\t\t\tclass=\"so-widget-sow-editor so-widget-sow-editor-base\"\n\t\t\t\n\t\t><h3 class=\"widget-title\">Tipp: <\/h3>\n<div class=\"siteorigin-widget-tinymce textwidget\">\n\t<p>In der Dauerausstellung zeigt das <a href=\"https:\/\/mik-osnabrueck.de\/\" target=\"_blank\" rel=\"noopener\">Museum f\u00fcr Industriekultur<\/a> im Haseschachtgeb\u00e4ude eine kleine Fotoausstellung zum Hafenjubil\u00e4um. Es handelt sich dabei um eine kleine Auswahl aus dem Fotobestand, den das Museum Industriekultur zum Thema Osnabr\u00fccker Hafen besitzt.<\/p>\n<\/div>\n<\/div><\/div><div id=\"panel-1032-0-0-11\" class=\"so-panel widget widget_sow-editor\" data-index=\"11\" ><div\n\t\t\t\n\t\t\tclass=\"so-widget-sow-editor so-widget-sow-editor-base\"\n\t\t\t\n\t\t>\n<div class=\"siteorigin-widget-tinymce textwidget\">\n\t<p>Noch mehr Lust auf  Wissen. Dann lohnt ein Blick in die neue Ausgabe des Magazins Osnabr\u00fcck Wissen. Dort wird zum Beispiel der Frage nachgegangen \u201eWo schlagen die Osnabr\u00fccker um?\u201c<\/p>\n<\/div>\n<\/div><\/div><div id=\"panel-1032-0-0-12\" class=\"so-panel widget widget_text\" data-index=\"12\" >\t\t\t<div class=\"textwidget\"><iframe loading=\"lazy\" width=\"620px\" height=\"573px\" src=\"https:\/\/www.yumpu.com\/de\/embed\/view\/Cq3lIs1rpeMcn9dG\" frameborder=\"0\" allowfullscreen=\"true\"  allowtransparency=\"true\"><\/iframe><\/div>\n\t\t<\/div><div id=\"panel-1032-0-0-13\" class=\"so-panel widget widget_sow-image panel-last-child\" data-index=\"13\" ><div\n\t\t\t\n\t\t\tclass=\"so-widget-sow-image so-widget-sow-image-default-8b5b6f678277-1032\"\n\t\t\t\n\t\t><\/div><\/div><\/div><\/div><\/div>","protected":false},"excerpt":{"rendered":"<p>Die Geschichte des Hafenbaus G\u00e4nzlich unspektakul\u00e4r ging es zu, als am 3. April 1916, mittags um 12 Uhr, der Schleppkahn \u201eMinden 52\u201c in den Osnabr\u00fccker Hafen einlief und sich einige M\u00e4nner wenig sp\u00e4ter daran machten die Ladung zu l\u00f6schen. Das Binnenschiff war mit 475 Tonnen Hafer von Bremen \u00fcber Minden gekommen und sein Eintreffen gilt [&hellip;]<\/p>\n","protected":false},"author":4,"featured_media":1052,"comment_status":"open","ping_status":"closed","sticky":false,"template":"","format":"standard","meta":{"footnotes":""},"categories":[98],"tags":[152,44,9],"class_list":["post-1032","post","type-post","status-publish","format-standard","has-post-thumbnail","hentry","category-naehkaestchen","tag-hafen","tag-historie","tag-osnabrueck"],"aioseo_notices":[],"_links":{"self":[{"href":"https:\/\/www.stadtwerke-osnabrueck.de\/blog\/wp-json\/wp\/v2\/posts\/1032","targetHints":{"allow":["GET"]}}],"collection":[{"href":"https:\/\/www.stadtwerke-osnabrueck.de\/blog\/wp-json\/wp\/v2\/posts"}],"about":[{"href":"https:\/\/www.stadtwerke-osnabrueck.de\/blog\/wp-json\/wp\/v2\/types\/post"}],"author":[{"embeddable":true,"href":"https:\/\/www.stadtwerke-osnabrueck.de\/blog\/wp-json\/wp\/v2\/users\/4"}],"replies":[{"embeddable":true,"href":"https:\/\/www.stadtwerke-osnabrueck.de\/blog\/wp-json\/wp\/v2\/comments?post=1032"}],"version-history":[{"count":3,"href":"https:\/\/www.stadtwerke-osnabrueck.de\/blog\/wp-json\/wp\/v2\/posts\/1032\/revisions"}],"predecessor-version":[{"id":13749,"href":"https:\/\/www.stadtwerke-osnabrueck.de\/blog\/wp-json\/wp\/v2\/posts\/1032\/revisions\/13749"}],"wp:featuredmedia":[{"embeddable":true,"href":"https:\/\/www.stadtwerke-osnabrueck.de\/blog\/wp-json\/wp\/v2\/media\/1052"}],"wp:attachment":[{"href":"https:\/\/www.stadtwerke-osnabrueck.de\/blog\/wp-json\/wp\/v2\/media?parent=1032"}],"wp:term":[{"taxonomy":"category","embeddable":true,"href":"https:\/\/www.stadtwerke-osnabrueck.de\/blog\/wp-json\/wp\/v2\/categories?post=1032"},{"taxonomy":"post_tag","embeddable":true,"href":"https:\/\/www.stadtwerke-osnabrueck.de\/blog\/wp-json\/wp\/v2\/tags?post=1032"}],"curies":[{"name":"wp","href":"https:\/\/api.w.org\/{rel}","templated":true}]}}